{"id":16159,"date":"2024-12-19T10:09:44","date_gmt":"2024-12-19T10:09:44","guid":{"rendered":"https:\/\/cgsbaleares.com\/?p=16159"},"modified":"2025-03-24T17:08:34","modified_gmt":"2025-03-24T17:08:34","slug":"nueva-edicion-del-concurso-de-christmas-nadal-2024","status":"publish","type":"post","link":"http:\/\/cgsbaleares.com\/ca\/nueva-edicion-del-concurso-de-christmas-nadal-2024\/","title":{"rendered":"Nova edici\u00f3 del concurs de \u201cChristmas Nadal 2024\u201d"},"content":{"rendered":"<p>L\u2019Il\u00b7lustre Col\u00b7legi Oficial de Graduats Socials de les Illes Balears, a trav\u00e9s de la seva Comissi\u00f3 d\u2019Actes Socials i Esdeveniments, ha dut a terme una nova edici\u00f3 del concurs de dibuix \u201cChristmas Nadal 2024\u201d. Aquesta iniciativa, dirigida als descendents menors de 14 anys dels col\u00b7legiats \u2013independentment del seu \u00e0mbit de col\u00b7legiaci\u00f3\u2013, t\u00e9 l\u2019objectiu de fomentar la participaci\u00f3 i el sentiment de pertinen\u00e7a del col\u00b7lectiu, aix\u00ed com de promoure la creativitat i la il\u00b7lusi\u00f3 pr\u00f2pia d\u2019aquestes dates.<\/p>\n<p>Els joves participants han gaudit de plena llibertat tem\u00e0tica, sempre amb una refer\u00e8ncia a l\u2019\u00e0mbit nadalenc. A m\u00e9s, el jurat ha prestat especial atenci\u00f3 a aquelles creacions que reflectissin, d\u2019alguna manera, la tasca i el comprom\u00eds de la professi\u00f3 del Graduat Social. Com en edicions anteriors, totes les obres presentades s\u2019han exposat a la seu del Col\u00b7legi, permetent a col\u00b7legiats, familiars i visitants gaudir de les creacions art\u00edstiques i valorar el talent de les noves generacions.<\/p>\n<p>El jurat ha atorgat el Primer Premi a l\u2019obra presentada sota el pseud\u00f2nim \u201cSocram\u201d, pertanyent a Marcos Campos D\u00edaz, d\u201911 anys. El dibuix ser\u00e0 utilitzat pel Col\u00b7legi per felicitar el Nadal i l\u2019Any Nou 2025 a tots els col\u00b7legiats, els col\u00b7legis provincials, les Administracions P\u00fabliques i les autoritats auton\u00f2miques.<\/p>\n<p>El Segon Premi ha recaigut en Toni Maties Pic\u00f3, mentre que el Tercer Premi ha estat per a Tom\u00e1s Vives, qui no va poder assistir a l\u2019acte de lliurament. Tots els participants han rebut un obsequi pel seu esfor\u00e7 i dedicaci\u00f3: el guanyador ha estat guardonat amb una tauleta, el segon i el tercer classificat amb material escolar, i la resta de participants han rebut un detall adequat a la seva edat.<\/p>\n<p>El lliurament de premis va tenir lloc dimecres 18 de desembre i va comptar amb la pres\u00e8ncia de la presidenta del Col\u00b7legi, Merc\u00e8 Garc\u00eda; la vicepresidenta, Adela Soriano; el secretari general, Daniel Ruiz; i la vocal, Esther Blanc. Tamb\u00e9 van estar presents els participants i els seus familiars, entre ells Marcos i David Campos, Manuel i Toni Maties Pic\u00f3, aix\u00ed com Esteve Pic\u00f3<\/p>\n<p>Des de l\u2019Il\u00b7lustre Col\u00b7legi Oficial de Graduats Socials de les Illes Balears volem felicitar els infants que han participat en aquesta iniciativa, tot agraint-los el seu entusiasme, creativitat i esfor\u00e7.<\/p>\n","protected":false},"excerpt":{"rendered":"<p>L\u2019Il\u00b7lustre Col\u00b7legi Oficial de Graduats Socials de les Illes Balears, a trav\u00e9s de la seva Comissi\u00f3 d\u2019Actes Socials i Esdeveniments, ha dut a terme una nova edici\u00f3 del concurs de dibuix \u201cChristmas Nadal 2024\u201d. Aquesta iniciativa, dirigida als descendents menors de 14 anys dels col\u00b7legiats \u2013independentment del seu \u00e0mbit de col\u00b7legiaci\u00f3\u2013, t\u00e9 l\u2019objectiu de fomentar [&hellip;]<\/p>\n","protected":false},"author":1,"featured_media":15866,"comment_status":"closed","ping_status":"open","sticky":false,"template":"","format":"standard","meta":{"_monsterinsights_skip_tracking":false,"_monsterinsights_sitenote_active":false,"_monsterinsights_sitenote_note":"","_monsterinsights_sitenote_category":0,"_uf_show_specific_survey":0,"_uf_disable_surveys":false,"_jet_sm_ready_style":"","_jet_sm_style":"","_jet_sm_controls_values":"","_jet_sm_fonts_collection":"","_jet_sm_fonts_links":"","footnotes":""},"categories":[315],"tags":[],"class_list":["post-16159","post","type-post","status-publish","format-standard","has-post-thumbnail","hentry","category-nadal"],"desde":null,"hasta":null,"texto_circular":null,"hora_envio":null,"texto_ciruclar":null,"texto-circular":null,"asunto_circular":null,"documentos":null,"lugar_del_evento":null,"texto_fechas_":null,"envio_circular":null,"enviar_newsletter":null,"fecha_envio":null,"estado_envio":null,"destinatarios":null,"demarcaciones":null,"pendiente":null,"yoast_head":"<!-- This site is optimized with the Yoast SEO plugin v27.5 - https:\/\/yoast.com\/product\/yoast-seo-wordpress\/ -->\n<title>Nova edici\u00f3 del concurs de \u201cChristmas Nadal 2024\u201d - Il\u00b7lustre Col\u00b7legi Oficial de Graduats Socials de le Illes Balears<\/title>\n<meta name=\"robots\" content=\"index, follow, max-snippet:-1, max-image-preview:large, max-video-preview:-1\" \/>\n<link rel=\"canonical\" href=\"http:\/\/cgsbaleares.com\/ca\/nueva-edicion-del-concurso-de-christmas-nadal-2024\/\" \/>\n<meta property=\"og:locale\" content=\"ca_ES\" \/>\n<meta property=\"og:type\" content=\"article\" \/>\n<meta property=\"og:title\" content=\"Nova edici\u00f3 del concurs de \u201cChristmas Nadal 2024\u201d - Il\u00b7lustre Col\u00b7legi Oficial de Graduats Socials de le Illes Balears\" \/>\n<meta property=\"og:description\" content=\"L\u2019Il\u00b7lustre Col\u00b7legi Oficial de Graduats Socials de les Illes Balears, a trav\u00e9s de la seva Comissi\u00f3 d\u2019Actes Socials i Esdeveniments, ha dut a terme una nova edici\u00f3 del concurs de dibuix \u201cChristmas Nadal 2024\u201d. Aquesta iniciativa, dirigida als descendents menors de 14 anys dels col\u00b7legiats \u2013independentment del seu \u00e0mbit de col\u00b7legiaci\u00f3\u2013, t\u00e9 l\u2019objectiu de fomentar [&hellip;]\" \/>\n<meta property=\"og:url\" content=\"http:\/\/cgsbaleares.com\/ca\/nueva-edicion-del-concurso-de-christmas-nadal-2024\/\" \/>\n<meta property=\"og:site_name\" content=\"Il\u00b7lustre Col\u00b7legi Oficial de Graduats Socials de le Illes Balears\" \/>\n<meta property=\"article:publisher\" content=\"https:\/\/www.facebook.com\/graduadossocialesbaleares\" \/>\n<meta property=\"article:published_time\" content=\"2024-12-19T10:09:44+00:00\" \/>\n<meta property=\"article:modified_time\" content=\"2025-03-24T17:08:34+00:00\" \/>\n<meta property=\"og:image\" content=\"http:\/\/cgsbaleares.com\/wp-content\/uploads\/2025\/01\/fotopremioschirstmas.jpg\" \/>\n\t<meta property=\"og:image:width\" content=\"1900\" \/>\n\t<meta property=\"og:image:height\" content=\"1267\" \/>\n\t<meta property=\"og:image:type\" content=\"image\/jpeg\" \/>\n<meta name=\"author\" content=\"Toni Armella Rebasa\" \/>\n<meta name=\"twitter:card\" content=\"summary_large_image\" \/>\n<meta name=\"twitter:creator\" content=\"@cgsbaleares\" \/>\n<meta name=\"twitter:site\" content=\"@cgsbaleares\" \/>\n<meta name=\"twitter:label1\" content=\"Escrit per\" \/>\n\t<meta name=\"twitter:data1\" content=\"Toni Armella Rebasa\" \/>\n\t<meta name=\"twitter:label2\" content=\"Temps estimat de lectura\" \/>\n\t<meta name=\"twitter:data2\" content=\"2 minuts\" \/>\n<script type=\"application\/ld+json\" class=\"yoast-schema-graph\">{\"@context\":\"https:\\\/\\\/schema.org\",\"@graph\":[{\"@type\":\"Article\",\"@id\":\"http:\\\/\\\/cgsbaleares.com\\\/ca\\\/nueva-edicion-del-concurso-de-christmas-nadal-2024\\\/#article\",\"isPartOf\":{\"@id\":\"http:\\\/\\\/cgsbaleares.com\\\/ca\\\/nueva-edicion-del-concurso-de-christmas-nadal-2024\\\/\"},\"author\":{\"name\":\"Toni Armella Rebasa\",\"@id\":\"https:\\\/\\\/cgsbaleares.com\\\/ca\\\/#\\\/schema\\\/person\\\/1abc895e0c890cb9ca25fd69e9217130\"},\"headline\":\"Nova edici\u00f3 del concurs de \u201cChristmas Nadal 2024\u201d\",\"datePublished\":\"2024-12-19T10:09:44+00:00\",\"dateModified\":\"2025-03-24T17:08:34+00:00\",\"mainEntityOfPage\":{\"@id\":\"http:\\\/\\\/cgsbaleares.com\\\/ca\\\/nueva-edicion-del-concurso-de-christmas-nadal-2024\\\/\"},\"wordCount\":409,\"publisher\":{\"@id\":\"https:\\\/\\\/cgsbaleares.com\\\/ca\\\/#organization\"},\"image\":{\"@id\":\"http:\\\/\\\/cgsbaleares.com\\\/ca\\\/nueva-edicion-del-concurso-de-christmas-nadal-2024\\\/#primaryimage\"},\"thumbnailUrl\":\"http:\\\/\\\/cgsbaleares.com\\\/wp-content\\\/uploads\\\/2025\\\/01\\\/fotopremioschirstmas.jpg\",\"articleSection\":[\"Nadal\"],\"inLanguage\":\"ca\"},{\"@type\":\"WebPage\",\"@id\":\"http:\\\/\\\/cgsbaleares.com\\\/ca\\\/nueva-edicion-del-concurso-de-christmas-nadal-2024\\\/\",\"url\":\"http:\\\/\\\/cgsbaleares.com\\\/ca\\\/nueva-edicion-del-concurso-de-christmas-nadal-2024\\\/\",\"name\":\"Nova edici\u00f3 del concurs de \u201cChristmas Nadal 2024\u201d - Il\u00b7lustre Col\u00b7legi Oficial de Graduats Socials de le Illes Balears\",\"isPartOf\":{\"@id\":\"https:\\\/\\\/cgsbaleares.com\\\/ca\\\/#website\"},\"primaryImageOfPage\":{\"@id\":\"http:\\\/\\\/cgsbaleares.com\\\/ca\\\/nueva-edicion-del-concurso-de-christmas-nadal-2024\\\/#primaryimage\"},\"image\":{\"@id\":\"http:\\\/\\\/cgsbaleares.com\\\/ca\\\/nueva-edicion-del-concurso-de-christmas-nadal-2024\\\/#primaryimage\"},\"thumbnailUrl\":\"http:\\\/\\\/cgsbaleares.com\\\/wp-content\\\/uploads\\\/2025\\\/01\\\/fotopremioschirstmas.jpg\",\"datePublished\":\"2024-12-19T10:09:44+00:00\",\"dateModified\":\"2025-03-24T17:08:34+00:00\",\"breadcrumb\":{\"@id\":\"http:\\\/\\\/cgsbaleares.com\\\/ca\\\/nueva-edicion-del-concurso-de-christmas-nadal-2024\\\/#breadcrumb\"},\"inLanguage\":\"ca\",\"potentialAction\":[{\"@type\":\"ReadAction\",\"target\":[\"http:\\\/\\\/cgsbaleares.com\\\/ca\\\/nueva-edicion-del-concurso-de-christmas-nadal-2024\\\/\"]}]},{\"@type\":\"ImageObject\",\"inLanguage\":\"ca\",\"@id\":\"http:\\\/\\\/cgsbaleares.com\\\/ca\\\/nueva-edicion-del-concurso-de-christmas-nadal-2024\\\/#primaryimage\",\"url\":\"http:\\\/\\\/cgsbaleares.com\\\/wp-content\\\/uploads\\\/2025\\\/01\\\/fotopremioschirstmas.jpg\",\"contentUrl\":\"http:\\\/\\\/cgsbaleares.com\\\/wp-content\\\/uploads\\\/2025\\\/01\\\/fotopremioschirstmas.jpg\",\"width\":1900,\"height\":1267},{\"@type\":\"BreadcrumbList\",\"@id\":\"http:\\\/\\\/cgsbaleares.com\\\/ca\\\/nueva-edicion-del-concurso-de-christmas-nadal-2024\\\/#breadcrumb\",\"itemListElement\":[{\"@type\":\"ListItem\",\"position\":1,\"name\":\"Portada\",\"item\":\"https:\\\/\\\/cgsbaleares.com\\\/ca\\\/\"},{\"@type\":\"ListItem\",\"position\":2,\"name\":\"Nova edici\u00f3 del concurs de \u201cChristmas Nadal 2024\u201d\"}]},{\"@type\":\"WebSite\",\"@id\":\"https:\\\/\\\/cgsbaleares.com\\\/ca\\\/#website\",\"url\":\"https:\\\/\\\/cgsbaleares.com\\\/ca\\\/\",\"name\":\"Il\u00b7ustre Col\u00b7legi Oficial de Graduats Socials de le Illes Balears\",\"description\":\"Il\u00b7lustre Col\u00b7legi Oficial de Graduats Socials de les Illes Balears\",\"publisher\":{\"@id\":\"https:\\\/\\\/cgsbaleares.com\\\/ca\\\/#organization\"},\"potentialAction\":[{\"@type\":\"SearchAction\",\"target\":{\"@type\":\"EntryPoint\",\"urlTemplate\":\"https:\\\/\\\/cgsbaleares.com\\\/ca\\\/?s={search_term_string}\"},\"query-input\":{\"@type\":\"PropertyValueSpecification\",\"valueRequired\":true,\"valueName\":\"search_term_string\"}}],\"inLanguage\":\"ca\"},{\"@type\":\"Organization\",\"@id\":\"https:\\\/\\\/cgsbaleares.com\\\/ca\\\/#organization\",\"name\":\"Il\u00b7ustre Col\u00b7legi Oficial de Graduats Socials de le Illes Balears\",\"url\":\"https:\\\/\\\/cgsbaleares.com\\\/ca\\\/\",\"logo\":{\"@type\":\"ImageObject\",\"inLanguage\":\"ca\",\"@id\":\"https:\\\/\\\/cgsbaleares.com\\\/ca\\\/#\\\/schema\\\/logo\\\/image\\\/\",\"url\":\"http:\\\/\\\/cgsbaleares.com\\\/wp-content\\\/uploads\\\/2024\\\/08\\\/CGS_logo_baleares_500x152.png\",\"contentUrl\":\"http:\\\/\\\/cgsbaleares.com\\\/wp-content\\\/uploads\\\/2024\\\/08\\\/CGS_logo_baleares_500x152.png\",\"width\":500,\"height\":152,\"caption\":\"Il\u00b7ustre Col\u00b7legi Oficial de Graduats Socials de le Illes Balears\"},\"image\":{\"@id\":\"https:\\\/\\\/cgsbaleares.com\\\/ca\\\/#\\\/schema\\\/logo\\\/image\\\/\"},\"sameAs\":[\"https:\\\/\\\/www.facebook.com\\\/graduadossocialesbaleares\",\"https:\\\/\\\/x.com\\\/cgsbaleares\",\"https:\\\/\\\/www.instagram.com\\\/cgsbaleares\\\/\",\"https:\\\/\\\/www.linkedin.com\\\/company\\\/cgsbaleares\\\/\"]},{\"@type\":\"Person\",\"@id\":\"https:\\\/\\\/cgsbaleares.com\\\/ca\\\/#\\\/schema\\\/person\\\/1abc895e0c890cb9ca25fd69e9217130\",\"name\":\"Toni Armella Rebasa\",\"image\":{\"@type\":\"ImageObject\",\"inLanguage\":\"ca\",\"@id\":\"https:\\\/\\\/secure.gravatar.com\\\/avatar\\\/9a8ebaef2cc82a431790977211afa980e78f0d194c93d748b86baa0269aa9059?s=96&d=mm&r=g\",\"url\":\"https:\\\/\\\/secure.gravatar.com\\\/avatar\\\/9a8ebaef2cc82a431790977211afa980e78f0d194c93d748b86baa0269aa9059?s=96&d=mm&r=g\",\"contentUrl\":\"https:\\\/\\\/secure.gravatar.com\\\/avatar\\\/9a8ebaef2cc82a431790977211afa980e78f0d194c93d748b86baa0269aa9059?s=96&d=mm&r=g\",\"caption\":\"Toni Armella Rebasa\"},\"sameAs\":[\"http:\\\/\\\/cgsbaleares.com\"],\"url\":\"http:\\\/\\\/cgsbaleares.com\\\/ca\\\/colegiado\\\/toni-armella\\\/\"}]}<\/script>\n<!-- \/ Yoast SEO plugin. -->","yoast_head_json":{"title":"Nova edici\u00f3 del concurs de \u201cChristmas Nadal 2024\u201d - Il\u00b7lustre Col\u00b7legi Oficial de Graduats Socials de le Illes Balears","robots":{"index":"index","follow":"follow","max-snippet":"max-snippet:-1","max-image-preview":"max-image-preview:large","max-video-preview":"max-video-preview:-1"},"canonical":"http:\/\/cgsbaleares.com\/ca\/nueva-edicion-del-concurso-de-christmas-nadal-2024\/","og_locale":"ca_ES","og_type":"article","og_title":"Nova edici\u00f3 del concurs de \u201cChristmas Nadal 2024\u201d - Il\u00b7lustre Col\u00b7legi Oficial de Graduats Socials de le Illes Balears","og_description":"L\u2019Il\u00b7lustre Col\u00b7legi Oficial de Graduats Socials de les Illes Balears, a trav\u00e9s de la seva Comissi\u00f3 d\u2019Actes Socials i Esdeveniments, ha dut a terme una nova edici\u00f3 del concurs de dibuix \u201cChristmas Nadal 2024\u201d. Aquesta iniciativa, dirigida als descendents menors de 14 anys dels col\u00b7legiats \u2013independentment del seu \u00e0mbit de col\u00b7legiaci\u00f3\u2013, t\u00e9 l\u2019objectiu de fomentar [&hellip;]","og_url":"http:\/\/cgsbaleares.com\/ca\/nueva-edicion-del-concurso-de-christmas-nadal-2024\/","og_site_name":"Il\u00b7lustre Col\u00b7legi Oficial de Graduats Socials de le Illes Balears","article_publisher":"https:\/\/www.facebook.com\/graduadossocialesbaleares","article_published_time":"2024-12-19T10:09:44+00:00","article_modified_time":"2025-03-24T17:08:34+00:00","og_image":[{"width":1900,"height":1267,"url":"http:\/\/cgsbaleares.com\/wp-content\/uploads\/2025\/01\/fotopremioschirstmas.jpg","type":"image\/jpeg"}],"author":"Toni Armella Rebasa","twitter_card":"summary_large_image","twitter_creator":"@cgsbaleares","twitter_site":"@cgsbaleares","twitter_misc":{"Escrit per":"Toni Armella Rebasa","Temps estimat de lectura":"2 minuts"},"schema":{"@context":"https:\/\/schema.org","@graph":[{"@type":"Article","@id":"http:\/\/cgsbaleares.com\/ca\/nueva-edicion-del-concurso-de-christmas-nadal-2024\/#article","isPartOf":{"@id":"http:\/\/cgsbaleares.com\/ca\/nueva-edicion-del-concurso-de-christmas-nadal-2024\/"},"author":{"name":"Toni Armella Rebasa","@id":"https:\/\/cgsbaleares.com\/ca\/#\/schema\/person\/1abc895e0c890cb9ca25fd69e9217130"},"headline":"Nova edici\u00f3 del concurs de \u201cChristmas Nadal 2024\u201d","datePublished":"2024-12-19T10:09:44+00:00","dateModified":"2025-03-24T17:08:34+00:00","mainEntityOfPage":{"@id":"http:\/\/cgsbaleares.com\/ca\/nueva-edicion-del-concurso-de-christmas-nadal-2024\/"},"wordCount":409,"publisher":{"@id":"https:\/\/cgsbaleares.com\/ca\/#organization"},"image":{"@id":"http:\/\/cgsbaleares.com\/ca\/nueva-edicion-del-concurso-de-christmas-nadal-2024\/#primaryimage"},"thumbnailUrl":"http:\/\/cgsbaleares.com\/wp-content\/uploads\/2025\/01\/fotopremioschirstmas.jpg","articleSection":["Nadal"],"inLanguage":"ca"},{"@type":"WebPage","@id":"http:\/\/cgsbaleares.com\/ca\/nueva-edicion-del-concurso-de-christmas-nadal-2024\/","url":"http:\/\/cgsbaleares.com\/ca\/nueva-edicion-del-concurso-de-christmas-nadal-2024\/","name":"Nova edici\u00f3 del concurs de \u201cChristmas Nadal 2024\u201d - Il\u00b7lustre Col\u00b7legi Oficial de Graduats Socials de le Illes Balears","isPartOf":{"@id":"https:\/\/cgsbaleares.com\/ca\/#website"},"primaryImageOfPage":{"@id":"http:\/\/cgsbaleares.com\/ca\/nueva-edicion-del-concurso-de-christmas-nadal-2024\/#primaryimage"},"image":{"@id":"http:\/\/cgsbaleares.com\/ca\/nueva-edicion-del-concurso-de-christmas-nadal-2024\/#primaryimage"},"thumbnailUrl":"http:\/\/cgsbaleares.com\/wp-content\/uploads\/2025\/01\/fotopremioschirstmas.jpg","datePublished":"2024-12-19T10:09:44+00:00","dateModified":"2025-03-24T17:08:34+00:00","breadcrumb":{"@id":"http:\/\/cgsbaleares.com\/ca\/nueva-edicion-del-concurso-de-christmas-nadal-2024\/#breadcrumb"},"inLanguage":"ca","potentialAction":[{"@type":"ReadAction","target":["http:\/\/cgsbaleares.com\/ca\/nueva-edicion-del-concurso-de-christmas-nadal-2024\/"]}]},{"@type":"ImageObject","inLanguage":"ca","@id":"http:\/\/cgsbaleares.com\/ca\/nueva-edicion-del-concurso-de-christmas-nadal-2024\/#primaryimage","url":"http:\/\/cgsbaleares.com\/wp-content\/uploads\/2025\/01\/fotopremioschirstmas.jpg","contentUrl":"http:\/\/cgsbaleares.com\/wp-content\/uploads\/2025\/01\/fotopremioschirstmas.jpg","width":1900,"height":1267},{"@type":"BreadcrumbList","@id":"http:\/\/cgsbaleares.com\/ca\/nueva-edicion-del-concurso-de-christmas-nadal-2024\/#breadcrumb","itemListElement":[{"@type":"ListItem","position":1,"name":"Portada","item":"https:\/\/cgsbaleares.com\/ca\/"},{"@type":"ListItem","position":2,"name":"Nova edici\u00f3 del concurs de \u201cChristmas Nadal 2024\u201d"}]},{"@type":"WebSite","@id":"https:\/\/cgsbaleares.com\/ca\/#website","url":"https:\/\/cgsbaleares.com\/ca\/","name":"Il\u00b7ustre Col\u00b7legi Oficial de Graduats Socials de le Illes Balears","description":"Il\u00b7lustre Col\u00b7legi Oficial de Graduats Socials de les Illes Balears","publisher":{"@id":"https:\/\/cgsbaleares.com\/ca\/#organization"},"potentialAction":[{"@type":"SearchAction","target":{"@type":"EntryPoint","urlTemplate":"https:\/\/cgsbaleares.com\/ca\/?s={search_term_string}"},"query-input":{"@type":"PropertyValueSpecification","valueRequired":true,"valueName":"search_term_string"}}],"inLanguage":"ca"},{"@type":"Organization","@id":"https:\/\/cgsbaleares.com\/ca\/#organization","name":"Il\u00b7ustre Col\u00b7legi Oficial de Graduats Socials de le Illes Balears","url":"https:\/\/cgsbaleares.com\/ca\/","logo":{"@type":"ImageObject","inLanguage":"ca","@id":"https:\/\/cgsbaleares.com\/ca\/#\/schema\/logo\/image\/","url":"http:\/\/cgsbaleares.com\/wp-content\/uploads\/2024\/08\/CGS_logo_baleares_500x152.png","contentUrl":"http:\/\/cgsbaleares.com\/wp-content\/uploads\/2024\/08\/CGS_logo_baleares_500x152.png","width":500,"height":152,"caption":"Il\u00b7ustre Col\u00b7legi Oficial de Graduats Socials de le Illes Balears"},"image":{"@id":"https:\/\/cgsbaleares.com\/ca\/#\/schema\/logo\/image\/"},"sameAs":["https:\/\/www.facebook.com\/graduadossocialesbaleares","https:\/\/x.com\/cgsbaleares","https:\/\/www.instagram.com\/cgsbaleares\/","https:\/\/www.linkedin.com\/company\/cgsbaleares\/"]},{"@type":"Person","@id":"https:\/\/cgsbaleares.com\/ca\/#\/schema\/person\/1abc895e0c890cb9ca25fd69e9217130","name":"Toni Armella Rebasa","image":{"@type":"ImageObject","inLanguage":"ca","@id":"https:\/\/secure.gravatar.com\/avatar\/9a8ebaef2cc82a431790977211afa980e78f0d194c93d748b86baa0269aa9059?s=96&d=mm&r=g","url":"https:\/\/secure.gravatar.com\/avatar\/9a8ebaef2cc82a431790977211afa980e78f0d194c93d748b86baa0269aa9059?s=96&d=mm&r=g","contentUrl":"https:\/\/secure.gravatar.com\/avatar\/9a8ebaef2cc82a431790977211afa980e78f0d194c93d748b86baa0269aa9059?s=96&d=mm&r=g","caption":"Toni Armella Rebasa"},"sameAs":["http:\/\/cgsbaleares.com"],"url":"http:\/\/cgsbaleares.com\/ca\/colegiado\/toni-armella\/"}]}},"_links":{"self":[{"href":"http:\/\/cgsbaleares.com\/ca\/wp-json\/wp\/v2\/posts\/16159","targetHints":{"allow":["GET"]}}],"collection":[{"href":"http:\/\/cgsbaleares.com\/ca\/wp-json\/wp\/v2\/posts"}],"about":[{"href":"http:\/\/cgsbaleares.com\/ca\/wp-json\/wp\/v2\/types\/post"}],"author":[{"embeddable":true,"href":"http:\/\/cgsbaleares.com\/ca\/wp-json\/wp\/v2\/users\/1"}],"replies":[{"embeddable":true,"href":"http:\/\/cgsbaleares.com\/ca\/wp-json\/wp\/v2\/comments?post=16159"}],"version-history":[{"count":3,"href":"http:\/\/cgsbaleares.com\/ca\/wp-json\/wp\/v2\/posts\/16159\/revisions"}],"predecessor-version":[{"id":16186,"href":"http:\/\/cgsbaleares.com\/ca\/wp-json\/wp\/v2\/posts\/16159\/revisions\/16186"}],"wp:featuredmedia":[{"embeddable":true,"href":"http:\/\/cgsbaleares.com\/ca\/wp-json\/wp\/v2\/media\/15866"}],"wp:attachment":[{"href":"http:\/\/cgsbaleares.com\/ca\/wp-json\/wp\/v2\/media?parent=16159"}],"wp:term":[{"taxonomy":"category","embeddable":true,"href":"http:\/\/cgsbaleares.com\/ca\/wp-json\/wp\/v2\/categories?post=16159"},{"taxonomy":"post_tag","embeddable":true,"href":"http:\/\/cgsbaleares.com\/ca\/wp-json\/wp\/v2\/tags?post=16159"}],"curies":[{"name":"wp","href":"https:\/\/api.w.org\/{rel}","templated":true}]}}