{"id":16161,"date":"2024-12-09T02:06:14","date_gmt":"2024-12-09T02:06:14","guid":{"rendered":"https:\/\/cgsbaleares.com\/?p=16161"},"modified":"2025-03-24T17:08:40","modified_gmt":"2025-03-24T17:08:40","slug":"conferencia-el-uso-practico-de-la-ia-en-los-despachos-de-los-graduados-sociales","status":"publish","type":"post","link":"http:\/\/cgsbaleares.com\/ca\/conferencia-el-uso-practico-de-la-ia-en-los-despachos-de-los-graduados-sociales\/","title":{"rendered":"Confer\u00e8ncia: L\u2019\u00fas pr\u00e0ctic de la IA als despatxos dels Graduats Socials"},"content":{"rendered":"<p>El dimecres 4 de desembre, l\u2019Il\u00b7lustre Col\u00b7legi Oficial de Graduats Socials de les Illes Balears va acollir una nova confer\u00e8ncia dedicada a la intel\u00b7lig\u00e8ncia artificial i el seu \u00fas pr\u00e0ctic als despatxos laborals.<br \/>\nEn aquesta ocasi\u00f3, Jos\u00e9 Manuel Raya, graduat social i creador d\u2019ialaboral.com, la primera eina d\u2019IA especialitzada en Dret Laboral i Seguretat Social, va compartir una an\u00e0lisi pr\u00e0ctica per entendre com aquesta tecnologia pot integrar-se en la feina quotidiana dels graduats i graduades socials.<br \/>\nL\u2019acte, presentat per la presidenta del Col\u00b7legi, Merc\u00e8 Garc\u00eda, va tractar des de com formular les preguntes adequades per obtenir respostes precises, fins a exemples concrets d\u2019\u00fas en tasques comunes com la redacci\u00f3 de correus electr\u00f2nics, cl\u00e0usules o acords, aix\u00ed com la seva aplicaci\u00f3 en \u00e0mbits laborals, processals o en la comparaci\u00f3 de convenis col\u00b7lectius.<br \/>\nAquesta no \u00e9s la primera vegada que el Col\u00b7legi posa el focus en la intel\u00b7lig\u00e8ncia artificial, un tema recurrent a la seva agenda formativa, que reflecteix el seu comprom\u00eds amb la formaci\u00f3 cont\u00ednua i la modernitzaci\u00f3 del sector, promovent eines que millorin l\u2019efic\u00e0cia i la qualitat de la feina dels col\u00b7legiats i col\u00b7legiades.<br \/>\nLa confer\u00e8ncia va deixar clar que la intel\u00b7lig\u00e8ncia artificial no \u00e9s un substitut, sin\u00f3 un complement que permet als professionals guanyar temps i precisi\u00f3, optimitzant recursos i millorant la qualitat del servei.<\/p>\n","protected":false},"excerpt":{"rendered":"<p>El dimecres 4 de desembre, l\u2019Il\u00b7lustre Col\u00b7legi Oficial de Graduats Socials de les Illes Balears va acollir una nova confer\u00e8ncia dedicada a la intel\u00b7lig\u00e8ncia artificial i el seu \u00fas pr\u00e0ctic als despatxos laborals. En aquesta ocasi\u00f3, Jos\u00e9 Manuel Raya, graduat social i creador d\u2019ialaboral.com, la primera eina d\u2019IA especialitzada en Dret Laboral i Seguretat Social, [&hellip;]<\/p>\n","protected":false},"author":1,"featured_media":15858,"comment_status":"closed","ping_status":"open","sticky":false,"template":"","format":"standard","meta":{"_monsterinsights_skip_tracking":false,"_monsterinsights_sitenote_active":false,"_monsterinsights_sitenote_note":"","_monsterinsights_sitenote_category":0,"_uf_show_specific_survey":0,"_uf_disable_surveys":false,"_jet_sm_ready_style":"","_jet_sm_style":"","_jet_sm_controls_values":"","_jet_sm_fonts_collection":"","_jet_sm_fonts_links":"","footnotes":""},"categories":[317],"tags":[],"class_list":["post-16161","post","type-post","status-publish","format-standard","has-post-thumbnail","hentry","category-cursos-i-formacio"],"desde":null,"hasta":null,"texto_circular":null,"hora_envio":null,"texto_ciruclar":null,"texto-circular":null,"asunto_circular":null,"documentos":null,"lugar_del_evento":null,"texto_fechas_":null,"envio_circular":null,"enviar_newsletter":null,"fecha_envio":null,"estado_envio":null,"destinatarios":null,"demarcaciones":null,"pendiente":null,"yoast_head":"<!-- This site is optimized with the Yoast SEO plugin v27.5 - https:\/\/yoast.com\/product\/yoast-seo-wordpress\/ -->\n<title>Confer\u00e8ncia: L\u2019\u00fas pr\u00e0ctic de la IA als despatxos dels Graduats Socials - Il\u00b7lustre Col\u00b7legi Oficial de Graduats Socials de le Illes Balears<\/title>\n<meta name=\"robots\" content=\"index, follow, max-snippet:-1, max-image-preview:large, max-video-preview:-1\" \/>\n<link rel=\"canonical\" href=\"http:\/\/cgsbaleares.com\/ca\/conferencia-el-uso-practico-de-la-ia-en-los-despachos-de-los-graduados-sociales\/\" \/>\n<meta property=\"og:locale\" content=\"ca_ES\" \/>\n<meta property=\"og:type\" content=\"article\" \/>\n<meta property=\"og:title\" content=\"Confer\u00e8ncia: L\u2019\u00fas pr\u00e0ctic de la IA als despatxos dels Graduats Socials - Il\u00b7lustre Col\u00b7legi Oficial de Graduats Socials de le Illes Balears\" \/>\n<meta property=\"og:description\" content=\"El dimecres 4 de desembre, l\u2019Il\u00b7lustre Col\u00b7legi Oficial de Graduats Socials de les Illes Balears va acollir una nova confer\u00e8ncia dedicada a la intel\u00b7lig\u00e8ncia artificial i el seu \u00fas pr\u00e0ctic als despatxos laborals. En aquesta ocasi\u00f3, Jos\u00e9 Manuel Raya, graduat social i creador d\u2019ialaboral.com, la primera eina d\u2019IA especialitzada en Dret Laboral i Seguretat Social, [&hellip;]\" \/>\n<meta property=\"og:url\" content=\"http:\/\/cgsbaleares.com\/ca\/conferencia-el-uso-practico-de-la-ia-en-los-despachos-de-los-graduados-sociales\/\" \/>\n<meta property=\"og:site_name\" content=\"Il\u00b7lustre Col\u00b7legi Oficial de Graduats Socials de le Illes Balears\" \/>\n<meta property=\"article:publisher\" content=\"https:\/\/www.facebook.com\/graduadossocialesbaleares\" \/>\n<meta property=\"article:published_time\" content=\"2024-12-09T02:06:14+00:00\" \/>\n<meta property=\"article:modified_time\" content=\"2025-03-24T17:08:40+00:00\" \/>\n<meta property=\"og:image\" content=\"http:\/\/cgsbaleares.com\/wp-content\/uploads\/2025\/01\/confe-1.jpg\" \/>\n\t<meta property=\"og:image:width\" content=\"1900\" \/>\n\t<meta property=\"og:image:height\" content=\"1267\" \/>\n\t<meta property=\"og:image:type\" content=\"image\/jpeg\" \/>\n<meta name=\"author\" content=\"Toni Armella Rebasa\" \/>\n<meta name=\"twitter:card\" content=\"summary_large_image\" \/>\n<meta name=\"twitter:creator\" content=\"@cgsbaleares\" \/>\n<meta name=\"twitter:site\" content=\"@cgsbaleares\" \/>\n<meta name=\"twitter:label1\" content=\"Escrit per\" \/>\n\t<meta name=\"twitter:data1\" content=\"Toni Armella Rebasa\" \/>\n\t<meta name=\"twitter:label2\" content=\"Temps estimat de lectura\" \/>\n\t<meta name=\"twitter:data2\" content=\"1 minut\" \/>\n<script type=\"application\/ld+json\" class=\"yoast-schema-graph\">{\"@context\":\"https:\\\/\\\/schema.org\",\"@graph\":[{\"@type\":\"Article\",\"@id\":\"http:\\\/\\\/cgsbaleares.com\\\/ca\\\/conferencia-el-uso-practico-de-la-ia-en-los-despachos-de-los-graduados-sociales\\\/#article\",\"isPartOf\":{\"@id\":\"http:\\\/\\\/cgsbaleares.com\\\/ca\\\/conferencia-el-uso-practico-de-la-ia-en-los-despachos-de-los-graduados-sociales\\\/\"},\"author\":{\"name\":\"Toni Armella Rebasa\",\"@id\":\"http:\\\/\\\/cgsbaleares.com\\\/#\\\/schema\\\/person\\\/1abc895e0c890cb9ca25fd69e9217130\"},\"headline\":\"Confer\u00e8ncia: L\u2019\u00fas pr\u00e0ctic de la IA als despatxos dels Graduats Socials\",\"datePublished\":\"2024-12-09T02:06:14+00:00\",\"dateModified\":\"2025-03-24T17:08:40+00:00\",\"mainEntityOfPage\":{\"@id\":\"http:\\\/\\\/cgsbaleares.com\\\/ca\\\/conferencia-el-uso-practico-de-la-ia-en-los-despachos-de-los-graduados-sociales\\\/\"},\"wordCount\":260,\"publisher\":{\"@id\":\"http:\\\/\\\/cgsbaleares.com\\\/#organization\"},\"image\":{\"@id\":\"http:\\\/\\\/cgsbaleares.com\\\/ca\\\/conferencia-el-uso-practico-de-la-ia-en-los-despachos-de-los-graduados-sociales\\\/#primaryimage\"},\"thumbnailUrl\":\"http:\\\/\\\/cgsbaleares.com\\\/wp-content\\\/uploads\\\/2025\\\/01\\\/confe-1.jpg\",\"articleSection\":[\"Cursos i formaci\u00f3\"],\"inLanguage\":\"ca\"},{\"@type\":\"WebPage\",\"@id\":\"http:\\\/\\\/cgsbaleares.com\\\/ca\\\/conferencia-el-uso-practico-de-la-ia-en-los-despachos-de-los-graduados-sociales\\\/\",\"url\":\"http:\\\/\\\/cgsbaleares.com\\\/ca\\\/conferencia-el-uso-practico-de-la-ia-en-los-despachos-de-los-graduados-sociales\\\/\",\"name\":\"Confer\u00e8ncia: L\u2019\u00fas pr\u00e0ctic de la IA als despatxos dels Graduats Socials - Il\u00b7lustre Col\u00b7legi Oficial de Graduats Socials de le Illes Balears\",\"isPartOf\":{\"@id\":\"http:\\\/\\\/cgsbaleares.com\\\/#website\"},\"primaryImageOfPage\":{\"@id\":\"http:\\\/\\\/cgsbaleares.com\\\/ca\\\/conferencia-el-uso-practico-de-la-ia-en-los-despachos-de-los-graduados-sociales\\\/#primaryimage\"},\"image\":{\"@id\":\"http:\\\/\\\/cgsbaleares.com\\\/ca\\\/conferencia-el-uso-practico-de-la-ia-en-los-despachos-de-los-graduados-sociales\\\/#primaryimage\"},\"thumbnailUrl\":\"http:\\\/\\\/cgsbaleares.com\\\/wp-content\\\/uploads\\\/2025\\\/01\\\/confe-1.jpg\",\"datePublished\":\"2024-12-09T02:06:14+00:00\",\"dateModified\":\"2025-03-24T17:08:40+00:00\",\"breadcrumb\":{\"@id\":\"http:\\\/\\\/cgsbaleares.com\\\/ca\\\/conferencia-el-uso-practico-de-la-ia-en-los-despachos-de-los-graduados-sociales\\\/#breadcrumb\"},\"inLanguage\":\"ca\",\"potentialAction\":[{\"@type\":\"ReadAction\",\"target\":[\"http:\\\/\\\/cgsbaleares.com\\\/ca\\\/conferencia-el-uso-practico-de-la-ia-en-los-despachos-de-los-graduados-sociales\\\/\"]}]},{\"@type\":\"ImageObject\",\"inLanguage\":\"ca\",\"@id\":\"http:\\\/\\\/cgsbaleares.com\\\/ca\\\/conferencia-el-uso-practico-de-la-ia-en-los-despachos-de-los-graduados-sociales\\\/#primaryimage\",\"url\":\"http:\\\/\\\/cgsbaleares.com\\\/wp-content\\\/uploads\\\/2025\\\/01\\\/confe-1.jpg\",\"contentUrl\":\"http:\\\/\\\/cgsbaleares.com\\\/wp-content\\\/uploads\\\/2025\\\/01\\\/confe-1.jpg\",\"width\":1900,\"height\":1267},{\"@type\":\"BreadcrumbList\",\"@id\":\"http:\\\/\\\/cgsbaleares.com\\\/ca\\\/conferencia-el-uso-practico-de-la-ia-en-los-despachos-de-los-graduados-sociales\\\/#breadcrumb\",\"itemListElement\":[{\"@type\":\"ListItem\",\"position\":1,\"name\":\"Portada\",\"item\":\"http:\\\/\\\/cgsbaleares.com\\\/ca\\\/\"},{\"@type\":\"ListItem\",\"position\":2,\"name\":\"Confer\u00e8ncia: L\u2019\u00fas pr\u00e0ctic de la IA als despatxos dels Graduats Socials\"}]},{\"@type\":\"WebSite\",\"@id\":\"http:\\\/\\\/cgsbaleares.com\\\/#website\",\"url\":\"http:\\\/\\\/cgsbaleares.com\\\/\",\"name\":\"Il\u00b7ustre Col\u00b7legi Oficial de Graduats Socials de le Illes Balears\",\"description\":\"Il\u00b7lustre Col\u00b7legi Oficial de Graduats Socials de les Illes Balears\",\"publisher\":{\"@id\":\"http:\\\/\\\/cgsbaleares.com\\\/#organization\"},\"potentialAction\":[{\"@type\":\"SearchAction\",\"target\":{\"@type\":\"EntryPoint\",\"urlTemplate\":\"http:\\\/\\\/cgsbaleares.com\\\/?s={search_term_string}\"},\"query-input\":{\"@type\":\"PropertyValueSpecification\",\"valueRequired\":true,\"valueName\":\"search_term_string\"}}],\"inLanguage\":\"ca\"},{\"@type\":\"Organization\",\"@id\":\"http:\\\/\\\/cgsbaleares.com\\\/#organization\",\"name\":\"Il\u00b7ustre Col\u00b7legi Oficial de Graduats Socials de le Illes Balears\",\"url\":\"http:\\\/\\\/cgsbaleares.com\\\/\",\"logo\":{\"@type\":\"ImageObject\",\"inLanguage\":\"ca\",\"@id\":\"http:\\\/\\\/cgsbaleares.com\\\/#\\\/schema\\\/logo\\\/image\\\/\",\"url\":\"http:\\\/\\\/cgsbaleares.com\\\/wp-content\\\/uploads\\\/2024\\\/08\\\/CGS_logo_baleares_500x152.png\",\"contentUrl\":\"http:\\\/\\\/cgsbaleares.com\\\/wp-content\\\/uploads\\\/2024\\\/08\\\/CGS_logo_baleares_500x152.png\",\"width\":500,\"height\":152,\"caption\":\"Il\u00b7ustre Col\u00b7legi Oficial de Graduats Socials de le Illes Balears\"},\"image\":{\"@id\":\"http:\\\/\\\/cgsbaleares.com\\\/#\\\/schema\\\/logo\\\/image\\\/\"},\"sameAs\":[\"https:\\\/\\\/www.facebook.com\\\/graduadossocialesbaleares\",\"https:\\\/\\\/x.com\\\/cgsbaleares\",\"https:\\\/\\\/www.instagram.com\\\/cgsbaleares\\\/\",\"https:\\\/\\\/www.linkedin.com\\\/company\\\/cgsbaleares\\\/\"]},{\"@type\":\"Person\",\"@id\":\"http:\\\/\\\/cgsbaleares.com\\\/#\\\/schema\\\/person\\\/1abc895e0c890cb9ca25fd69e9217130\",\"name\":\"Toni Armella Rebasa\",\"image\":{\"@type\":\"ImageObject\",\"inLanguage\":\"ca\",\"@id\":\"https:\\\/\\\/secure.gravatar.com\\\/avatar\\\/9a8ebaef2cc82a431790977211afa980e78f0d194c93d748b86baa0269aa9059?s=96&d=mm&r=g\",\"url\":\"https:\\\/\\\/secure.gravatar.com\\\/avatar\\\/9a8ebaef2cc82a431790977211afa980e78f0d194c93d748b86baa0269aa9059?s=96&d=mm&r=g\",\"contentUrl\":\"https:\\\/\\\/secure.gravatar.com\\\/avatar\\\/9a8ebaef2cc82a431790977211afa980e78f0d194c93d748b86baa0269aa9059?s=96&d=mm&r=g\",\"caption\":\"Toni Armella Rebasa\"},\"sameAs\":[\"http:\\\/\\\/cgsbaleares.com\"],\"url\":\"http:\\\/\\\/cgsbaleares.com\\\/ca\\\/colegiado\\\/toni-armella\\\/\"}]}<\/script>\n<!-- \/ Yoast SEO plugin. -->","yoast_head_json":{"title":"Confer\u00e8ncia: L\u2019\u00fas pr\u00e0ctic de la IA als despatxos dels Graduats Socials - Il\u00b7lustre Col\u00b7legi Oficial de Graduats Socials de le Illes Balears","robots":{"index":"index","follow":"follow","max-snippet":"max-snippet:-1","max-image-preview":"max-image-preview:large","max-video-preview":"max-video-preview:-1"},"canonical":"http:\/\/cgsbaleares.com\/ca\/conferencia-el-uso-practico-de-la-ia-en-los-despachos-de-los-graduados-sociales\/","og_locale":"ca_ES","og_type":"article","og_title":"Confer\u00e8ncia: L\u2019\u00fas pr\u00e0ctic de la IA als despatxos dels Graduats Socials - Il\u00b7lustre Col\u00b7legi Oficial de Graduats Socials de le Illes Balears","og_description":"El dimecres 4 de desembre, l\u2019Il\u00b7lustre Col\u00b7legi Oficial de Graduats Socials de les Illes Balears va acollir una nova confer\u00e8ncia dedicada a la intel\u00b7lig\u00e8ncia artificial i el seu \u00fas pr\u00e0ctic als despatxos laborals. En aquesta ocasi\u00f3, Jos\u00e9 Manuel Raya, graduat social i creador d\u2019ialaboral.com, la primera eina d\u2019IA especialitzada en Dret Laboral i Seguretat Social, [&hellip;]","og_url":"http:\/\/cgsbaleares.com\/ca\/conferencia-el-uso-practico-de-la-ia-en-los-despachos-de-los-graduados-sociales\/","og_site_name":"Il\u00b7lustre Col\u00b7legi Oficial de Graduats Socials de le Illes Balears","article_publisher":"https:\/\/www.facebook.com\/graduadossocialesbaleares","article_published_time":"2024-12-09T02:06:14+00:00","article_modified_time":"2025-03-24T17:08:40+00:00","og_image":[{"width":1900,"height":1267,"url":"http:\/\/cgsbaleares.com\/wp-content\/uploads\/2025\/01\/confe-1.jpg","type":"image\/jpeg"}],"author":"Toni Armella Rebasa","twitter_card":"summary_large_image","twitter_creator":"@cgsbaleares","twitter_site":"@cgsbaleares","twitter_misc":{"Escrit per":"Toni Armella Rebasa","Temps estimat de lectura":"1 minut"},"schema":{"@context":"https:\/\/schema.org","@graph":[{"@type":"Article","@id":"http:\/\/cgsbaleares.com\/ca\/conferencia-el-uso-practico-de-la-ia-en-los-despachos-de-los-graduados-sociales\/#article","isPartOf":{"@id":"http:\/\/cgsbaleares.com\/ca\/conferencia-el-uso-practico-de-la-ia-en-los-despachos-de-los-graduados-sociales\/"},"author":{"name":"Toni Armella Rebasa","@id":"http:\/\/cgsbaleares.com\/#\/schema\/person\/1abc895e0c890cb9ca25fd69e9217130"},"headline":"Confer\u00e8ncia: L\u2019\u00fas pr\u00e0ctic de la IA als despatxos dels Graduats Socials","datePublished":"2024-12-09T02:06:14+00:00","dateModified":"2025-03-24T17:08:40+00:00","mainEntityOfPage":{"@id":"http:\/\/cgsbaleares.com\/ca\/conferencia-el-uso-practico-de-la-ia-en-los-despachos-de-los-graduados-sociales\/"},"wordCount":260,"publisher":{"@id":"http:\/\/cgsbaleares.com\/#organization"},"image":{"@id":"http:\/\/cgsbaleares.com\/ca\/conferencia-el-uso-practico-de-la-ia-en-los-despachos-de-los-graduados-sociales\/#primaryimage"},"thumbnailUrl":"http:\/\/cgsbaleares.com\/wp-content\/uploads\/2025\/01\/confe-1.jpg","articleSection":["Cursos i formaci\u00f3"],"inLanguage":"ca"},{"@type":"WebPage","@id":"http:\/\/cgsbaleares.com\/ca\/conferencia-el-uso-practico-de-la-ia-en-los-despachos-de-los-graduados-sociales\/","url":"http:\/\/cgsbaleares.com\/ca\/conferencia-el-uso-practico-de-la-ia-en-los-despachos-de-los-graduados-sociales\/","name":"Confer\u00e8ncia: L\u2019\u00fas pr\u00e0ctic de la IA als despatxos dels Graduats Socials - Il\u00b7lustre Col\u00b7legi Oficial de Graduats Socials de le Illes Balears","isPartOf":{"@id":"http:\/\/cgsbaleares.com\/#website"},"primaryImageOfPage":{"@id":"http:\/\/cgsbaleares.com\/ca\/conferencia-el-uso-practico-de-la-ia-en-los-despachos-de-los-graduados-sociales\/#primaryimage"},"image":{"@id":"http:\/\/cgsbaleares.com\/ca\/conferencia-el-uso-practico-de-la-ia-en-los-despachos-de-los-graduados-sociales\/#primaryimage"},"thumbnailUrl":"http:\/\/cgsbaleares.com\/wp-content\/uploads\/2025\/01\/confe-1.jpg","datePublished":"2024-12-09T02:06:14+00:00","dateModified":"2025-03-24T17:08:40+00:00","breadcrumb":{"@id":"http:\/\/cgsbaleares.com\/ca\/conferencia-el-uso-practico-de-la-ia-en-los-despachos-de-los-graduados-sociales\/#breadcrumb"},"inLanguage":"ca","potentialAction":[{"@type":"ReadAction","target":["http:\/\/cgsbaleares.com\/ca\/conferencia-el-uso-practico-de-la-ia-en-los-despachos-de-los-graduados-sociales\/"]}]},{"@type":"ImageObject","inLanguage":"ca","@id":"http:\/\/cgsbaleares.com\/ca\/conferencia-el-uso-practico-de-la-ia-en-los-despachos-de-los-graduados-sociales\/#primaryimage","url":"http:\/\/cgsbaleares.com\/wp-content\/uploads\/2025\/01\/confe-1.jpg","contentUrl":"http:\/\/cgsbaleares.com\/wp-content\/uploads\/2025\/01\/confe-1.jpg","width":1900,"height":1267},{"@type":"BreadcrumbList","@id":"http:\/\/cgsbaleares.com\/ca\/conferencia-el-uso-practico-de-la-ia-en-los-despachos-de-los-graduados-sociales\/#breadcrumb","itemListElement":[{"@type":"ListItem","position":1,"name":"Portada","item":"http:\/\/cgsbaleares.com\/ca\/"},{"@type":"ListItem","position":2,"name":"Confer\u00e8ncia: L\u2019\u00fas pr\u00e0ctic de la IA als despatxos dels Graduats Socials"}]},{"@type":"WebSite","@id":"http:\/\/cgsbaleares.com\/#website","url":"http:\/\/cgsbaleares.com\/","name":"Il\u00b7ustre Col\u00b7legi Oficial de Graduats Socials de le Illes Balears","description":"Il\u00b7lustre Col\u00b7legi Oficial de Graduats Socials de les Illes Balears","publisher":{"@id":"http:\/\/cgsbaleares.com\/#organization"},"potentialAction":[{"@type":"SearchAction","target":{"@type":"EntryPoint","urlTemplate":"http:\/\/cgsbaleares.com\/?s={search_term_string}"},"query-input":{"@type":"PropertyValueSpecification","valueRequired":true,"valueName":"search_term_string"}}],"inLanguage":"ca"},{"@type":"Organization","@id":"http:\/\/cgsbaleares.com\/#organization","name":"Il\u00b7ustre Col\u00b7legi Oficial de Graduats Socials de le Illes Balears","url":"http:\/\/cgsbaleares.com\/","logo":{"@type":"ImageObject","inLanguage":"ca","@id":"http:\/\/cgsbaleares.com\/#\/schema\/logo\/image\/","url":"http:\/\/cgsbaleares.com\/wp-content\/uploads\/2024\/08\/CGS_logo_baleares_500x152.png","contentUrl":"http:\/\/cgsbaleares.com\/wp-content\/uploads\/2024\/08\/CGS_logo_baleares_500x152.png","width":500,"height":152,"caption":"Il\u00b7ustre Col\u00b7legi Oficial de Graduats Socials de le Illes Balears"},"image":{"@id":"http:\/\/cgsbaleares.com\/#\/schema\/logo\/image\/"},"sameAs":["https:\/\/www.facebook.com\/graduadossocialesbaleares","https:\/\/x.com\/cgsbaleares","https:\/\/www.instagram.com\/cgsbaleares\/","https:\/\/www.linkedin.com\/company\/cgsbaleares\/"]},{"@type":"Person","@id":"http:\/\/cgsbaleares.com\/#\/schema\/person\/1abc895e0c890cb9ca25fd69e9217130","name":"Toni Armella Rebasa","image":{"@type":"ImageObject","inLanguage":"ca","@id":"https:\/\/secure.gravatar.com\/avatar\/9a8ebaef2cc82a431790977211afa980e78f0d194c93d748b86baa0269aa9059?s=96&d=mm&r=g","url":"https:\/\/secure.gravatar.com\/avatar\/9a8ebaef2cc82a431790977211afa980e78f0d194c93d748b86baa0269aa9059?s=96&d=mm&r=g","contentUrl":"https:\/\/secure.gravatar.com\/avatar\/9a8ebaef2cc82a431790977211afa980e78f0d194c93d748b86baa0269aa9059?s=96&d=mm&r=g","caption":"Toni Armella Rebasa"},"sameAs":["http:\/\/cgsbaleares.com"],"url":"http:\/\/cgsbaleares.com\/ca\/colegiado\/toni-armella\/"}]}},"_links":{"self":[{"href":"http:\/\/cgsbaleares.com\/ca\/wp-json\/wp\/v2\/posts\/16161","targetHints":{"allow":["GET"]}}],"collection":[{"href":"http:\/\/cgsbaleares.com\/ca\/wp-json\/wp\/v2\/posts"}],"about":[{"href":"http:\/\/cgsbaleares.com\/ca\/wp-json\/wp\/v2\/types\/post"}],"author":[{"embeddable":true,"href":"http:\/\/cgsbaleares.com\/ca\/wp-json\/wp\/v2\/users\/1"}],"replies":[{"embeddable":true,"href":"http:\/\/cgsbaleares.com\/ca\/wp-json\/wp\/v2\/comments?post=16161"}],"version-history":[{"count":3,"href":"http:\/\/cgsbaleares.com\/ca\/wp-json\/wp\/v2\/posts\/16161\/revisions"}],"predecessor-version":[{"id":16188,"href":"http:\/\/cgsbaleares.com\/ca\/wp-json\/wp\/v2\/posts\/16161\/revisions\/16188"}],"wp:featuredmedia":[{"embeddable":true,"href":"http:\/\/cgsbaleares.com\/ca\/wp-json\/wp\/v2\/media\/15858"}],"wp:attachment":[{"href":"http:\/\/cgsbaleares.com\/ca\/wp-json\/wp\/v2\/media?parent=16161"}],"wp:term":[{"taxonomy":"category","embeddable":true,"href":"http:\/\/cgsbaleares.com\/ca\/wp-json\/wp\/v2\/categories?post=16161"},{"taxonomy":"post_tag","embeddable":true,"href":"http:\/\/cgsbaleares.com\/ca\/wp-json\/wp\/v2\/tags?post=16161"}],"curies":[{"name":"wp","href":"https:\/\/api.w.org\/{rel}","templated":true}]}}