{"id":18787,"date":"2025-04-30T13:45:30","date_gmt":"2025-04-30T13:45:30","guid":{"rendered":"https:\/\/cgsbaleares.com\/?p=18787"},"modified":"2025-04-30T13:51:12","modified_gmt":"2025-04-30T13:51:12","slug":"jornada-sobre-la-problematica-actual-de-la-prevencio-de-riscos-laborals","status":"publish","type":"post","link":"http:\/\/cgsbaleares.com\/ca\/jornada-sobre-la-problematica-actual-de-la-prevencio-de-riscos-laborals\/","title":{"rendered":"Jornada sobre la problem\u00e0tica actual de la prevenci\u00f3 de riscos laborals"},"content":{"rendered":"\n<p><\/p>\n\n\n\n<p>Amb motiu del Dia Mundial de la Seguretat i Salut en el Treball, el Consell General de Col\u00b7legis Oficials de Graduats Socials d\u2019Espanya juntament amb l\u2019Il\u00b7lustre Col\u00b7legi Oficial de Graduats Socials de les Illes Balears, va celebrar la \u201cJornada sobre la problem\u00e0tica actual de la prevenci\u00f3 de riscos laborals\u201d, que, a m\u00e9s, va servir per commemorar els 100 anys de professi\u00f3.<\/p>\n\n\n\n<p>L\u2019acte, que va tenir lloc el dilluns 28 d\u2019abril a la seu col\u00b7legial, va congregar representants institucionals i experts que van aportar una visi\u00f3 global sobre els reptes que afronten avui els entorns de treball.<\/p>\n\n\n\n<p>Hi van intervenir Juan Fern\u00e1ndez, Vicepresident del Consell General; Merc\u00e8 Garc\u00eda Mill\u00e1n, Presidenta del Col\u00b7legi; Catalina Cabrer Gonz\u00e1lez, Secret\u00e0ria Auton\u00f2mica de Treball, Ocupaci\u00f3 i Di\u00e0leg Social del Govern de les Illes Balears; \u00d3scar Jes\u00fas Paz Arcos, Director de l\u2019IBASSAL; Apol\u00b7l\u00f2nia Ma. Juli\u00e0 Andreu, Directora de l\u2019Observatori de la Professi\u00f3 del CGGSE; Ana Pilar Isasi Jaca, Cap d\u2019equip de la Inspecci\u00f3 de Treball i Seguretat Social de Balears; Mateu Oliver, CEO de Cima 20; i Rafa Estarellas, Vocal de la Junta i Cap del Departament de PRL de l\u2019Institut Municipal d\u2019Esports de Palma, que tamb\u00e9 va presentar i moderar la sessi\u00f3.<\/p>\n\n\n\n<p>El Col\u00b7legi de Graduats Socials de les Illes Balears expressa el seu m\u00e9s sincer agra\u00efment a totes les autoritats, professionals i assistents que van fer possible aquesta trobada. La seva participaci\u00f3 confirma que, un segle despr\u00e9s, els Graduats Socials continuem liderant la defensa de condicions de treball segures i saludables.<\/p>\n\n\n\n<figure class=\"wp-block-image size-large\"><img fetchpriority=\"high\" decoding=\"async\" width=\"1024\" height=\"683\" src=\"https:\/\/cgsbaleares.com\/wp-content\/uploads\/2025\/04\/foto2-copiaFOTOWEBNUEV-2-1024x683.jpg\" alt=\"\" class=\"wp-image-18790\" srcset=\"http:\/\/cgsbaleares.com\/wp-content\/uploads\/2025\/04\/foto2-copiaFOTOWEBNUEV-2-1024x683.jpg 1024w, http:\/\/cgsbaleares.com\/wp-content\/uploads\/2025\/04\/foto2-copiaFOTOWEBNUEV-2-300x200.jpg 300w, http:\/\/cgsbaleares.com\/wp-content\/uploads\/2025\/04\/foto2-copiaFOTOWEBNUEV-2-768x512.jpg 768w, http:\/\/cgsbaleares.com\/wp-content\/uploads\/2025\/04\/foto2-copiaFOTOWEBNUEV-2-1536x1024.jpg 1536w, http:\/\/cgsbaleares.com\/wp-content\/uploads\/2025\/04\/foto2-copiaFOTOWEBNUEV-2-2048x1365.jpg 2048w\" sizes=\"(max-width: 1024px) 100vw, 1024px\" \/><\/figure>\n\n\n\n<figure class=\"wp-block-image size-large\"><img decoding=\"async\" width=\"1024\" height=\"717\" src=\"https:\/\/cgsbaleares.com\/wp-content\/uploads\/2025\/04\/FOTOWENUEVA.MJPJG_-1-1024x717.jpg\" alt=\"\" class=\"wp-image-18793\" srcset=\"http:\/\/cgsbaleares.com\/wp-content\/uploads\/2025\/04\/FOTOWENUEVA.MJPJG_-1-1024x717.jpg 1024w, http:\/\/cgsbaleares.com\/wp-content\/uploads\/2025\/04\/FOTOWENUEVA.MJPJG_-1-300x210.jpg 300w, http:\/\/cgsbaleares.com\/wp-content\/uploads\/2025\/04\/FOTOWENUEVA.MJPJG_-1-768x538.jpg 768w, http:\/\/cgsbaleares.com\/wp-content\/uploads\/2025\/04\/FOTOWENUEVA.MJPJG_-1-1536x1075.jpg 1536w, http:\/\/cgsbaleares.com\/wp-content\/uploads\/2025\/04\/FOTOWENUEVA.MJPJG_-1.jpg 2000w\" sizes=\"(max-width: 1024px) 100vw, 1024px\" \/><\/figure>\n","protected":false},"excerpt":{"rendered":"<p>Amb motiu del Dia Mundial de la Seguretat i Salut en el Treball, el Consell General de Col\u00b7legis Oficials de Graduats Socials d\u2019Espanya juntament amb l\u2019Il\u00b7lustre Col\u00b7legi Oficial de Graduats Socials de les Illes Balears, va celebrar la \u201cJornada sobre la problem\u00e0tica actual de la prevenci\u00f3 de riscos laborals\u201d, que, a m\u00e9s, va servir per [&hellip;]<\/p>\n","protected":false},"author":677,"featured_media":18774,"comment_status":"open","ping_status":"open","sticky":false,"template":"","format":"standard","meta":{"_monsterinsights_skip_tracking":false,"_monsterinsights_sitenote_active":false,"_monsterinsights_sitenote_note":"","_monsterinsights_sitenote_category":0,"_uf_show_specific_survey":0,"_uf_disable_surveys":false,"_jet_sm_ready_style":"","_jet_sm_style":"","_jet_sm_controls_values":"","_jet_sm_fonts_collection":"","_jet_sm_fonts_links":"","footnotes":""},"categories":[317],"tags":[],"class_list":["post-18787","post","type-post","status-publish","format-standard","has-post-thumbnail","hentry","category-cursos-i-formacio"],"desde":null,"hasta":null,"texto_circular":null,"hora_envio":null,"texto_ciruclar":null,"texto-circular":null,"asunto_circular":null,"documentos":null,"lugar_del_evento":null,"texto_fechas_":null,"envio_circular":null,"enviar_newsletter":null,"fecha_envio":null,"estado_envio":null,"destinatarios":null,"demarcaciones":null,"pendiente":null,"yoast_head":"<!-- This site is optimized with the Yoast SEO plugin v27.5 - https:\/\/yoast.com\/product\/yoast-seo-wordpress\/ -->\n<title>Jornada sobre la problem\u00e0tica actual de la prevenci\u00f3 de riscos laborals - Il\u00b7lustre Col\u00b7legi Oficial de Graduats Socials de le Illes Balears<\/title>\n<meta name=\"robots\" content=\"index, follow, max-snippet:-1, max-image-preview:large, max-video-preview:-1\" \/>\n<link rel=\"canonical\" href=\"https:\/\/cgsbaleares.com\/jornada-sobre-la-problematica-actual-de-la-prevencion-de-riesgos-laborales\/\" \/>\n<meta property=\"og:locale\" content=\"ca_ES\" \/>\n<meta property=\"og:type\" content=\"article\" \/>\n<meta property=\"og:title\" content=\"Jornada sobre la problem\u00e0tica actual de la prevenci\u00f3 de riscos laborals - Il\u00b7lustre Col\u00b7legi Oficial de Graduats Socials de le Illes Balears\" \/>\n<meta property=\"og:description\" content=\"Amb motiu del Dia Mundial de la Seguretat i Salut en el Treball, el Consell General de Col\u00b7legis Oficials de Graduats Socials d\u2019Espanya juntament amb l\u2019Il\u00b7lustre Col\u00b7legi Oficial de Graduats Socials de les Illes Balears, va celebrar la \u201cJornada sobre la problem\u00e0tica actual de la prevenci\u00f3 de riscos laborals\u201d, que, a m\u00e9s, va servir per [&hellip;]\" \/>\n<meta property=\"og:url\" content=\"https:\/\/cgsbaleares.com\/jornada-sobre-la-problematica-actual-de-la-prevencion-de-riesgos-laborales\/\" \/>\n<meta property=\"og:site_name\" content=\"Il\u00b7lustre Col\u00b7legi Oficial de Graduats Socials de le Illes Balears\" \/>\n<meta property=\"article:publisher\" content=\"https:\/\/www.facebook.com\/graduadossocialesbaleares\" \/>\n<meta property=\"article:published_time\" content=\"2025-04-30T13:45:30+00:00\" \/>\n<meta property=\"article:modified_time\" content=\"2025-04-30T13:51:12+00:00\" \/>\n<meta property=\"og:image\" content=\"https:\/\/cgsbaleares.com\/wp-content\/uploads\/2025\/04\/fotoponentesyactoapertura-copiaWEBNUEVA-scaled.jpg\" \/>\n\t<meta property=\"og:image:width\" content=\"2560\" \/>\n\t<meta property=\"og:image:height\" content=\"1707\" \/>\n\t<meta property=\"og:image:type\" content=\"image\/jpeg\" \/>\n<meta name=\"author\" content=\"Juan Fiol Alemany\" \/>\n<meta name=\"twitter:card\" content=\"summary_large_image\" \/>\n<meta name=\"twitter:creator\" content=\"@cgsbaleares\" \/>\n<meta name=\"twitter:site\" content=\"@cgsbaleares\" \/>\n<meta name=\"twitter:label1\" content=\"Escrit per\" \/>\n\t<meta name=\"twitter:data1\" content=\"Juan Fiol Alemany\" \/>\n\t<meta name=\"twitter:label2\" content=\"Temps estimat de lectura\" \/>\n\t<meta name=\"twitter:data2\" content=\"2 minuts\" \/>\n<script type=\"application\/ld+json\" class=\"yoast-schema-graph\">{\"@context\":\"https:\\\/\\\/schema.org\",\"@graph\":[{\"@type\":\"Article\",\"@id\":\"https:\\\/\\\/cgsbaleares.com\\\/jornada-sobre-la-problematica-actual-de-la-prevencion-de-riesgos-laborales\\\/#article\",\"isPartOf\":{\"@id\":\"https:\\\/\\\/cgsbaleares.com\\\/jornada-sobre-la-problematica-actual-de-la-prevencion-de-riesgos-laborales\\\/\"},\"author\":{\"name\":\"Juan Fiol Alemany\",\"@id\":\"https:\\\/\\\/cgsbaleares.com\\\/#\\\/schema\\\/person\\\/7b75e24dfcb0b9f1376ec78afc253cd4\"},\"headline\":\"Jornada sobre la problem\u00e0tica actual de la prevenci\u00f3 de riscos laborals\",\"datePublished\":\"2025-04-30T13:45:30+00:00\",\"dateModified\":\"2025-04-30T13:51:12+00:00\",\"mainEntityOfPage\":{\"@id\":\"https:\\\/\\\/cgsbaleares.com\\\/jornada-sobre-la-problematica-actual-de-la-prevencion-de-riesgos-laborales\\\/\"},\"wordCount\":285,\"commentCount\":0,\"publisher\":{\"@id\":\"https:\\\/\\\/cgsbaleares.com\\\/#organization\"},\"image\":{\"@id\":\"https:\\\/\\\/cgsbaleares.com\\\/jornada-sobre-la-problematica-actual-de-la-prevencion-de-riesgos-laborales\\\/#primaryimage\"},\"thumbnailUrl\":\"http:\\\/\\\/cgsbaleares.com\\\/wp-content\\\/uploads\\\/2025\\\/04\\\/fotoponentesyactoapertura-copiaWEBNUEVA-scaled.jpg\",\"articleSection\":[\"Cursos i formaci\u00f3\"],\"inLanguage\":\"ca\",\"potentialAction\":[{\"@type\":\"CommentAction\",\"name\":\"Comment\",\"target\":[\"https:\\\/\\\/cgsbaleares.com\\\/jornada-sobre-la-problematica-actual-de-la-prevencion-de-riesgos-laborales\\\/#respond\"]}]},{\"@type\":\"WebPage\",\"@id\":\"https:\\\/\\\/cgsbaleares.com\\\/jornada-sobre-la-problematica-actual-de-la-prevencion-de-riesgos-laborales\\\/\",\"url\":\"https:\\\/\\\/cgsbaleares.com\\\/jornada-sobre-la-problematica-actual-de-la-prevencion-de-riesgos-laborales\\\/\",\"name\":\"Jornada sobre la problem\u00e0tica actual de la prevenci\u00f3 de riscos laborals - Il\u00b7lustre Col\u00b7legi Oficial de Graduats Socials de le Illes Balears\",\"isPartOf\":{\"@id\":\"https:\\\/\\\/cgsbaleares.com\\\/#website\"},\"primaryImageOfPage\":{\"@id\":\"https:\\\/\\\/cgsbaleares.com\\\/jornada-sobre-la-problematica-actual-de-la-prevencion-de-riesgos-laborales\\\/#primaryimage\"},\"image\":{\"@id\":\"https:\\\/\\\/cgsbaleares.com\\\/jornada-sobre-la-problematica-actual-de-la-prevencion-de-riesgos-laborales\\\/#primaryimage\"},\"thumbnailUrl\":\"http:\\\/\\\/cgsbaleares.com\\\/wp-content\\\/uploads\\\/2025\\\/04\\\/fotoponentesyactoapertura-copiaWEBNUEVA-scaled.jpg\",\"datePublished\":\"2025-04-30T13:45:30+00:00\",\"dateModified\":\"2025-04-30T13:51:12+00:00\",\"breadcrumb\":{\"@id\":\"https:\\\/\\\/cgsbaleares.com\\\/jornada-sobre-la-problematica-actual-de-la-prevencion-de-riesgos-laborales\\\/#breadcrumb\"},\"inLanguage\":\"ca\",\"potentialAction\":[{\"@type\":\"ReadAction\",\"target\":[\"https:\\\/\\\/cgsbaleares.com\\\/jornada-sobre-la-problematica-actual-de-la-prevencion-de-riesgos-laborales\\\/\"]}]},{\"@type\":\"ImageObject\",\"inLanguage\":\"ca\",\"@id\":\"https:\\\/\\\/cgsbaleares.com\\\/jornada-sobre-la-problematica-actual-de-la-prevencion-de-riesgos-laborales\\\/#primaryimage\",\"url\":\"http:\\\/\\\/cgsbaleares.com\\\/wp-content\\\/uploads\\\/2025\\\/04\\\/fotoponentesyactoapertura-copiaWEBNUEVA-scaled.jpg\",\"contentUrl\":\"http:\\\/\\\/cgsbaleares.com\\\/wp-content\\\/uploads\\\/2025\\\/04\\\/fotoponentesyactoapertura-copiaWEBNUEVA-scaled.jpg\",\"width\":2560,\"height\":1707},{\"@type\":\"BreadcrumbList\",\"@id\":\"https:\\\/\\\/cgsbaleares.com\\\/jornada-sobre-la-problematica-actual-de-la-prevencion-de-riesgos-laborales\\\/#breadcrumb\",\"itemListElement\":[{\"@type\":\"ListItem\",\"position\":1,\"name\":\"Portada\",\"item\":\"https:\\\/\\\/cgsbaleares.com\\\/ca\\\/\"},{\"@type\":\"ListItem\",\"position\":2,\"name\":\"Jornada sobre la problem\u00e0tica actual de la prevenci\u00f3 de riscos laborals\"}]},{\"@type\":\"WebSite\",\"@id\":\"https:\\\/\\\/cgsbaleares.com\\\/#website\",\"url\":\"https:\\\/\\\/cgsbaleares.com\\\/\",\"name\":\"Il\u00b7ustre Col\u00b7legi Oficial de Graduats Socials de le Illes Balears\",\"description\":\"Il\u00b7lustre Col\u00b7legi Oficial de Graduats Socials de les Illes Balears\",\"publisher\":{\"@id\":\"https:\\\/\\\/cgsbaleares.com\\\/#organization\"},\"potentialAction\":[{\"@type\":\"SearchAction\",\"target\":{\"@type\":\"EntryPoint\",\"urlTemplate\":\"https:\\\/\\\/cgsbaleares.com\\\/?s={search_term_string}\"},\"query-input\":{\"@type\":\"PropertyValueSpecification\",\"valueRequired\":true,\"valueName\":\"search_term_string\"}}],\"inLanguage\":\"ca\"},{\"@type\":\"Organization\",\"@id\":\"https:\\\/\\\/cgsbaleares.com\\\/#organization\",\"name\":\"Il\u00b7ustre Col\u00b7legi Oficial de Graduats Socials de le Illes Balears\",\"url\":\"https:\\\/\\\/cgsbaleares.com\\\/\",\"logo\":{\"@type\":\"ImageObject\",\"inLanguage\":\"ca\",\"@id\":\"https:\\\/\\\/cgsbaleares.com\\\/#\\\/schema\\\/logo\\\/image\\\/\",\"url\":\"http:\\\/\\\/cgsbaleares.com\\\/wp-content\\\/uploads\\\/2024\\\/08\\\/CGS_logo_baleares_500x152.png\",\"contentUrl\":\"http:\\\/\\\/cgsbaleares.com\\\/wp-content\\\/uploads\\\/2024\\\/08\\\/CGS_logo_baleares_500x152.png\",\"width\":500,\"height\":152,\"caption\":\"Il\u00b7ustre Col\u00b7legi Oficial de Graduats Socials de le Illes Balears\"},\"image\":{\"@id\":\"https:\\\/\\\/cgsbaleares.com\\\/#\\\/schema\\\/logo\\\/image\\\/\"},\"sameAs\":[\"https:\\\/\\\/www.facebook.com\\\/graduadossocialesbaleares\",\"https:\\\/\\\/x.com\\\/cgsbaleares\",\"https:\\\/\\\/www.instagram.com\\\/cgsbaleares\\\/\",\"https:\\\/\\\/www.linkedin.com\\\/company\\\/cgsbaleares\\\/\"]},{\"@type\":\"Person\",\"@id\":\"https:\\\/\\\/cgsbaleares.com\\\/#\\\/schema\\\/person\\\/7b75e24dfcb0b9f1376ec78afc253cd4\",\"name\":\"Juan Fiol Alemany\",\"image\":{\"@type\":\"ImageObject\",\"inLanguage\":\"ca\",\"@id\":\"https:\\\/\\\/secure.gravatar.com\\\/avatar\\\/9569b8e61fcb5be8918bb8ea705df8ad474ba356ff9e971390314751e816c08d?s=96&d=mm&r=g\",\"url\":\"https:\\\/\\\/secure.gravatar.com\\\/avatar\\\/9569b8e61fcb5be8918bb8ea705df8ad474ba356ff9e971390314751e816c08d?s=96&d=mm&r=g\",\"contentUrl\":\"https:\\\/\\\/secure.gravatar.com\\\/avatar\\\/9569b8e61fcb5be8918bb8ea705df8ad474ba356ff9e971390314751e816c08d?s=96&d=mm&r=g\",\"caption\":\"Juan Fiol Alemany\"},\"url\":\"http:\\\/\\\/cgsbaleares.com\\\/ca\\\/colegiado\\\/juan-fiol-alemany\\\/\"}]}<\/script>\n<!-- \/ Yoast SEO plugin. -->","yoast_head_json":{"title":"Jornada sobre la problem\u00e0tica actual de la prevenci\u00f3 de riscos laborals - Il\u00b7lustre Col\u00b7legi Oficial de Graduats Socials de le Illes Balears","robots":{"index":"index","follow":"follow","max-snippet":"max-snippet:-1","max-image-preview":"max-image-preview:large","max-video-preview":"max-video-preview:-1"},"canonical":"https:\/\/cgsbaleares.com\/jornada-sobre-la-problematica-actual-de-la-prevencion-de-riesgos-laborales\/","og_locale":"ca_ES","og_type":"article","og_title":"Jornada sobre la problem\u00e0tica actual de la prevenci\u00f3 de riscos laborals - Il\u00b7lustre Col\u00b7legi Oficial de Graduats Socials de le Illes Balears","og_description":"Amb motiu del Dia Mundial de la Seguretat i Salut en el Treball, el Consell General de Col\u00b7legis Oficials de Graduats Socials d\u2019Espanya juntament amb l\u2019Il\u00b7lustre Col\u00b7legi Oficial de Graduats Socials de les Illes Balears, va celebrar la \u201cJornada sobre la problem\u00e0tica actual de la prevenci\u00f3 de riscos laborals\u201d, que, a m\u00e9s, va servir per [&hellip;]","og_url":"https:\/\/cgsbaleares.com\/jornada-sobre-la-problematica-actual-de-la-prevencion-de-riesgos-laborales\/","og_site_name":"Il\u00b7lustre Col\u00b7legi Oficial de Graduats Socials de le Illes Balears","article_publisher":"https:\/\/www.facebook.com\/graduadossocialesbaleares","article_published_time":"2025-04-30T13:45:30+00:00","article_modified_time":"2025-04-30T13:51:12+00:00","og_image":[{"width":2560,"height":1707,"url":"https:\/\/cgsbaleares.com\/wp-content\/uploads\/2025\/04\/fotoponentesyactoapertura-copiaWEBNUEVA-scaled.jpg","type":"image\/jpeg"}],"author":"Juan Fiol Alemany","twitter_card":"summary_large_image","twitter_creator":"@cgsbaleares","twitter_site":"@cgsbaleares","twitter_misc":{"Escrit per":"Juan Fiol Alemany","Temps estimat de lectura":"2 minuts"},"schema":{"@context":"https:\/\/schema.org","@graph":[{"@type":"Article","@id":"https:\/\/cgsbaleares.com\/jornada-sobre-la-problematica-actual-de-la-prevencion-de-riesgos-laborales\/#article","isPartOf":{"@id":"https:\/\/cgsbaleares.com\/jornada-sobre-la-problematica-actual-de-la-prevencion-de-riesgos-laborales\/"},"author":{"name":"Juan Fiol Alemany","@id":"https:\/\/cgsbaleares.com\/#\/schema\/person\/7b75e24dfcb0b9f1376ec78afc253cd4"},"headline":"Jornada sobre la problem\u00e0tica actual de la prevenci\u00f3 de riscos laborals","datePublished":"2025-04-30T13:45:30+00:00","dateModified":"2025-04-30T13:51:12+00:00","mainEntityOfPage":{"@id":"https:\/\/cgsbaleares.com\/jornada-sobre-la-problematica-actual-de-la-prevencion-de-riesgos-laborales\/"},"wordCount":285,"commentCount":0,"publisher":{"@id":"https:\/\/cgsbaleares.com\/#organization"},"image":{"@id":"https:\/\/cgsbaleares.com\/jornada-sobre-la-problematica-actual-de-la-prevencion-de-riesgos-laborales\/#primaryimage"},"thumbnailUrl":"http:\/\/cgsbaleares.com\/wp-content\/uploads\/2025\/04\/fotoponentesyactoapertura-copiaWEBNUEVA-scaled.jpg","articleSection":["Cursos i formaci\u00f3"],"inLanguage":"ca","potentialAction":[{"@type":"CommentAction","name":"Comment","target":["https:\/\/cgsbaleares.com\/jornada-sobre-la-problematica-actual-de-la-prevencion-de-riesgos-laborales\/#respond"]}]},{"@type":"WebPage","@id":"https:\/\/cgsbaleares.com\/jornada-sobre-la-problematica-actual-de-la-prevencion-de-riesgos-laborales\/","url":"https:\/\/cgsbaleares.com\/jornada-sobre-la-problematica-actual-de-la-prevencion-de-riesgos-laborales\/","name":"Jornada sobre la problem\u00e0tica actual de la prevenci\u00f3 de riscos laborals - Il\u00b7lustre Col\u00b7legi Oficial de Graduats Socials de le Illes Balears","isPartOf":{"@id":"https:\/\/cgsbaleares.com\/#website"},"primaryImageOfPage":{"@id":"https:\/\/cgsbaleares.com\/jornada-sobre-la-problematica-actual-de-la-prevencion-de-riesgos-laborales\/#primaryimage"},"image":{"@id":"https:\/\/cgsbaleares.com\/jornada-sobre-la-problematica-actual-de-la-prevencion-de-riesgos-laborales\/#primaryimage"},"thumbnailUrl":"http:\/\/cgsbaleares.com\/wp-content\/uploads\/2025\/04\/fotoponentesyactoapertura-copiaWEBNUEVA-scaled.jpg","datePublished":"2025-04-30T13:45:30+00:00","dateModified":"2025-04-30T13:51:12+00:00","breadcrumb":{"@id":"https:\/\/cgsbaleares.com\/jornada-sobre-la-problematica-actual-de-la-prevencion-de-riesgos-laborales\/#breadcrumb"},"inLanguage":"ca","potentialAction":[{"@type":"ReadAction","target":["https:\/\/cgsbaleares.com\/jornada-sobre-la-problematica-actual-de-la-prevencion-de-riesgos-laborales\/"]}]},{"@type":"ImageObject","inLanguage":"ca","@id":"https:\/\/cgsbaleares.com\/jornada-sobre-la-problematica-actual-de-la-prevencion-de-riesgos-laborales\/#primaryimage","url":"http:\/\/cgsbaleares.com\/wp-content\/uploads\/2025\/04\/fotoponentesyactoapertura-copiaWEBNUEVA-scaled.jpg","contentUrl":"http:\/\/cgsbaleares.com\/wp-content\/uploads\/2025\/04\/fotoponentesyactoapertura-copiaWEBNUEVA-scaled.jpg","width":2560,"height":1707},{"@type":"BreadcrumbList","@id":"https:\/\/cgsbaleares.com\/jornada-sobre-la-problematica-actual-de-la-prevencion-de-riesgos-laborales\/#breadcrumb","itemListElement":[{"@type":"ListItem","position":1,"name":"Portada","item":"https:\/\/cgsbaleares.com\/ca\/"},{"@type":"ListItem","position":2,"name":"Jornada sobre la problem\u00e0tica actual de la prevenci\u00f3 de riscos laborals"}]},{"@type":"WebSite","@id":"https:\/\/cgsbaleares.com\/#website","url":"https:\/\/cgsbaleares.com\/","name":"Il\u00b7ustre Col\u00b7legi Oficial de Graduats Socials de le Illes Balears","description":"Il\u00b7lustre Col\u00b7legi Oficial de Graduats Socials de les Illes Balears","publisher":{"@id":"https:\/\/cgsbaleares.com\/#organization"},"potentialAction":[{"@type":"SearchAction","target":{"@type":"EntryPoint","urlTemplate":"https:\/\/cgsbaleares.com\/?s={search_term_string}"},"query-input":{"@type":"PropertyValueSpecification","valueRequired":true,"valueName":"search_term_string"}}],"inLanguage":"ca"},{"@type":"Organization","@id":"https:\/\/cgsbaleares.com\/#organization","name":"Il\u00b7ustre Col\u00b7legi Oficial de Graduats Socials de le Illes Balears","url":"https:\/\/cgsbaleares.com\/","logo":{"@type":"ImageObject","inLanguage":"ca","@id":"https:\/\/cgsbaleares.com\/#\/schema\/logo\/image\/","url":"http:\/\/cgsbaleares.com\/wp-content\/uploads\/2024\/08\/CGS_logo_baleares_500x152.png","contentUrl":"http:\/\/cgsbaleares.com\/wp-content\/uploads\/2024\/08\/CGS_logo_baleares_500x152.png","width":500,"height":152,"caption":"Il\u00b7ustre Col\u00b7legi Oficial de Graduats Socials de le Illes Balears"},"image":{"@id":"https:\/\/cgsbaleares.com\/#\/schema\/logo\/image\/"},"sameAs":["https:\/\/www.facebook.com\/graduadossocialesbaleares","https:\/\/x.com\/cgsbaleares","https:\/\/www.instagram.com\/cgsbaleares\/","https:\/\/www.linkedin.com\/company\/cgsbaleares\/"]},{"@type":"Person","@id":"https:\/\/cgsbaleares.com\/#\/schema\/person\/7b75e24dfcb0b9f1376ec78afc253cd4","name":"Juan Fiol Alemany","image":{"@type":"ImageObject","inLanguage":"ca","@id":"https:\/\/secure.gravatar.com\/avatar\/9569b8e61fcb5be8918bb8ea705df8ad474ba356ff9e971390314751e816c08d?s=96&d=mm&r=g","url":"https:\/\/secure.gravatar.com\/avatar\/9569b8e61fcb5be8918bb8ea705df8ad474ba356ff9e971390314751e816c08d?s=96&d=mm&r=g","contentUrl":"https:\/\/secure.gravatar.com\/avatar\/9569b8e61fcb5be8918bb8ea705df8ad474ba356ff9e971390314751e816c08d?s=96&d=mm&r=g","caption":"Juan Fiol Alemany"},"url":"http:\/\/cgsbaleares.com\/ca\/colegiado\/juan-fiol-alemany\/"}]}},"_links":{"self":[{"href":"http:\/\/cgsbaleares.com\/ca\/wp-json\/wp\/v2\/posts\/18787","targetHints":{"allow":["GET"]}}],"collection":[{"href":"http:\/\/cgsbaleares.com\/ca\/wp-json\/wp\/v2\/posts"}],"about":[{"href":"http:\/\/cgsbaleares.com\/ca\/wp-json\/wp\/v2\/types\/post"}],"author":[{"embeddable":true,"href":"http:\/\/cgsbaleares.com\/ca\/wp-json\/wp\/v2\/users\/677"}],"replies":[{"embeddable":true,"href":"http:\/\/cgsbaleares.com\/ca\/wp-json\/wp\/v2\/comments?post=18787"}],"version-history":[{"count":3,"href":"http:\/\/cgsbaleares.com\/ca\/wp-json\/wp\/v2\/posts\/18787\/revisions"}],"predecessor-version":[{"id":18795,"href":"http:\/\/cgsbaleares.com\/ca\/wp-json\/wp\/v2\/posts\/18787\/revisions\/18795"}],"wp:featuredmedia":[{"embeddable":true,"href":"http:\/\/cgsbaleares.com\/ca\/wp-json\/wp\/v2\/media\/18774"}],"wp:attachment":[{"href":"http:\/\/cgsbaleares.com\/ca\/wp-json\/wp\/v2\/media?parent=18787"}],"wp:term":[{"taxonomy":"category","embeddable":true,"href":"http:\/\/cgsbaleares.com\/ca\/wp-json\/wp\/v2\/categories?post=18787"},{"taxonomy":"post_tag","embeddable":true,"href":"http:\/\/cgsbaleares.com\/ca\/wp-json\/wp\/v2\/tags?post=18787"}],"curies":[{"name":"wp","href":"https:\/\/api.w.org\/{rel}","templated":true}]}}