{"id":20147,"date":"2025-06-02T16:03:26","date_gmt":"2025-06-02T14:03:26","guid":{"rendered":"https:\/\/cgsbaleares.com\/?p=20147"},"modified":"2025-06-02T16:06:39","modified_gmt":"2025-06-02T14:06:39","slug":"curs-sobre-mediacio-laboral-impulsat-per-la-ficaib-i-el-collegi-de-graduats-socials-de-les-illes-balears","status":"publish","type":"post","link":"http:\/\/cgsbaleares.com\/ca\/curs-sobre-mediacio-laboral-impulsat-per-la-ficaib-i-el-collegi-de-graduats-socials-de-les-illes-balears\/","title":{"rendered":"Curs sobre mediaci\u00f3 laboral impulsat per la FICAIB i el Col\u00b7legi de Graduats Socials de les Illes Balears"},"content":{"rendered":"\n<p><\/p>\n\n\n\n<p>El dijous, 29 de maig, la Fundaci\u00f3 de l&#8217;Il\u00b7lustre Col\u00b7legi d&#8217;Advocats de les Illes Balears (FICAIB) va acollir el curs \u00abEines pr\u00e0ctiques, orientades a representants, per millorar la qualitat dels acords en els sistemes aut\u00f2noms de gesti\u00f3 de conflictes laborals\u00bb, impulsat per la mateixa Fundaci\u00f3 en col\u00b7laboraci\u00f3 amb l\u2019Il\u00b7lustre Col\u00b7legi Oficial de Graduats Socials de les Illes Balears. La jornada va ser dirigida per Francisco Jos\u00e9 Medina D\u00edaz, catedr\u00e0tic de Psicologia Social i de les Organitzacions de la Universitat de Sevilla, expert en negociaci\u00f3 laboral i mediaci\u00f3.<\/p>\n\n\n\n<p>Durant el curs, el ponent va abordar tres etapes fonamentals: primer, les claus per generar valor en la negociaci\u00f3 que subjau a la mediaci\u00f3; a continuaci\u00f3, la preparaci\u00f3 de les parts representades abans d\u2019iniciar aquest proc\u00e9s; i, finalment, l\u2019enfocament pr\u00e0ctic de la mediaci\u00f3 dins el TAMIB (Tribunal d\u2019Arbitratge i Mediaci\u00f3 de les Illes Balears). Al llarg del mat\u00ed s\u2019hi van analitzar casos reals i es van proporcionar eines aplicables de manera immediata a la pr\u00e0ctica professional dels representants socials.<\/p>\n\n\n\n<p>En representaci\u00f3 del Col\u00b7legi de Graduats Socials de les Illes Balears hi van assistir la presidenta Merc\u00e8 Garc\u00eda, el secretari general Daniel Ruiz, el graduat social Joan Pep Escandell, aix\u00ed com les vocals Catalina Zafra i Arantxa Sitjar.<\/p>\n\n\n\n<p>Amb trobades com aquesta, la Fundaci\u00f3 de l&#8217;ICAIB i el Col\u00b7legi posen l\u2019accent en el di\u00e0leg i la mediaci\u00f3 perqu\u00e8 els conflictes laborals de les nostres illes es resolguin abans que creixin.<\/p>\n","protected":false},"excerpt":{"rendered":"<p>El dijous, 29 de maig, la Fundaci\u00f3 de l&#8217;Il\u00b7lustre Col\u00b7legi d&#8217;Advocats de les Illes Balears (FICAIB) va acollir el curs \u00abEines pr\u00e0ctiques, orientades a representants, per millorar la qualitat dels acords en els sistemes aut\u00f2noms de gesti\u00f3 de conflictes laborals\u00bb, impulsat per la mateixa Fundaci\u00f3 en col\u00b7laboraci\u00f3 amb l\u2019Il\u00b7lustre Col\u00b7legi Oficial de Graduats Socials de [&hellip;]<\/p>\n","protected":false},"author":677,"featured_media":20144,"comment_status":"open","ping_status":"open","sticky":false,"template":"","format":"standard","meta":{"_monsterinsights_skip_tracking":false,"_monsterinsights_sitenote_active":false,"_monsterinsights_sitenote_note":"","_monsterinsights_sitenote_category":0,"_uf_show_specific_survey":0,"_uf_disable_surveys":false,"_jet_sm_ready_style":"","_jet_sm_style":"","_jet_sm_controls_values":"","_jet_sm_fonts_collection":"","_jet_sm_fonts_links":"","footnotes":""},"categories":[317],"tags":[],"class_list":["post-20147","post","type-post","status-publish","format-standard","has-post-thumbnail","hentry","category-cursos-i-formacio"],"desde":null,"hasta":null,"texto_circular":null,"hora_envio":null,"texto_ciruclar":null,"texto-circular":null,"asunto_circular":null,"documentos":null,"lugar_del_evento":null,"texto_fechas_":null,"envio_circular":null,"enviar_newsletter":null,"fecha_envio":null,"estado_envio":null,"destinatarios":null,"demarcaciones":null,"pendiente":null,"yoast_head":"<!-- This site is optimized with the Yoast SEO plugin v27.5 - https:\/\/yoast.com\/product\/yoast-seo-wordpress\/ -->\n<title>Curs sobre mediaci\u00f3 laboral impulsat per la FICAIB i el Col\u00b7legi de Graduats Socials de les Illes Balears - Il\u00b7lustre Col\u00b7legi Oficial de Graduats Socials de le Illes Balears<\/title>\n<meta name=\"robots\" content=\"index, follow, max-snippet:-1, max-image-preview:large, max-video-preview:-1\" \/>\n<link rel=\"canonical\" href=\"https:\/\/cgsbaleares.com\/curso-sobre-mediacion-laboral-impulsado-por-la-ficaib-y-el-colegio-de-graduados-sociales-de-baleares\/\" \/>\n<meta property=\"og:locale\" content=\"ca_ES\" \/>\n<meta property=\"og:type\" content=\"article\" \/>\n<meta property=\"og:title\" content=\"Curs sobre mediaci\u00f3 laboral impulsat per la FICAIB i el Col\u00b7legi de Graduats Socials de les Illes Balears - Il\u00b7lustre Col\u00b7legi Oficial de Graduats Socials de le Illes Balears\" \/>\n<meta property=\"og:description\" content=\"El dijous, 29 de maig, la Fundaci\u00f3 de l&#8217;Il\u00b7lustre Col\u00b7legi d&#8217;Advocats de les Illes Balears (FICAIB) va acollir el curs \u00abEines pr\u00e0ctiques, orientades a representants, per millorar la qualitat dels acords en els sistemes aut\u00f2noms de gesti\u00f3 de conflictes laborals\u00bb, impulsat per la mateixa Fundaci\u00f3 en col\u00b7laboraci\u00f3 amb l\u2019Il\u00b7lustre Col\u00b7legi Oficial de Graduats Socials de [&hellip;]\" \/>\n<meta property=\"og:url\" content=\"https:\/\/cgsbaleares.com\/curso-sobre-mediacion-laboral-impulsado-por-la-ficaib-y-el-colegio-de-graduados-sociales-de-baleares\/\" \/>\n<meta property=\"og:site_name\" content=\"Il\u00b7lustre Col\u00b7legi Oficial de Graduats Socials de le Illes Balears\" \/>\n<meta property=\"article:publisher\" content=\"https:\/\/www.facebook.com\/graduadossocialesbaleares\" \/>\n<meta property=\"article:published_time\" content=\"2025-06-02T14:03:26+00:00\" \/>\n<meta property=\"article:modified_time\" content=\"2025-06-02T14:06:39+00:00\" \/>\n<meta property=\"og:image\" content=\"https:\/\/cgsbaleares.com\/wp-content\/uploads\/2025\/06\/foto.jpg\" \/>\n\t<meta property=\"og:image:width\" content=\"2048\" \/>\n\t<meta property=\"og:image:height\" content=\"1536\" \/>\n\t<meta property=\"og:image:type\" content=\"image\/jpeg\" \/>\n<meta name=\"author\" content=\"Juan Fiol Alemany\" \/>\n<meta name=\"twitter:card\" content=\"summary_large_image\" \/>\n<meta name=\"twitter:creator\" content=\"@cgsbaleares\" \/>\n<meta name=\"twitter:site\" content=\"@cgsbaleares\" \/>\n<meta name=\"twitter:label1\" content=\"Escrit per\" \/>\n\t<meta name=\"twitter:data1\" content=\"Juan Fiol Alemany\" \/>\n\t<meta name=\"twitter:label2\" content=\"Temps estimat de lectura\" \/>\n\t<meta name=\"twitter:data2\" content=\"2 minuts\" \/>\n<script type=\"application\/ld+json\" class=\"yoast-schema-graph\">{\"@context\":\"https:\\\/\\\/schema.org\",\"@graph\":[{\"@type\":\"Article\",\"@id\":\"https:\\\/\\\/cgsbaleares.com\\\/curso-sobre-mediacion-laboral-impulsado-por-la-ficaib-y-el-colegio-de-graduados-sociales-de-baleares\\\/#article\",\"isPartOf\":{\"@id\":\"https:\\\/\\\/cgsbaleares.com\\\/curso-sobre-mediacion-laboral-impulsado-por-la-ficaib-y-el-colegio-de-graduados-sociales-de-baleares\\\/\"},\"author\":{\"name\":\"Juan Fiol Alemany\",\"@id\":\"https:\\\/\\\/cgsbaleares.com\\\/#\\\/schema\\\/person\\\/7b75e24dfcb0b9f1376ec78afc253cd4\"},\"headline\":\"Curs sobre mediaci\u00f3 laboral impulsat per la FICAIB i el Col\u00b7legi de Graduats Socials de les Illes Balears\",\"datePublished\":\"2025-06-02T14:03:26+00:00\",\"dateModified\":\"2025-06-02T14:06:39+00:00\",\"mainEntityOfPage\":{\"@id\":\"https:\\\/\\\/cgsbaleares.com\\\/curso-sobre-mediacion-laboral-impulsado-por-la-ficaib-y-el-colegio-de-graduados-sociales-de-baleares\\\/\"},\"wordCount\":279,\"commentCount\":0,\"publisher\":{\"@id\":\"https:\\\/\\\/cgsbaleares.com\\\/#organization\"},\"image\":{\"@id\":\"https:\\\/\\\/cgsbaleares.com\\\/curso-sobre-mediacion-laboral-impulsado-por-la-ficaib-y-el-colegio-de-graduados-sociales-de-baleares\\\/#primaryimage\"},\"thumbnailUrl\":\"http:\\\/\\\/cgsbaleares.com\\\/wp-content\\\/uploads\\\/2025\\\/06\\\/foto.jpg\",\"articleSection\":[\"Cursos i formaci\u00f3\"],\"inLanguage\":\"ca\",\"potentialAction\":[{\"@type\":\"CommentAction\",\"name\":\"Comment\",\"target\":[\"https:\\\/\\\/cgsbaleares.com\\\/curso-sobre-mediacion-laboral-impulsado-por-la-ficaib-y-el-colegio-de-graduados-sociales-de-baleares\\\/#respond\"]}]},{\"@type\":\"WebPage\",\"@id\":\"https:\\\/\\\/cgsbaleares.com\\\/curso-sobre-mediacion-laboral-impulsado-por-la-ficaib-y-el-colegio-de-graduados-sociales-de-baleares\\\/\",\"url\":\"https:\\\/\\\/cgsbaleares.com\\\/curso-sobre-mediacion-laboral-impulsado-por-la-ficaib-y-el-colegio-de-graduados-sociales-de-baleares\\\/\",\"name\":\"Curs sobre mediaci\u00f3 laboral impulsat per la FICAIB i el Col\u00b7legi de Graduats Socials de les Illes Balears - Il\u00b7lustre Col\u00b7legi Oficial de Graduats Socials de le Illes Balears\",\"isPartOf\":{\"@id\":\"https:\\\/\\\/cgsbaleares.com\\\/#website\"},\"primaryImageOfPage\":{\"@id\":\"https:\\\/\\\/cgsbaleares.com\\\/curso-sobre-mediacion-laboral-impulsado-por-la-ficaib-y-el-colegio-de-graduados-sociales-de-baleares\\\/#primaryimage\"},\"image\":{\"@id\":\"https:\\\/\\\/cgsbaleares.com\\\/curso-sobre-mediacion-laboral-impulsado-por-la-ficaib-y-el-colegio-de-graduados-sociales-de-baleares\\\/#primaryimage\"},\"thumbnailUrl\":\"http:\\\/\\\/cgsbaleares.com\\\/wp-content\\\/uploads\\\/2025\\\/06\\\/foto.jpg\",\"datePublished\":\"2025-06-02T14:03:26+00:00\",\"dateModified\":\"2025-06-02T14:06:39+00:00\",\"breadcrumb\":{\"@id\":\"https:\\\/\\\/cgsbaleares.com\\\/curso-sobre-mediacion-laboral-impulsado-por-la-ficaib-y-el-colegio-de-graduados-sociales-de-baleares\\\/#breadcrumb\"},\"inLanguage\":\"ca\",\"potentialAction\":[{\"@type\":\"ReadAction\",\"target\":[\"https:\\\/\\\/cgsbaleares.com\\\/curso-sobre-mediacion-laboral-impulsado-por-la-ficaib-y-el-colegio-de-graduados-sociales-de-baleares\\\/\"]}]},{\"@type\":\"ImageObject\",\"inLanguage\":\"ca\",\"@id\":\"https:\\\/\\\/cgsbaleares.com\\\/curso-sobre-mediacion-laboral-impulsado-por-la-ficaib-y-el-colegio-de-graduados-sociales-de-baleares\\\/#primaryimage\",\"url\":\"http:\\\/\\\/cgsbaleares.com\\\/wp-content\\\/uploads\\\/2025\\\/06\\\/foto.jpg\",\"contentUrl\":\"http:\\\/\\\/cgsbaleares.com\\\/wp-content\\\/uploads\\\/2025\\\/06\\\/foto.jpg\",\"width\":2048,\"height\":1536},{\"@type\":\"BreadcrumbList\",\"@id\":\"https:\\\/\\\/cgsbaleares.com\\\/curso-sobre-mediacion-laboral-impulsado-por-la-ficaib-y-el-colegio-de-graduados-sociales-de-baleares\\\/#breadcrumb\",\"itemListElement\":[{\"@type\":\"ListItem\",\"position\":1,\"name\":\"Portada\",\"item\":\"https:\\\/\\\/cgsbaleares.com\\\/ca\\\/\"},{\"@type\":\"ListItem\",\"position\":2,\"name\":\"Curs sobre mediaci\u00f3 laboral impulsat per la FICAIB i el Col\u00b7legi de Graduats Socials de les Illes Balears\"}]},{\"@type\":\"WebSite\",\"@id\":\"https:\\\/\\\/cgsbaleares.com\\\/#website\",\"url\":\"https:\\\/\\\/cgsbaleares.com\\\/\",\"name\":\"Il\u00b7ustre Col\u00b7legi Oficial de Graduats Socials de le Illes Balears\",\"description\":\"Il\u00b7lustre Col\u00b7legi Oficial de Graduats Socials de les Illes Balears\",\"publisher\":{\"@id\":\"https:\\\/\\\/cgsbaleares.com\\\/#organization\"},\"potentialAction\":[{\"@type\":\"SearchAction\",\"target\":{\"@type\":\"EntryPoint\",\"urlTemplate\":\"https:\\\/\\\/cgsbaleares.com\\\/?s={search_term_string}\"},\"query-input\":{\"@type\":\"PropertyValueSpecification\",\"valueRequired\":true,\"valueName\":\"search_term_string\"}}],\"inLanguage\":\"ca\"},{\"@type\":\"Organization\",\"@id\":\"https:\\\/\\\/cgsbaleares.com\\\/#organization\",\"name\":\"Il\u00b7ustre Col\u00b7legi Oficial de Graduats Socials de le Illes Balears\",\"url\":\"https:\\\/\\\/cgsbaleares.com\\\/\",\"logo\":{\"@type\":\"ImageObject\",\"inLanguage\":\"ca\",\"@id\":\"https:\\\/\\\/cgsbaleares.com\\\/#\\\/schema\\\/logo\\\/image\\\/\",\"url\":\"http:\\\/\\\/cgsbaleares.com\\\/wp-content\\\/uploads\\\/2024\\\/08\\\/CGS_logo_baleares_500x152.png\",\"contentUrl\":\"http:\\\/\\\/cgsbaleares.com\\\/wp-content\\\/uploads\\\/2024\\\/08\\\/CGS_logo_baleares_500x152.png\",\"width\":500,\"height\":152,\"caption\":\"Il\u00b7ustre Col\u00b7legi Oficial de Graduats Socials de le Illes Balears\"},\"image\":{\"@id\":\"https:\\\/\\\/cgsbaleares.com\\\/#\\\/schema\\\/logo\\\/image\\\/\"},\"sameAs\":[\"https:\\\/\\\/www.facebook.com\\\/graduadossocialesbaleares\",\"https:\\\/\\\/x.com\\\/cgsbaleares\",\"https:\\\/\\\/www.instagram.com\\\/cgsbaleares\\\/\",\"https:\\\/\\\/www.linkedin.com\\\/company\\\/cgsbaleares\\\/\"]},{\"@type\":\"Person\",\"@id\":\"https:\\\/\\\/cgsbaleares.com\\\/#\\\/schema\\\/person\\\/7b75e24dfcb0b9f1376ec78afc253cd4\",\"name\":\"Juan Fiol Alemany\",\"image\":{\"@type\":\"ImageObject\",\"inLanguage\":\"ca\",\"@id\":\"https:\\\/\\\/secure.gravatar.com\\\/avatar\\\/9569b8e61fcb5be8918bb8ea705df8ad474ba356ff9e971390314751e816c08d?s=96&d=mm&r=g\",\"url\":\"https:\\\/\\\/secure.gravatar.com\\\/avatar\\\/9569b8e61fcb5be8918bb8ea705df8ad474ba356ff9e971390314751e816c08d?s=96&d=mm&r=g\",\"contentUrl\":\"https:\\\/\\\/secure.gravatar.com\\\/avatar\\\/9569b8e61fcb5be8918bb8ea705df8ad474ba356ff9e971390314751e816c08d?s=96&d=mm&r=g\",\"caption\":\"Juan Fiol Alemany\"},\"url\":\"http:\\\/\\\/cgsbaleares.com\\\/ca\\\/colegiado\\\/juan-fiol-alemany\\\/\"}]}<\/script>\n<!-- \/ Yoast SEO plugin. -->","yoast_head_json":{"title":"Curs sobre mediaci\u00f3 laboral impulsat per la FICAIB i el Col\u00b7legi de Graduats Socials de les Illes Balears - Il\u00b7lustre Col\u00b7legi Oficial de Graduats Socials de le Illes Balears","robots":{"index":"index","follow":"follow","max-snippet":"max-snippet:-1","max-image-preview":"max-image-preview:large","max-video-preview":"max-video-preview:-1"},"canonical":"https:\/\/cgsbaleares.com\/curso-sobre-mediacion-laboral-impulsado-por-la-ficaib-y-el-colegio-de-graduados-sociales-de-baleares\/","og_locale":"ca_ES","og_type":"article","og_title":"Curs sobre mediaci\u00f3 laboral impulsat per la FICAIB i el Col\u00b7legi de Graduats Socials de les Illes Balears - Il\u00b7lustre Col\u00b7legi Oficial de Graduats Socials de le Illes Balears","og_description":"El dijous, 29 de maig, la Fundaci\u00f3 de l&#8217;Il\u00b7lustre Col\u00b7legi d&#8217;Advocats de les Illes Balears (FICAIB) va acollir el curs \u00abEines pr\u00e0ctiques, orientades a representants, per millorar la qualitat dels acords en els sistemes aut\u00f2noms de gesti\u00f3 de conflictes laborals\u00bb, impulsat per la mateixa Fundaci\u00f3 en col\u00b7laboraci\u00f3 amb l\u2019Il\u00b7lustre Col\u00b7legi Oficial de Graduats Socials de [&hellip;]","og_url":"https:\/\/cgsbaleares.com\/curso-sobre-mediacion-laboral-impulsado-por-la-ficaib-y-el-colegio-de-graduados-sociales-de-baleares\/","og_site_name":"Il\u00b7lustre Col\u00b7legi Oficial de Graduats Socials de le Illes Balears","article_publisher":"https:\/\/www.facebook.com\/graduadossocialesbaleares","article_published_time":"2025-06-02T14:03:26+00:00","article_modified_time":"2025-06-02T14:06:39+00:00","og_image":[{"width":2048,"height":1536,"url":"https:\/\/cgsbaleares.com\/wp-content\/uploads\/2025\/06\/foto.jpg","type":"image\/jpeg"}],"author":"Juan Fiol Alemany","twitter_card":"summary_large_image","twitter_creator":"@cgsbaleares","twitter_site":"@cgsbaleares","twitter_misc":{"Escrit per":"Juan Fiol Alemany","Temps estimat de lectura":"2 minuts"},"schema":{"@context":"https:\/\/schema.org","@graph":[{"@type":"Article","@id":"https:\/\/cgsbaleares.com\/curso-sobre-mediacion-laboral-impulsado-por-la-ficaib-y-el-colegio-de-graduados-sociales-de-baleares\/#article","isPartOf":{"@id":"https:\/\/cgsbaleares.com\/curso-sobre-mediacion-laboral-impulsado-por-la-ficaib-y-el-colegio-de-graduados-sociales-de-baleares\/"},"author":{"name":"Juan Fiol Alemany","@id":"https:\/\/cgsbaleares.com\/#\/schema\/person\/7b75e24dfcb0b9f1376ec78afc253cd4"},"headline":"Curs sobre mediaci\u00f3 laboral impulsat per la FICAIB i el Col\u00b7legi de Graduats Socials de les Illes Balears","datePublished":"2025-06-02T14:03:26+00:00","dateModified":"2025-06-02T14:06:39+00:00","mainEntityOfPage":{"@id":"https:\/\/cgsbaleares.com\/curso-sobre-mediacion-laboral-impulsado-por-la-ficaib-y-el-colegio-de-graduados-sociales-de-baleares\/"},"wordCount":279,"commentCount":0,"publisher":{"@id":"https:\/\/cgsbaleares.com\/#organization"},"image":{"@id":"https:\/\/cgsbaleares.com\/curso-sobre-mediacion-laboral-impulsado-por-la-ficaib-y-el-colegio-de-graduados-sociales-de-baleares\/#primaryimage"},"thumbnailUrl":"http:\/\/cgsbaleares.com\/wp-content\/uploads\/2025\/06\/foto.jpg","articleSection":["Cursos i formaci\u00f3"],"inLanguage":"ca","potentialAction":[{"@type":"CommentAction","name":"Comment","target":["https:\/\/cgsbaleares.com\/curso-sobre-mediacion-laboral-impulsado-por-la-ficaib-y-el-colegio-de-graduados-sociales-de-baleares\/#respond"]}]},{"@type":"WebPage","@id":"https:\/\/cgsbaleares.com\/curso-sobre-mediacion-laboral-impulsado-por-la-ficaib-y-el-colegio-de-graduados-sociales-de-baleares\/","url":"https:\/\/cgsbaleares.com\/curso-sobre-mediacion-laboral-impulsado-por-la-ficaib-y-el-colegio-de-graduados-sociales-de-baleares\/","name":"Curs sobre mediaci\u00f3 laboral impulsat per la FICAIB i el Col\u00b7legi de Graduats Socials de les Illes Balears - Il\u00b7lustre Col\u00b7legi Oficial de Graduats Socials de le Illes Balears","isPartOf":{"@id":"https:\/\/cgsbaleares.com\/#website"},"primaryImageOfPage":{"@id":"https:\/\/cgsbaleares.com\/curso-sobre-mediacion-laboral-impulsado-por-la-ficaib-y-el-colegio-de-graduados-sociales-de-baleares\/#primaryimage"},"image":{"@id":"https:\/\/cgsbaleares.com\/curso-sobre-mediacion-laboral-impulsado-por-la-ficaib-y-el-colegio-de-graduados-sociales-de-baleares\/#primaryimage"},"thumbnailUrl":"http:\/\/cgsbaleares.com\/wp-content\/uploads\/2025\/06\/foto.jpg","datePublished":"2025-06-02T14:03:26+00:00","dateModified":"2025-06-02T14:06:39+00:00","breadcrumb":{"@id":"https:\/\/cgsbaleares.com\/curso-sobre-mediacion-laboral-impulsado-por-la-ficaib-y-el-colegio-de-graduados-sociales-de-baleares\/#breadcrumb"},"inLanguage":"ca","potentialAction":[{"@type":"ReadAction","target":["https:\/\/cgsbaleares.com\/curso-sobre-mediacion-laboral-impulsado-por-la-ficaib-y-el-colegio-de-graduados-sociales-de-baleares\/"]}]},{"@type":"ImageObject","inLanguage":"ca","@id":"https:\/\/cgsbaleares.com\/curso-sobre-mediacion-laboral-impulsado-por-la-ficaib-y-el-colegio-de-graduados-sociales-de-baleares\/#primaryimage","url":"http:\/\/cgsbaleares.com\/wp-content\/uploads\/2025\/06\/foto.jpg","contentUrl":"http:\/\/cgsbaleares.com\/wp-content\/uploads\/2025\/06\/foto.jpg","width":2048,"height":1536},{"@type":"BreadcrumbList","@id":"https:\/\/cgsbaleares.com\/curso-sobre-mediacion-laboral-impulsado-por-la-ficaib-y-el-colegio-de-graduados-sociales-de-baleares\/#breadcrumb","itemListElement":[{"@type":"ListItem","position":1,"name":"Portada","item":"https:\/\/cgsbaleares.com\/ca\/"},{"@type":"ListItem","position":2,"name":"Curs sobre mediaci\u00f3 laboral impulsat per la FICAIB i el Col\u00b7legi de Graduats Socials de les Illes Balears"}]},{"@type":"WebSite","@id":"https:\/\/cgsbaleares.com\/#website","url":"https:\/\/cgsbaleares.com\/","name":"Il\u00b7ustre Col\u00b7legi Oficial de Graduats Socials de le Illes Balears","description":"Il\u00b7lustre Col\u00b7legi Oficial de Graduats Socials de les Illes Balears","publisher":{"@id":"https:\/\/cgsbaleares.com\/#organization"},"potentialAction":[{"@type":"SearchAction","target":{"@type":"EntryPoint","urlTemplate":"https:\/\/cgsbaleares.com\/?s={search_term_string}"},"query-input":{"@type":"PropertyValueSpecification","valueRequired":true,"valueName":"search_term_string"}}],"inLanguage":"ca"},{"@type":"Organization","@id":"https:\/\/cgsbaleares.com\/#organization","name":"Il\u00b7ustre Col\u00b7legi Oficial de Graduats Socials de le Illes Balears","url":"https:\/\/cgsbaleares.com\/","logo":{"@type":"ImageObject","inLanguage":"ca","@id":"https:\/\/cgsbaleares.com\/#\/schema\/logo\/image\/","url":"http:\/\/cgsbaleares.com\/wp-content\/uploads\/2024\/08\/CGS_logo_baleares_500x152.png","contentUrl":"http:\/\/cgsbaleares.com\/wp-content\/uploads\/2024\/08\/CGS_logo_baleares_500x152.png","width":500,"height":152,"caption":"Il\u00b7ustre Col\u00b7legi Oficial de Graduats Socials de le Illes Balears"},"image":{"@id":"https:\/\/cgsbaleares.com\/#\/schema\/logo\/image\/"},"sameAs":["https:\/\/www.facebook.com\/graduadossocialesbaleares","https:\/\/x.com\/cgsbaleares","https:\/\/www.instagram.com\/cgsbaleares\/","https:\/\/www.linkedin.com\/company\/cgsbaleares\/"]},{"@type":"Person","@id":"https:\/\/cgsbaleares.com\/#\/schema\/person\/7b75e24dfcb0b9f1376ec78afc253cd4","name":"Juan Fiol Alemany","image":{"@type":"ImageObject","inLanguage":"ca","@id":"https:\/\/secure.gravatar.com\/avatar\/9569b8e61fcb5be8918bb8ea705df8ad474ba356ff9e971390314751e816c08d?s=96&d=mm&r=g","url":"https:\/\/secure.gravatar.com\/avatar\/9569b8e61fcb5be8918bb8ea705df8ad474ba356ff9e971390314751e816c08d?s=96&d=mm&r=g","contentUrl":"https:\/\/secure.gravatar.com\/avatar\/9569b8e61fcb5be8918bb8ea705df8ad474ba356ff9e971390314751e816c08d?s=96&d=mm&r=g","caption":"Juan Fiol Alemany"},"url":"http:\/\/cgsbaleares.com\/ca\/colegiado\/juan-fiol-alemany\/"}]}},"_links":{"self":[{"href":"http:\/\/cgsbaleares.com\/ca\/wp-json\/wp\/v2\/posts\/20147","targetHints":{"allow":["GET"]}}],"collection":[{"href":"http:\/\/cgsbaleares.com\/ca\/wp-json\/wp\/v2\/posts"}],"about":[{"href":"http:\/\/cgsbaleares.com\/ca\/wp-json\/wp\/v2\/types\/post"}],"author":[{"embeddable":true,"href":"http:\/\/cgsbaleares.com\/ca\/wp-json\/wp\/v2\/users\/677"}],"replies":[{"embeddable":true,"href":"http:\/\/cgsbaleares.com\/ca\/wp-json\/wp\/v2\/comments?post=20147"}],"version-history":[{"count":2,"href":"http:\/\/cgsbaleares.com\/ca\/wp-json\/wp\/v2\/posts\/20147\/revisions"}],"predecessor-version":[{"id":20149,"href":"http:\/\/cgsbaleares.com\/ca\/wp-json\/wp\/v2\/posts\/20147\/revisions\/20149"}],"wp:featuredmedia":[{"embeddable":true,"href":"http:\/\/cgsbaleares.com\/ca\/wp-json\/wp\/v2\/media\/20144"}],"wp:attachment":[{"href":"http:\/\/cgsbaleares.com\/ca\/wp-json\/wp\/v2\/media?parent=20147"}],"wp:term":[{"taxonomy":"category","embeddable":true,"href":"http:\/\/cgsbaleares.com\/ca\/wp-json\/wp\/v2\/categories?post=20147"},{"taxonomy":"post_tag","embeddable":true,"href":"http:\/\/cgsbaleares.com\/ca\/wp-json\/wp\/v2\/tags?post=20147"}],"curies":[{"name":"wp","href":"https:\/\/api.w.org\/{rel}","templated":true}]}}