{"id":20156,"date":"2025-05-30T16:11:17","date_gmt":"2025-05-30T14:11:17","guid":{"rendered":"https:\/\/cgsbaleares.com\/?p=20156"},"modified":"2025-06-02T16:17:57","modified_gmt":"2025-06-02T14:17:57","slug":"trobada-entre-la-fundacio-de-graduats-socials-de-les-illes-balears-i-la-fundacio-deixalles","status":"publish","type":"post","link":"http:\/\/cgsbaleares.com\/ca\/trobada-entre-la-fundacio-de-graduats-socials-de-les-illes-balears-i-la-fundacio-deixalles\/","title":{"rendered":"Trobada entre la Fundaci\u00f3 de Graduats Socials de les Illes Balears i la Fundaci\u00f3 Deixalles"},"content":{"rendered":"\n<p><\/p>\n\n\n\n<p>Divendres 30 de maig, la seu de l\u2019Il\u00b7lustre Col\u00b7legi Oficial de Graduats Socials de les Illes Balears va acollir una reuni\u00f3 entre la Fundaci\u00f3 de Graduats Socials de les Illes Balears i la Fundaci\u00f3 Deixalles. En nom de la fundaci\u00f3 col\u00b7legial hi van participar la presidenta Merc\u00e8 Garc\u00eda, la vocal Johanny Rodr\u00edguez i la gerent Iria V\u00e1zquez. Per part de Deixalles hi van assistir Ll\u00facia Forteza, responsable de l\u2019\u00c0rea d\u2019Orientaci\u00f3 i Formaci\u00f3, i Isabel Ferretjans, responsable de l\u2019\u00c0rea Social.<\/p>\n\n\n\n<p>Durant la sessi\u00f3, Deixalles va presentar amb detall les iniciatives d\u2019orientaci\u00f3, formaci\u00f3 i inserci\u00f3 sociolaboral que impulsa a les Illes Balears. Al tancament de la trobada, es van acordar una s\u00e8rie de l\u00ednies de col\u00b7laboraci\u00f3 ajustades a les capacitats i \u00e0mbits d\u2019actuaci\u00f3 de ambdues parts, amb l\u2019objectiu d\u2019explorar sin\u00e8rgies i avan\u00e7ar en possibles projectes conjunts.<\/p>\n","protected":false},"excerpt":{"rendered":"<p>Divendres 30 de maig, la seu de l\u2019Il\u00b7lustre Col\u00b7legi Oficial de Graduats Socials de les Illes Balears va acollir una reuni\u00f3 entre la Fundaci\u00f3 de Graduats Socials de les Illes Balears i la Fundaci\u00f3 Deixalles. En nom de la fundaci\u00f3 col\u00b7legial hi van participar la presidenta Merc\u00e8 Garc\u00eda, la vocal Johanny Rodr\u00edguez i la gerent [&hellip;]<\/p>\n","protected":false},"author":677,"featured_media":20152,"comment_status":"open","ping_status":"open","sticky":false,"template":"","format":"standard","meta":{"_monsterinsights_skip_tracking":false,"_monsterinsights_sitenote_active":false,"_monsterinsights_sitenote_note":"","_monsterinsights_sitenote_category":0,"_uf_show_specific_survey":0,"_uf_disable_surveys":false,"_jet_sm_ready_style":"","_jet_sm_style":"","_jet_sm_controls_values":"","_jet_sm_fonts_collection":"","_jet_sm_fonts_links":"","footnotes":""},"categories":[317,314],"tags":[],"class_list":["post-20156","post","type-post","status-publish","format-standard","has-post-thumbnail","hentry","category-cursos-i-formacio","category-noticies-generals"],"desde":null,"hasta":null,"texto_circular":null,"hora_envio":null,"texto_ciruclar":null,"texto-circular":null,"asunto_circular":null,"documentos":null,"lugar_del_evento":null,"texto_fechas_":null,"envio_circular":null,"enviar_newsletter":null,"fecha_envio":null,"estado_envio":null,"destinatarios":null,"demarcaciones":null,"pendiente":null,"yoast_head":"<!-- This site is optimized with the Yoast SEO plugin v27.5 - https:\/\/yoast.com\/product\/yoast-seo-wordpress\/ -->\n<title>Trobada entre la Fundaci\u00f3 de Graduats Socials de les Illes Balears i la Fundaci\u00f3 Deixalles - Il\u00b7lustre Col\u00b7legi Oficial de Graduats Socials de le Illes Balears<\/title>\n<meta name=\"robots\" content=\"index, follow, max-snippet:-1, max-image-preview:large, max-video-preview:-1\" \/>\n<link rel=\"canonical\" href=\"http:\/\/cgsbaleares.com\/ca\/trobada-entre-la-fundacio-de-graduats-socials-de-les-illes-balears-i-la-fundacio-deixalles\/\" \/>\n<meta property=\"og:locale\" content=\"ca_ES\" \/>\n<meta property=\"og:type\" content=\"article\" \/>\n<meta property=\"og:title\" content=\"Trobada entre la Fundaci\u00f3 de Graduats Socials de les Illes Balears i la Fundaci\u00f3 Deixalles - Il\u00b7lustre Col\u00b7legi Oficial de Graduats Socials de le Illes Balears\" \/>\n<meta property=\"og:description\" content=\"Divendres 30 de maig, la seu de l\u2019Il\u00b7lustre Col\u00b7legi Oficial de Graduats Socials de les Illes Balears va acollir una reuni\u00f3 entre la Fundaci\u00f3 de Graduats Socials de les Illes Balears i la Fundaci\u00f3 Deixalles. En nom de la fundaci\u00f3 col\u00b7legial hi van participar la presidenta Merc\u00e8 Garc\u00eda, la vocal Johanny Rodr\u00edguez i la gerent [&hellip;]\" \/>\n<meta property=\"og:url\" content=\"http:\/\/cgsbaleares.com\/ca\/trobada-entre-la-fundacio-de-graduats-socials-de-les-illes-balears-i-la-fundacio-deixalles\/\" \/>\n<meta property=\"og:site_name\" content=\"Il\u00b7lustre Col\u00b7legi Oficial de Graduats Socials de le Illes Balears\" \/>\n<meta property=\"article:publisher\" content=\"https:\/\/www.facebook.com\/graduadossocialesbaleares\" \/>\n<meta property=\"article:published_time\" content=\"2025-05-30T14:11:17+00:00\" \/>\n<meta property=\"article:modified_time\" content=\"2025-06-02T14:17:57+00:00\" \/>\n<meta property=\"og:image\" content=\"http:\/\/cgsbaleares.com\/wp-content\/uploads\/2025\/06\/wweb.fotoreunion-copia-scaled.jpg\" \/>\n\t<meta property=\"og:image:width\" content=\"2560\" \/>\n\t<meta property=\"og:image:height\" content=\"1707\" \/>\n\t<meta property=\"og:image:type\" content=\"image\/jpeg\" \/>\n<meta name=\"author\" content=\"Juan Fiol Alemany\" \/>\n<meta name=\"twitter:card\" content=\"summary_large_image\" \/>\n<meta name=\"twitter:creator\" content=\"@cgsbaleares\" \/>\n<meta name=\"twitter:site\" content=\"@cgsbaleares\" \/>\n<meta name=\"twitter:label1\" content=\"Escrit per\" \/>\n\t<meta name=\"twitter:data1\" content=\"Juan Fiol Alemany\" \/>\n\t<meta name=\"twitter:label2\" content=\"Temps estimat de lectura\" \/>\n\t<meta name=\"twitter:data2\" content=\"1 minut\" \/>\n<script type=\"application\/ld+json\" class=\"yoast-schema-graph\">{\"@context\":\"https:\\\/\\\/schema.org\",\"@graph\":[{\"@type\":\"Article\",\"@id\":\"http:\\\/\\\/cgsbaleares.com\\\/ca\\\/trobada-entre-la-fundacio-de-graduats-socials-de-les-illes-balears-i-la-fundacio-deixalles\\\/#article\",\"isPartOf\":{\"@id\":\"http:\\\/\\\/cgsbaleares.com\\\/ca\\\/trobada-entre-la-fundacio-de-graduats-socials-de-les-illes-balears-i-la-fundacio-deixalles\\\/\"},\"author\":{\"name\":\"Juan Fiol Alemany\",\"@id\":\"https:\\\/\\\/cgsbaleares.com\\\/#\\\/schema\\\/person\\\/7b75e24dfcb0b9f1376ec78afc253cd4\"},\"headline\":\"Trobada entre la Fundaci\u00f3 de Graduats Socials de les Illes Balears i la Fundaci\u00f3 Deixalles\",\"datePublished\":\"2025-05-30T14:11:17+00:00\",\"dateModified\":\"2025-06-02T14:17:57+00:00\",\"mainEntityOfPage\":{\"@id\":\"http:\\\/\\\/cgsbaleares.com\\\/ca\\\/trobada-entre-la-fundacio-de-graduats-socials-de-les-illes-balears-i-la-fundacio-deixalles\\\/\"},\"wordCount\":168,\"commentCount\":0,\"publisher\":{\"@id\":\"https:\\\/\\\/cgsbaleares.com\\\/#organization\"},\"image\":{\"@id\":\"http:\\\/\\\/cgsbaleares.com\\\/ca\\\/trobada-entre-la-fundacio-de-graduats-socials-de-les-illes-balears-i-la-fundacio-deixalles\\\/#primaryimage\"},\"thumbnailUrl\":\"http:\\\/\\\/cgsbaleares.com\\\/wp-content\\\/uploads\\\/2025\\\/06\\\/wweb.fotoreunion-copia-scaled.jpg\",\"articleSection\":[\"Cursos i formaci\u00f3\",\"Not\u00edcies generals\"],\"inLanguage\":\"ca\",\"potentialAction\":[{\"@type\":\"CommentAction\",\"name\":\"Comment\",\"target\":[\"http:\\\/\\\/cgsbaleares.com\\\/ca\\\/trobada-entre-la-fundacio-de-graduats-socials-de-les-illes-balears-i-la-fundacio-deixalles\\\/#respond\"]}]},{\"@type\":\"WebPage\",\"@id\":\"http:\\\/\\\/cgsbaleares.com\\\/ca\\\/trobada-entre-la-fundacio-de-graduats-socials-de-les-illes-balears-i-la-fundacio-deixalles\\\/\",\"url\":\"http:\\\/\\\/cgsbaleares.com\\\/ca\\\/trobada-entre-la-fundacio-de-graduats-socials-de-les-illes-balears-i-la-fundacio-deixalles\\\/\",\"name\":\"Trobada entre la Fundaci\u00f3 de Graduats Socials de les Illes Balears i la Fundaci\u00f3 Deixalles - Il\u00b7lustre Col\u00b7legi Oficial de Graduats Socials de le Illes Balears\",\"isPartOf\":{\"@id\":\"https:\\\/\\\/cgsbaleares.com\\\/#website\"},\"primaryImageOfPage\":{\"@id\":\"http:\\\/\\\/cgsbaleares.com\\\/ca\\\/trobada-entre-la-fundacio-de-graduats-socials-de-les-illes-balears-i-la-fundacio-deixalles\\\/#primaryimage\"},\"image\":{\"@id\":\"http:\\\/\\\/cgsbaleares.com\\\/ca\\\/trobada-entre-la-fundacio-de-graduats-socials-de-les-illes-balears-i-la-fundacio-deixalles\\\/#primaryimage\"},\"thumbnailUrl\":\"http:\\\/\\\/cgsbaleares.com\\\/wp-content\\\/uploads\\\/2025\\\/06\\\/wweb.fotoreunion-copia-scaled.jpg\",\"datePublished\":\"2025-05-30T14:11:17+00:00\",\"dateModified\":\"2025-06-02T14:17:57+00:00\",\"breadcrumb\":{\"@id\":\"http:\\\/\\\/cgsbaleares.com\\\/ca\\\/trobada-entre-la-fundacio-de-graduats-socials-de-les-illes-balears-i-la-fundacio-deixalles\\\/#breadcrumb\"},\"inLanguage\":\"ca\",\"potentialAction\":[{\"@type\":\"ReadAction\",\"target\":[\"http:\\\/\\\/cgsbaleares.com\\\/ca\\\/trobada-entre-la-fundacio-de-graduats-socials-de-les-illes-balears-i-la-fundacio-deixalles\\\/\"]}]},{\"@type\":\"ImageObject\",\"inLanguage\":\"ca\",\"@id\":\"http:\\\/\\\/cgsbaleares.com\\\/ca\\\/trobada-entre-la-fundacio-de-graduats-socials-de-les-illes-balears-i-la-fundacio-deixalles\\\/#primaryimage\",\"url\":\"http:\\\/\\\/cgsbaleares.com\\\/wp-content\\\/uploads\\\/2025\\\/06\\\/wweb.fotoreunion-copia-scaled.jpg\",\"contentUrl\":\"http:\\\/\\\/cgsbaleares.com\\\/wp-content\\\/uploads\\\/2025\\\/06\\\/wweb.fotoreunion-copia-scaled.jpg\",\"width\":2560,\"height\":1707},{\"@type\":\"BreadcrumbList\",\"@id\":\"http:\\\/\\\/cgsbaleares.com\\\/ca\\\/trobada-entre-la-fundacio-de-graduats-socials-de-les-illes-balears-i-la-fundacio-deixalles\\\/#breadcrumb\",\"itemListElement\":[{\"@type\":\"ListItem\",\"position\":1,\"name\":\"Portada\",\"item\":\"https:\\\/\\\/cgsbaleares.com\\\/ca\\\/\"},{\"@type\":\"ListItem\",\"position\":2,\"name\":\"Trobada entre la Fundaci\u00f3 de Graduats Socials de les Illes Balears i la Fundaci\u00f3 Deixalles\"}]},{\"@type\":\"WebSite\",\"@id\":\"https:\\\/\\\/cgsbaleares.com\\\/#website\",\"url\":\"https:\\\/\\\/cgsbaleares.com\\\/\",\"name\":\"Il\u00b7ustre Col\u00b7legi Oficial de Graduats Socials de le Illes Balears\",\"description\":\"Il\u00b7lustre Col\u00b7legi Oficial de Graduats Socials de les Illes Balears\",\"publisher\":{\"@id\":\"https:\\\/\\\/cgsbaleares.com\\\/#organization\"},\"potentialAction\":[{\"@type\":\"SearchAction\",\"target\":{\"@type\":\"EntryPoint\",\"urlTemplate\":\"https:\\\/\\\/cgsbaleares.com\\\/?s={search_term_string}\"},\"query-input\":{\"@type\":\"PropertyValueSpecification\",\"valueRequired\":true,\"valueName\":\"search_term_string\"}}],\"inLanguage\":\"ca\"},{\"@type\":\"Organization\",\"@id\":\"https:\\\/\\\/cgsbaleares.com\\\/#organization\",\"name\":\"Il\u00b7ustre Col\u00b7legi Oficial de Graduats Socials de le Illes Balears\",\"url\":\"https:\\\/\\\/cgsbaleares.com\\\/\",\"logo\":{\"@type\":\"ImageObject\",\"inLanguage\":\"ca\",\"@id\":\"https:\\\/\\\/cgsbaleares.com\\\/#\\\/schema\\\/logo\\\/image\\\/\",\"url\":\"http:\\\/\\\/cgsbaleares.com\\\/wp-content\\\/uploads\\\/2024\\\/08\\\/CGS_logo_baleares_500x152.png\",\"contentUrl\":\"http:\\\/\\\/cgsbaleares.com\\\/wp-content\\\/uploads\\\/2024\\\/08\\\/CGS_logo_baleares_500x152.png\",\"width\":500,\"height\":152,\"caption\":\"Il\u00b7ustre Col\u00b7legi Oficial de Graduats Socials de le Illes Balears\"},\"image\":{\"@id\":\"https:\\\/\\\/cgsbaleares.com\\\/#\\\/schema\\\/logo\\\/image\\\/\"},\"sameAs\":[\"https:\\\/\\\/www.facebook.com\\\/graduadossocialesbaleares\",\"https:\\\/\\\/x.com\\\/cgsbaleares\",\"https:\\\/\\\/www.instagram.com\\\/cgsbaleares\\\/\",\"https:\\\/\\\/www.linkedin.com\\\/company\\\/cgsbaleares\\\/\"]},{\"@type\":\"Person\",\"@id\":\"https:\\\/\\\/cgsbaleares.com\\\/#\\\/schema\\\/person\\\/7b75e24dfcb0b9f1376ec78afc253cd4\",\"name\":\"Juan Fiol Alemany\",\"image\":{\"@type\":\"ImageObject\",\"inLanguage\":\"ca\",\"@id\":\"https:\\\/\\\/secure.gravatar.com\\\/avatar\\\/9569b8e61fcb5be8918bb8ea705df8ad474ba356ff9e971390314751e816c08d?s=96&d=mm&r=g\",\"url\":\"https:\\\/\\\/secure.gravatar.com\\\/avatar\\\/9569b8e61fcb5be8918bb8ea705df8ad474ba356ff9e971390314751e816c08d?s=96&d=mm&r=g\",\"contentUrl\":\"https:\\\/\\\/secure.gravatar.com\\\/avatar\\\/9569b8e61fcb5be8918bb8ea705df8ad474ba356ff9e971390314751e816c08d?s=96&d=mm&r=g\",\"caption\":\"Juan Fiol Alemany\"},\"url\":\"http:\\\/\\\/cgsbaleares.com\\\/ca\\\/colegiado\\\/juan-fiol-alemany\\\/\"}]}<\/script>\n<!-- \/ Yoast SEO plugin. -->","yoast_head_json":{"title":"Trobada entre la Fundaci\u00f3 de Graduats Socials de les Illes Balears i la Fundaci\u00f3 Deixalles - Il\u00b7lustre Col\u00b7legi Oficial de Graduats Socials de le Illes Balears","robots":{"index":"index","follow":"follow","max-snippet":"max-snippet:-1","max-image-preview":"max-image-preview:large","max-video-preview":"max-video-preview:-1"},"canonical":"http:\/\/cgsbaleares.com\/ca\/trobada-entre-la-fundacio-de-graduats-socials-de-les-illes-balears-i-la-fundacio-deixalles\/","og_locale":"ca_ES","og_type":"article","og_title":"Trobada entre la Fundaci\u00f3 de Graduats Socials de les Illes Balears i la Fundaci\u00f3 Deixalles - Il\u00b7lustre Col\u00b7legi Oficial de Graduats Socials de le Illes Balears","og_description":"Divendres 30 de maig, la seu de l\u2019Il\u00b7lustre Col\u00b7legi Oficial de Graduats Socials de les Illes Balears va acollir una reuni\u00f3 entre la Fundaci\u00f3 de Graduats Socials de les Illes Balears i la Fundaci\u00f3 Deixalles. En nom de la fundaci\u00f3 col\u00b7legial hi van participar la presidenta Merc\u00e8 Garc\u00eda, la vocal Johanny Rodr\u00edguez i la gerent [&hellip;]","og_url":"http:\/\/cgsbaleares.com\/ca\/trobada-entre-la-fundacio-de-graduats-socials-de-les-illes-balears-i-la-fundacio-deixalles\/","og_site_name":"Il\u00b7lustre Col\u00b7legi Oficial de Graduats Socials de le Illes Balears","article_publisher":"https:\/\/www.facebook.com\/graduadossocialesbaleares","article_published_time":"2025-05-30T14:11:17+00:00","article_modified_time":"2025-06-02T14:17:57+00:00","og_image":[{"width":2560,"height":1707,"url":"http:\/\/cgsbaleares.com\/wp-content\/uploads\/2025\/06\/wweb.fotoreunion-copia-scaled.jpg","type":"image\/jpeg"}],"author":"Juan Fiol Alemany","twitter_card":"summary_large_image","twitter_creator":"@cgsbaleares","twitter_site":"@cgsbaleares","twitter_misc":{"Escrit per":"Juan Fiol Alemany","Temps estimat de lectura":"1 minut"},"schema":{"@context":"https:\/\/schema.org","@graph":[{"@type":"Article","@id":"http:\/\/cgsbaleares.com\/ca\/trobada-entre-la-fundacio-de-graduats-socials-de-les-illes-balears-i-la-fundacio-deixalles\/#article","isPartOf":{"@id":"http:\/\/cgsbaleares.com\/ca\/trobada-entre-la-fundacio-de-graduats-socials-de-les-illes-balears-i-la-fundacio-deixalles\/"},"author":{"name":"Juan Fiol Alemany","@id":"https:\/\/cgsbaleares.com\/#\/schema\/person\/7b75e24dfcb0b9f1376ec78afc253cd4"},"headline":"Trobada entre la Fundaci\u00f3 de Graduats Socials de les Illes Balears i la Fundaci\u00f3 Deixalles","datePublished":"2025-05-30T14:11:17+00:00","dateModified":"2025-06-02T14:17:57+00:00","mainEntityOfPage":{"@id":"http:\/\/cgsbaleares.com\/ca\/trobada-entre-la-fundacio-de-graduats-socials-de-les-illes-balears-i-la-fundacio-deixalles\/"},"wordCount":168,"commentCount":0,"publisher":{"@id":"https:\/\/cgsbaleares.com\/#organization"},"image":{"@id":"http:\/\/cgsbaleares.com\/ca\/trobada-entre-la-fundacio-de-graduats-socials-de-les-illes-balears-i-la-fundacio-deixalles\/#primaryimage"},"thumbnailUrl":"http:\/\/cgsbaleares.com\/wp-content\/uploads\/2025\/06\/wweb.fotoreunion-copia-scaled.jpg","articleSection":["Cursos i formaci\u00f3","Not\u00edcies generals"],"inLanguage":"ca","potentialAction":[{"@type":"CommentAction","name":"Comment","target":["http:\/\/cgsbaleares.com\/ca\/trobada-entre-la-fundacio-de-graduats-socials-de-les-illes-balears-i-la-fundacio-deixalles\/#respond"]}]},{"@type":"WebPage","@id":"http:\/\/cgsbaleares.com\/ca\/trobada-entre-la-fundacio-de-graduats-socials-de-les-illes-balears-i-la-fundacio-deixalles\/","url":"http:\/\/cgsbaleares.com\/ca\/trobada-entre-la-fundacio-de-graduats-socials-de-les-illes-balears-i-la-fundacio-deixalles\/","name":"Trobada entre la Fundaci\u00f3 de Graduats Socials de les Illes Balears i la Fundaci\u00f3 Deixalles - Il\u00b7lustre Col\u00b7legi Oficial de Graduats Socials de le Illes Balears","isPartOf":{"@id":"https:\/\/cgsbaleares.com\/#website"},"primaryImageOfPage":{"@id":"http:\/\/cgsbaleares.com\/ca\/trobada-entre-la-fundacio-de-graduats-socials-de-les-illes-balears-i-la-fundacio-deixalles\/#primaryimage"},"image":{"@id":"http:\/\/cgsbaleares.com\/ca\/trobada-entre-la-fundacio-de-graduats-socials-de-les-illes-balears-i-la-fundacio-deixalles\/#primaryimage"},"thumbnailUrl":"http:\/\/cgsbaleares.com\/wp-content\/uploads\/2025\/06\/wweb.fotoreunion-copia-scaled.jpg","datePublished":"2025-05-30T14:11:17+00:00","dateModified":"2025-06-02T14:17:57+00:00","breadcrumb":{"@id":"http:\/\/cgsbaleares.com\/ca\/trobada-entre-la-fundacio-de-graduats-socials-de-les-illes-balears-i-la-fundacio-deixalles\/#breadcrumb"},"inLanguage":"ca","potentialAction":[{"@type":"ReadAction","target":["http:\/\/cgsbaleares.com\/ca\/trobada-entre-la-fundacio-de-graduats-socials-de-les-illes-balears-i-la-fundacio-deixalles\/"]}]},{"@type":"ImageObject","inLanguage":"ca","@id":"http:\/\/cgsbaleares.com\/ca\/trobada-entre-la-fundacio-de-graduats-socials-de-les-illes-balears-i-la-fundacio-deixalles\/#primaryimage","url":"http:\/\/cgsbaleares.com\/wp-content\/uploads\/2025\/06\/wweb.fotoreunion-copia-scaled.jpg","contentUrl":"http:\/\/cgsbaleares.com\/wp-content\/uploads\/2025\/06\/wweb.fotoreunion-copia-scaled.jpg","width":2560,"height":1707},{"@type":"BreadcrumbList","@id":"http:\/\/cgsbaleares.com\/ca\/trobada-entre-la-fundacio-de-graduats-socials-de-les-illes-balears-i-la-fundacio-deixalles\/#breadcrumb","itemListElement":[{"@type":"ListItem","position":1,"name":"Portada","item":"https:\/\/cgsbaleares.com\/ca\/"},{"@type":"ListItem","position":2,"name":"Trobada entre la Fundaci\u00f3 de Graduats Socials de les Illes Balears i la Fundaci\u00f3 Deixalles"}]},{"@type":"WebSite","@id":"https:\/\/cgsbaleares.com\/#website","url":"https:\/\/cgsbaleares.com\/","name":"Il\u00b7ustre Col\u00b7legi Oficial de Graduats Socials de le Illes Balears","description":"Il\u00b7lustre Col\u00b7legi Oficial de Graduats Socials de les Illes Balears","publisher":{"@id":"https:\/\/cgsbaleares.com\/#organization"},"potentialAction":[{"@type":"SearchAction","target":{"@type":"EntryPoint","urlTemplate":"https:\/\/cgsbaleares.com\/?s={search_term_string}"},"query-input":{"@type":"PropertyValueSpecification","valueRequired":true,"valueName":"search_term_string"}}],"inLanguage":"ca"},{"@type":"Organization","@id":"https:\/\/cgsbaleares.com\/#organization","name":"Il\u00b7ustre Col\u00b7legi Oficial de Graduats Socials de le Illes Balears","url":"https:\/\/cgsbaleares.com\/","logo":{"@type":"ImageObject","inLanguage":"ca","@id":"https:\/\/cgsbaleares.com\/#\/schema\/logo\/image\/","url":"http:\/\/cgsbaleares.com\/wp-content\/uploads\/2024\/08\/CGS_logo_baleares_500x152.png","contentUrl":"http:\/\/cgsbaleares.com\/wp-content\/uploads\/2024\/08\/CGS_logo_baleares_500x152.png","width":500,"height":152,"caption":"Il\u00b7ustre Col\u00b7legi Oficial de Graduats Socials de le Illes Balears"},"image":{"@id":"https:\/\/cgsbaleares.com\/#\/schema\/logo\/image\/"},"sameAs":["https:\/\/www.facebook.com\/graduadossocialesbaleares","https:\/\/x.com\/cgsbaleares","https:\/\/www.instagram.com\/cgsbaleares\/","https:\/\/www.linkedin.com\/company\/cgsbaleares\/"]},{"@type":"Person","@id":"https:\/\/cgsbaleares.com\/#\/schema\/person\/7b75e24dfcb0b9f1376ec78afc253cd4","name":"Juan Fiol Alemany","image":{"@type":"ImageObject","inLanguage":"ca","@id":"https:\/\/secure.gravatar.com\/avatar\/9569b8e61fcb5be8918bb8ea705df8ad474ba356ff9e971390314751e816c08d?s=96&d=mm&r=g","url":"https:\/\/secure.gravatar.com\/avatar\/9569b8e61fcb5be8918bb8ea705df8ad474ba356ff9e971390314751e816c08d?s=96&d=mm&r=g","contentUrl":"https:\/\/secure.gravatar.com\/avatar\/9569b8e61fcb5be8918bb8ea705df8ad474ba356ff9e971390314751e816c08d?s=96&d=mm&r=g","caption":"Juan Fiol Alemany"},"url":"http:\/\/cgsbaleares.com\/ca\/colegiado\/juan-fiol-alemany\/"}]}},"_links":{"self":[{"href":"http:\/\/cgsbaleares.com\/ca\/wp-json\/wp\/v2\/posts\/20156","targetHints":{"allow":["GET"]}}],"collection":[{"href":"http:\/\/cgsbaleares.com\/ca\/wp-json\/wp\/v2\/posts"}],"about":[{"href":"http:\/\/cgsbaleares.com\/ca\/wp-json\/wp\/v2\/types\/post"}],"author":[{"embeddable":true,"href":"http:\/\/cgsbaleares.com\/ca\/wp-json\/wp\/v2\/users\/677"}],"replies":[{"embeddable":true,"href":"http:\/\/cgsbaleares.com\/ca\/wp-json\/wp\/v2\/comments?post=20156"}],"version-history":[{"count":3,"href":"http:\/\/cgsbaleares.com\/ca\/wp-json\/wp\/v2\/posts\/20156\/revisions"}],"predecessor-version":[{"id":20159,"href":"http:\/\/cgsbaleares.com\/ca\/wp-json\/wp\/v2\/posts\/20156\/revisions\/20159"}],"wp:featuredmedia":[{"embeddable":true,"href":"http:\/\/cgsbaleares.com\/ca\/wp-json\/wp\/v2\/media\/20152"}],"wp:attachment":[{"href":"http:\/\/cgsbaleares.com\/ca\/wp-json\/wp\/v2\/media?parent=20156"}],"wp:term":[{"taxonomy":"category","embeddable":true,"href":"http:\/\/cgsbaleares.com\/ca\/wp-json\/wp\/v2\/categories?post=20156"},{"taxonomy":"post_tag","embeddable":true,"href":"http:\/\/cgsbaleares.com\/ca\/wp-json\/wp\/v2\/tags?post=20156"}],"curies":[{"name":"wp","href":"https:\/\/api.w.org\/{rel}","templated":true}]}}