{"id":20183,"date":"2025-06-06T12:36:24","date_gmt":"2025-06-06T10:36:24","guid":{"rendered":"https:\/\/cgsbaleares.com\/?p=20183"},"modified":"2025-06-06T12:37:36","modified_gmt":"2025-06-06T10:37:36","slug":"taula-rodona-tenint-cura-de-tu-i-dels-teus-organitzada-amb-fraternidad-muprespa","status":"publish","type":"post","link":"http:\/\/cgsbaleares.com\/ca\/taula-rodona-tenint-cura-de-tu-i-dels-teus-organitzada-amb-fraternidad-muprespa\/","title":{"rendered":"Taula rodona \u00abTenint cura de tu i dels teus\u00bb organitzada amb Fraternidad-Muprespa"},"content":{"rendered":"\n<p><\/p>\n\n\n\n<p>El 5 de juny, la seu de l\u2019Il\u00b7lustre Col\u00b7legi Oficial de Graduats Socials de les Illes Balears va acollir la taula rodona \u00abTenint cura de tu i dels teus: Prestaci\u00f3 per Risc durant l\u2019Embar\u00e0s i la Lact\u00e0ncia (PREL) i Prestaci\u00f3 per Cura de Menors Afectats per C\u00e0ncer o una altra Malaltia Greu (CUME)\u00bb, organitzada pel Col\u00b7legi en col\u00b7laboraci\u00f3 amb Fraternidad-Muprespa i la Fundaci\u00f3 de Graduats Socials de les Illes Balears.<\/p>\n\n\n\n<p>Jordi Batalla Canyelles, director territorial nord-est de Fraternidad-Muprespa, va obrir l\u2019acte, que va ser condu\u00eft pel vicesecretari del Col\u00b7legi, Jos\u00e9 Manuel Raya S\u00e1nchez. Al llarg de la sessi\u00f3 hi van intervenir Catalina Ana Mulet Monserrat, cap de Prestacions de la Direcci\u00f3 Provincial Balear de Fraternidad-Muprespa; el doctor Eugenio D\u00edaz Exp\u00f3sito, coordinador territorial assistencial de la mateixa entitat; Rafael Reyes Moreno, consultor de Prevenci\u00f3; i Marian Sbert Haro, directora provincial a les Illes Balears.<\/p>\n\n\n\n<p>Les pon\u00e8ncies van aprofundir en els requisits, la tramitaci\u00f3 i l\u2019abast de la PREL i la CUME, tot remarcant la import\u00e0ncia de la protecci\u00f3 social de la maternitat, la lact\u00e0ncia i la cura dels menors amb patologies greus. Es va posar de relleu el paper preventiu de la m\u00fatua, l\u2019actualitzaci\u00f3 normativa i la col\u00b7laboraci\u00f3 institucional per garantir la cobertura i el benestar de les fam\u00edlies treballadores.<\/p>\n\n\n\n<figure class=\"wp-block-image size-large\"><img fetchpriority=\"high\" decoding=\"async\" width=\"1024\" height=\"683\" src=\"https:\/\/cgsbaleares.com\/wp-content\/uploads\/2025\/06\/webfoto3curso-copia-1-1024x683.jpg\" alt=\"\" class=\"wp-image-20184\" srcset=\"http:\/\/cgsbaleares.com\/wp-content\/uploads\/2025\/06\/webfoto3curso-copia-1-1024x683.jpg 1024w, http:\/\/cgsbaleares.com\/wp-content\/uploads\/2025\/06\/webfoto3curso-copia-1-300x200.jpg 300w, http:\/\/cgsbaleares.com\/wp-content\/uploads\/2025\/06\/webfoto3curso-copia-1-768x512.jpg 768w, http:\/\/cgsbaleares.com\/wp-content\/uploads\/2025\/06\/webfoto3curso-copia-1-1536x1024.jpg 1536w, http:\/\/cgsbaleares.com\/wp-content\/uploads\/2025\/06\/webfoto3curso-copia-1-2048x1365.jpg 2048w\" sizes=\"(max-width: 1024px) 100vw, 1024px\" \/><\/figure>\n","protected":false},"excerpt":{"rendered":"<p>El 5 de juny, la seu de l\u2019Il\u00b7lustre Col\u00b7legi Oficial de Graduats Socials de les Illes Balears va acollir la taula rodona \u00abTenint cura de tu i dels teus: Prestaci\u00f3 per Risc durant l\u2019Embar\u00e0s i la Lact\u00e0ncia (PREL) i Prestaci\u00f3 per Cura de Menors Afectats per C\u00e0ncer o una altra Malaltia Greu (CUME)\u00bb, organitzada pel [&hellip;]<\/p>\n","protected":false},"author":677,"featured_media":20178,"comment_status":"open","ping_status":"open","sticky":false,"template":"","format":"standard","meta":{"_monsterinsights_skip_tracking":false,"_monsterinsights_sitenote_active":false,"_monsterinsights_sitenote_note":"","_monsterinsights_sitenote_category":0,"_uf_show_specific_survey":0,"_uf_disable_surveys":false,"_jet_sm_ready_style":"","_jet_sm_style":"","_jet_sm_controls_values":"","_jet_sm_fonts_collection":"","_jet_sm_fonts_links":"","footnotes":""},"categories":[317],"tags":[],"class_list":["post-20183","post","type-post","status-publish","format-standard","has-post-thumbnail","hentry","category-cursos-i-formacio"],"desde":null,"hasta":null,"texto_circular":null,"hora_envio":null,"texto_ciruclar":null,"texto-circular":null,"asunto_circular":null,"documentos":null,"lugar_del_evento":null,"texto_fechas_":null,"envio_circular":null,"enviar_newsletter":null,"fecha_envio":null,"estado_envio":null,"destinatarios":null,"demarcaciones":null,"pendiente":null,"yoast_head":"<!-- This site is optimized with the Yoast SEO plugin v27.5 - https:\/\/yoast.com\/product\/yoast-seo-wordpress\/ -->\n<title>Taula rodona \u00abTenint cura de tu i dels teus\u00bb organitzada amb Fraternidad-Muprespa - Il\u00b7lustre Col\u00b7legi Oficial de Graduats Socials de le Illes Balears<\/title>\n<meta name=\"robots\" content=\"index, follow, max-snippet:-1, max-image-preview:large, max-video-preview:-1\" \/>\n<link rel=\"canonical\" href=\"https:\/\/cgsbaleares.com\/mesa-redonda-cuidando-de-ti-y-los-tuyosorganizadacon-fraternidad-muprespa\/\" \/>\n<meta property=\"og:locale\" content=\"ca_ES\" \/>\n<meta property=\"og:type\" content=\"article\" \/>\n<meta property=\"og:title\" content=\"Taula rodona \u00abTenint cura de tu i dels teus\u00bb organitzada amb Fraternidad-Muprespa - Il\u00b7lustre Col\u00b7legi Oficial de Graduats Socials de le Illes Balears\" \/>\n<meta property=\"og:description\" content=\"El 5 de juny, la seu de l\u2019Il\u00b7lustre Col\u00b7legi Oficial de Graduats Socials de les Illes Balears va acollir la taula rodona \u00abTenint cura de tu i dels teus: Prestaci\u00f3 per Risc durant l\u2019Embar\u00e0s i la Lact\u00e0ncia (PREL) i Prestaci\u00f3 per Cura de Menors Afectats per C\u00e0ncer o una altra Malaltia Greu (CUME)\u00bb, organitzada pel [&hellip;]\" \/>\n<meta property=\"og:url\" content=\"https:\/\/cgsbaleares.com\/mesa-redonda-cuidando-de-ti-y-los-tuyosorganizadacon-fraternidad-muprespa\/\" \/>\n<meta property=\"og:site_name\" content=\"Il\u00b7lustre Col\u00b7legi Oficial de Graduats Socials de le Illes Balears\" \/>\n<meta property=\"article:publisher\" content=\"https:\/\/www.facebook.com\/graduadossocialesbaleares\" \/>\n<meta property=\"article:published_time\" content=\"2025-06-06T10:36:24+00:00\" \/>\n<meta property=\"article:modified_time\" content=\"2025-06-06T10:37:36+00:00\" \/>\n<meta property=\"og:image\" content=\"https:\/\/cgsbaleares.com\/wp-content\/uploads\/2025\/06\/web1fotoponentes-copia-scaled.jpg\" \/>\n\t<meta property=\"og:image:width\" content=\"2560\" \/>\n\t<meta property=\"og:image:height\" content=\"1611\" \/>\n\t<meta property=\"og:image:type\" content=\"image\/jpeg\" \/>\n<meta name=\"author\" content=\"Juan Fiol Alemany\" \/>\n<meta name=\"twitter:card\" content=\"summary_large_image\" \/>\n<meta name=\"twitter:creator\" content=\"@cgsbaleares\" \/>\n<meta name=\"twitter:site\" content=\"@cgsbaleares\" \/>\n<meta name=\"twitter:label1\" content=\"Escrit per\" \/>\n\t<meta name=\"twitter:data1\" content=\"Juan Fiol Alemany\" \/>\n\t<meta name=\"twitter:label2\" content=\"Temps estimat de lectura\" \/>\n\t<meta name=\"twitter:data2\" content=\"2 minuts\" \/>\n<script type=\"application\/ld+json\" class=\"yoast-schema-graph\">{\"@context\":\"https:\\\/\\\/schema.org\",\"@graph\":[{\"@type\":\"Article\",\"@id\":\"https:\\\/\\\/cgsbaleares.com\\\/mesa-redonda-cuidando-de-ti-y-los-tuyosorganizadacon-fraternidad-muprespa\\\/#article\",\"isPartOf\":{\"@id\":\"https:\\\/\\\/cgsbaleares.com\\\/mesa-redonda-cuidando-de-ti-y-los-tuyosorganizadacon-fraternidad-muprespa\\\/\"},\"author\":{\"name\":\"Juan Fiol Alemany\",\"@id\":\"https:\\\/\\\/cgsbaleares.com\\\/#\\\/schema\\\/person\\\/7b75e24dfcb0b9f1376ec78afc253cd4\"},\"headline\":\"Taula rodona \u00abTenint cura de tu i dels teus\u00bb organitzada amb Fraternidad-Muprespa\",\"datePublished\":\"2025-06-06T10:36:24+00:00\",\"dateModified\":\"2025-06-06T10:37:36+00:00\",\"mainEntityOfPage\":{\"@id\":\"https:\\\/\\\/cgsbaleares.com\\\/mesa-redonda-cuidando-de-ti-y-los-tuyosorganizadacon-fraternidad-muprespa\\\/\"},\"wordCount\":243,\"commentCount\":0,\"publisher\":{\"@id\":\"https:\\\/\\\/cgsbaleares.com\\\/#organization\"},\"image\":{\"@id\":\"https:\\\/\\\/cgsbaleares.com\\\/mesa-redonda-cuidando-de-ti-y-los-tuyosorganizadacon-fraternidad-muprespa\\\/#primaryimage\"},\"thumbnailUrl\":\"http:\\\/\\\/cgsbaleares.com\\\/wp-content\\\/uploads\\\/2025\\\/06\\\/web1fotoponentes-copia-scaled.jpg\",\"articleSection\":[\"Cursos i formaci\u00f3\"],\"inLanguage\":\"ca\",\"potentialAction\":[{\"@type\":\"CommentAction\",\"name\":\"Comment\",\"target\":[\"https:\\\/\\\/cgsbaleares.com\\\/mesa-redonda-cuidando-de-ti-y-los-tuyosorganizadacon-fraternidad-muprespa\\\/#respond\"]}]},{\"@type\":\"WebPage\",\"@id\":\"https:\\\/\\\/cgsbaleares.com\\\/mesa-redonda-cuidando-de-ti-y-los-tuyosorganizadacon-fraternidad-muprespa\\\/\",\"url\":\"https:\\\/\\\/cgsbaleares.com\\\/mesa-redonda-cuidando-de-ti-y-los-tuyosorganizadacon-fraternidad-muprespa\\\/\",\"name\":\"Taula rodona \u00abTenint cura de tu i dels teus\u00bb organitzada amb Fraternidad-Muprespa - Il\u00b7lustre Col\u00b7legi Oficial de Graduats Socials de le Illes Balears\",\"isPartOf\":{\"@id\":\"https:\\\/\\\/cgsbaleares.com\\\/#website\"},\"primaryImageOfPage\":{\"@id\":\"https:\\\/\\\/cgsbaleares.com\\\/mesa-redonda-cuidando-de-ti-y-los-tuyosorganizadacon-fraternidad-muprespa\\\/#primaryimage\"},\"image\":{\"@id\":\"https:\\\/\\\/cgsbaleares.com\\\/mesa-redonda-cuidando-de-ti-y-los-tuyosorganizadacon-fraternidad-muprespa\\\/#primaryimage\"},\"thumbnailUrl\":\"http:\\\/\\\/cgsbaleares.com\\\/wp-content\\\/uploads\\\/2025\\\/06\\\/web1fotoponentes-copia-scaled.jpg\",\"datePublished\":\"2025-06-06T10:36:24+00:00\",\"dateModified\":\"2025-06-06T10:37:36+00:00\",\"breadcrumb\":{\"@id\":\"https:\\\/\\\/cgsbaleares.com\\\/mesa-redonda-cuidando-de-ti-y-los-tuyosorganizadacon-fraternidad-muprespa\\\/#breadcrumb\"},\"inLanguage\":\"ca\",\"potentialAction\":[{\"@type\":\"ReadAction\",\"target\":[\"https:\\\/\\\/cgsbaleares.com\\\/mesa-redonda-cuidando-de-ti-y-los-tuyosorganizadacon-fraternidad-muprespa\\\/\"]}]},{\"@type\":\"ImageObject\",\"inLanguage\":\"ca\",\"@id\":\"https:\\\/\\\/cgsbaleares.com\\\/mesa-redonda-cuidando-de-ti-y-los-tuyosorganizadacon-fraternidad-muprespa\\\/#primaryimage\",\"url\":\"http:\\\/\\\/cgsbaleares.com\\\/wp-content\\\/uploads\\\/2025\\\/06\\\/web1fotoponentes-copia-scaled.jpg\",\"contentUrl\":\"http:\\\/\\\/cgsbaleares.com\\\/wp-content\\\/uploads\\\/2025\\\/06\\\/web1fotoponentes-copia-scaled.jpg\",\"width\":2560,\"height\":1611},{\"@type\":\"BreadcrumbList\",\"@id\":\"https:\\\/\\\/cgsbaleares.com\\\/mesa-redonda-cuidando-de-ti-y-los-tuyosorganizadacon-fraternidad-muprespa\\\/#breadcrumb\",\"itemListElement\":[{\"@type\":\"ListItem\",\"position\":1,\"name\":\"Portada\",\"item\":\"https:\\\/\\\/cgsbaleares.com\\\/ca\\\/\"},{\"@type\":\"ListItem\",\"position\":2,\"name\":\"Taula rodona \u00abTenint cura de tu i dels teus\u00bb organitzada amb Fraternidad-Muprespa\"}]},{\"@type\":\"WebSite\",\"@id\":\"https:\\\/\\\/cgsbaleares.com\\\/#website\",\"url\":\"https:\\\/\\\/cgsbaleares.com\\\/\",\"name\":\"Il\u00b7ustre Col\u00b7legi Oficial de Graduats Socials de le Illes Balears\",\"description\":\"Il\u00b7lustre Col\u00b7legi Oficial de Graduats Socials de les Illes Balears\",\"publisher\":{\"@id\":\"https:\\\/\\\/cgsbaleares.com\\\/#organization\"},\"potentialAction\":[{\"@type\":\"SearchAction\",\"target\":{\"@type\":\"EntryPoint\",\"urlTemplate\":\"https:\\\/\\\/cgsbaleares.com\\\/?s={search_term_string}\"},\"query-input\":{\"@type\":\"PropertyValueSpecification\",\"valueRequired\":true,\"valueName\":\"search_term_string\"}}],\"inLanguage\":\"ca\"},{\"@type\":\"Organization\",\"@id\":\"https:\\\/\\\/cgsbaleares.com\\\/#organization\",\"name\":\"Il\u00b7ustre Col\u00b7legi Oficial de Graduats Socials de le Illes Balears\",\"url\":\"https:\\\/\\\/cgsbaleares.com\\\/\",\"logo\":{\"@type\":\"ImageObject\",\"inLanguage\":\"ca\",\"@id\":\"https:\\\/\\\/cgsbaleares.com\\\/#\\\/schema\\\/logo\\\/image\\\/\",\"url\":\"http:\\\/\\\/cgsbaleares.com\\\/wp-content\\\/uploads\\\/2024\\\/08\\\/CGS_logo_baleares_500x152.png\",\"contentUrl\":\"http:\\\/\\\/cgsbaleares.com\\\/wp-content\\\/uploads\\\/2024\\\/08\\\/CGS_logo_baleares_500x152.png\",\"width\":500,\"height\":152,\"caption\":\"Il\u00b7ustre Col\u00b7legi Oficial de Graduats Socials de le Illes Balears\"},\"image\":{\"@id\":\"https:\\\/\\\/cgsbaleares.com\\\/#\\\/schema\\\/logo\\\/image\\\/\"},\"sameAs\":[\"https:\\\/\\\/www.facebook.com\\\/graduadossocialesbaleares\",\"https:\\\/\\\/x.com\\\/cgsbaleares\",\"https:\\\/\\\/www.instagram.com\\\/cgsbaleares\\\/\",\"https:\\\/\\\/www.linkedin.com\\\/company\\\/cgsbaleares\\\/\"]},{\"@type\":\"Person\",\"@id\":\"https:\\\/\\\/cgsbaleares.com\\\/#\\\/schema\\\/person\\\/7b75e24dfcb0b9f1376ec78afc253cd4\",\"name\":\"Juan Fiol Alemany\",\"image\":{\"@type\":\"ImageObject\",\"inLanguage\":\"ca\",\"@id\":\"https:\\\/\\\/secure.gravatar.com\\\/avatar\\\/9569b8e61fcb5be8918bb8ea705df8ad474ba356ff9e971390314751e816c08d?s=96&d=mm&r=g\",\"url\":\"https:\\\/\\\/secure.gravatar.com\\\/avatar\\\/9569b8e61fcb5be8918bb8ea705df8ad474ba356ff9e971390314751e816c08d?s=96&d=mm&r=g\",\"contentUrl\":\"https:\\\/\\\/secure.gravatar.com\\\/avatar\\\/9569b8e61fcb5be8918bb8ea705df8ad474ba356ff9e971390314751e816c08d?s=96&d=mm&r=g\",\"caption\":\"Juan Fiol Alemany\"},\"url\":\"http:\\\/\\\/cgsbaleares.com\\\/ca\\\/colegiado\\\/juan-fiol-alemany\\\/\"}]}<\/script>\n<!-- \/ Yoast SEO plugin. -->","yoast_head_json":{"title":"Taula rodona \u00abTenint cura de tu i dels teus\u00bb organitzada amb Fraternidad-Muprespa - Il\u00b7lustre Col\u00b7legi Oficial de Graduats Socials de le Illes Balears","robots":{"index":"index","follow":"follow","max-snippet":"max-snippet:-1","max-image-preview":"max-image-preview:large","max-video-preview":"max-video-preview:-1"},"canonical":"https:\/\/cgsbaleares.com\/mesa-redonda-cuidando-de-ti-y-los-tuyosorganizadacon-fraternidad-muprespa\/","og_locale":"ca_ES","og_type":"article","og_title":"Taula rodona \u00abTenint cura de tu i dels teus\u00bb organitzada amb Fraternidad-Muprespa - Il\u00b7lustre Col\u00b7legi Oficial de Graduats Socials de le Illes Balears","og_description":"El 5 de juny, la seu de l\u2019Il\u00b7lustre Col\u00b7legi Oficial de Graduats Socials de les Illes Balears va acollir la taula rodona \u00abTenint cura de tu i dels teus: Prestaci\u00f3 per Risc durant l\u2019Embar\u00e0s i la Lact\u00e0ncia (PREL) i Prestaci\u00f3 per Cura de Menors Afectats per C\u00e0ncer o una altra Malaltia Greu (CUME)\u00bb, organitzada pel [&hellip;]","og_url":"https:\/\/cgsbaleares.com\/mesa-redonda-cuidando-de-ti-y-los-tuyosorganizadacon-fraternidad-muprespa\/","og_site_name":"Il\u00b7lustre Col\u00b7legi Oficial de Graduats Socials de le Illes Balears","article_publisher":"https:\/\/www.facebook.com\/graduadossocialesbaleares","article_published_time":"2025-06-06T10:36:24+00:00","article_modified_time":"2025-06-06T10:37:36+00:00","og_image":[{"width":2560,"height":1611,"url":"https:\/\/cgsbaleares.com\/wp-content\/uploads\/2025\/06\/web1fotoponentes-copia-scaled.jpg","type":"image\/jpeg"}],"author":"Juan Fiol Alemany","twitter_card":"summary_large_image","twitter_creator":"@cgsbaleares","twitter_site":"@cgsbaleares","twitter_misc":{"Escrit per":"Juan Fiol Alemany","Temps estimat de lectura":"2 minuts"},"schema":{"@context":"https:\/\/schema.org","@graph":[{"@type":"Article","@id":"https:\/\/cgsbaleares.com\/mesa-redonda-cuidando-de-ti-y-los-tuyosorganizadacon-fraternidad-muprespa\/#article","isPartOf":{"@id":"https:\/\/cgsbaleares.com\/mesa-redonda-cuidando-de-ti-y-los-tuyosorganizadacon-fraternidad-muprespa\/"},"author":{"name":"Juan Fiol Alemany","@id":"https:\/\/cgsbaleares.com\/#\/schema\/person\/7b75e24dfcb0b9f1376ec78afc253cd4"},"headline":"Taula rodona \u00abTenint cura de tu i dels teus\u00bb organitzada amb Fraternidad-Muprespa","datePublished":"2025-06-06T10:36:24+00:00","dateModified":"2025-06-06T10:37:36+00:00","mainEntityOfPage":{"@id":"https:\/\/cgsbaleares.com\/mesa-redonda-cuidando-de-ti-y-los-tuyosorganizadacon-fraternidad-muprespa\/"},"wordCount":243,"commentCount":0,"publisher":{"@id":"https:\/\/cgsbaleares.com\/#organization"},"image":{"@id":"https:\/\/cgsbaleares.com\/mesa-redonda-cuidando-de-ti-y-los-tuyosorganizadacon-fraternidad-muprespa\/#primaryimage"},"thumbnailUrl":"http:\/\/cgsbaleares.com\/wp-content\/uploads\/2025\/06\/web1fotoponentes-copia-scaled.jpg","articleSection":["Cursos i formaci\u00f3"],"inLanguage":"ca","potentialAction":[{"@type":"CommentAction","name":"Comment","target":["https:\/\/cgsbaleares.com\/mesa-redonda-cuidando-de-ti-y-los-tuyosorganizadacon-fraternidad-muprespa\/#respond"]}]},{"@type":"WebPage","@id":"https:\/\/cgsbaleares.com\/mesa-redonda-cuidando-de-ti-y-los-tuyosorganizadacon-fraternidad-muprespa\/","url":"https:\/\/cgsbaleares.com\/mesa-redonda-cuidando-de-ti-y-los-tuyosorganizadacon-fraternidad-muprespa\/","name":"Taula rodona \u00abTenint cura de tu i dels teus\u00bb organitzada amb Fraternidad-Muprespa - Il\u00b7lustre Col\u00b7legi Oficial de Graduats Socials de le Illes Balears","isPartOf":{"@id":"https:\/\/cgsbaleares.com\/#website"},"primaryImageOfPage":{"@id":"https:\/\/cgsbaleares.com\/mesa-redonda-cuidando-de-ti-y-los-tuyosorganizadacon-fraternidad-muprespa\/#primaryimage"},"image":{"@id":"https:\/\/cgsbaleares.com\/mesa-redonda-cuidando-de-ti-y-los-tuyosorganizadacon-fraternidad-muprespa\/#primaryimage"},"thumbnailUrl":"http:\/\/cgsbaleares.com\/wp-content\/uploads\/2025\/06\/web1fotoponentes-copia-scaled.jpg","datePublished":"2025-06-06T10:36:24+00:00","dateModified":"2025-06-06T10:37:36+00:00","breadcrumb":{"@id":"https:\/\/cgsbaleares.com\/mesa-redonda-cuidando-de-ti-y-los-tuyosorganizadacon-fraternidad-muprespa\/#breadcrumb"},"inLanguage":"ca","potentialAction":[{"@type":"ReadAction","target":["https:\/\/cgsbaleares.com\/mesa-redonda-cuidando-de-ti-y-los-tuyosorganizadacon-fraternidad-muprespa\/"]}]},{"@type":"ImageObject","inLanguage":"ca","@id":"https:\/\/cgsbaleares.com\/mesa-redonda-cuidando-de-ti-y-los-tuyosorganizadacon-fraternidad-muprespa\/#primaryimage","url":"http:\/\/cgsbaleares.com\/wp-content\/uploads\/2025\/06\/web1fotoponentes-copia-scaled.jpg","contentUrl":"http:\/\/cgsbaleares.com\/wp-content\/uploads\/2025\/06\/web1fotoponentes-copia-scaled.jpg","width":2560,"height":1611},{"@type":"BreadcrumbList","@id":"https:\/\/cgsbaleares.com\/mesa-redonda-cuidando-de-ti-y-los-tuyosorganizadacon-fraternidad-muprespa\/#breadcrumb","itemListElement":[{"@type":"ListItem","position":1,"name":"Portada","item":"https:\/\/cgsbaleares.com\/ca\/"},{"@type":"ListItem","position":2,"name":"Taula rodona \u00abTenint cura de tu i dels teus\u00bb organitzada amb Fraternidad-Muprespa"}]},{"@type":"WebSite","@id":"https:\/\/cgsbaleares.com\/#website","url":"https:\/\/cgsbaleares.com\/","name":"Il\u00b7ustre Col\u00b7legi Oficial de Graduats Socials de le Illes Balears","description":"Il\u00b7lustre Col\u00b7legi Oficial de Graduats Socials de les Illes Balears","publisher":{"@id":"https:\/\/cgsbaleares.com\/#organization"},"potentialAction":[{"@type":"SearchAction","target":{"@type":"EntryPoint","urlTemplate":"https:\/\/cgsbaleares.com\/?s={search_term_string}"},"query-input":{"@type":"PropertyValueSpecification","valueRequired":true,"valueName":"search_term_string"}}],"inLanguage":"ca"},{"@type":"Organization","@id":"https:\/\/cgsbaleares.com\/#organization","name":"Il\u00b7ustre Col\u00b7legi Oficial de Graduats Socials de le Illes Balears","url":"https:\/\/cgsbaleares.com\/","logo":{"@type":"ImageObject","inLanguage":"ca","@id":"https:\/\/cgsbaleares.com\/#\/schema\/logo\/image\/","url":"http:\/\/cgsbaleares.com\/wp-content\/uploads\/2024\/08\/CGS_logo_baleares_500x152.png","contentUrl":"http:\/\/cgsbaleares.com\/wp-content\/uploads\/2024\/08\/CGS_logo_baleares_500x152.png","width":500,"height":152,"caption":"Il\u00b7ustre Col\u00b7legi Oficial de Graduats Socials de le Illes Balears"},"image":{"@id":"https:\/\/cgsbaleares.com\/#\/schema\/logo\/image\/"},"sameAs":["https:\/\/www.facebook.com\/graduadossocialesbaleares","https:\/\/x.com\/cgsbaleares","https:\/\/www.instagram.com\/cgsbaleares\/","https:\/\/www.linkedin.com\/company\/cgsbaleares\/"]},{"@type":"Person","@id":"https:\/\/cgsbaleares.com\/#\/schema\/person\/7b75e24dfcb0b9f1376ec78afc253cd4","name":"Juan Fiol Alemany","image":{"@type":"ImageObject","inLanguage":"ca","@id":"https:\/\/secure.gravatar.com\/avatar\/9569b8e61fcb5be8918bb8ea705df8ad474ba356ff9e971390314751e816c08d?s=96&d=mm&r=g","url":"https:\/\/secure.gravatar.com\/avatar\/9569b8e61fcb5be8918bb8ea705df8ad474ba356ff9e971390314751e816c08d?s=96&d=mm&r=g","contentUrl":"https:\/\/secure.gravatar.com\/avatar\/9569b8e61fcb5be8918bb8ea705df8ad474ba356ff9e971390314751e816c08d?s=96&d=mm&r=g","caption":"Juan Fiol Alemany"},"url":"http:\/\/cgsbaleares.com\/ca\/colegiado\/juan-fiol-alemany\/"}]}},"_links":{"self":[{"href":"http:\/\/cgsbaleares.com\/ca\/wp-json\/wp\/v2\/posts\/20183","targetHints":{"allow":["GET"]}}],"collection":[{"href":"http:\/\/cgsbaleares.com\/ca\/wp-json\/wp\/v2\/posts"}],"about":[{"href":"http:\/\/cgsbaleares.com\/ca\/wp-json\/wp\/v2\/types\/post"}],"author":[{"embeddable":true,"href":"http:\/\/cgsbaleares.com\/ca\/wp-json\/wp\/v2\/users\/677"}],"replies":[{"embeddable":true,"href":"http:\/\/cgsbaleares.com\/ca\/wp-json\/wp\/v2\/comments?post=20183"}],"version-history":[{"count":2,"href":"http:\/\/cgsbaleares.com\/ca\/wp-json\/wp\/v2\/posts\/20183\/revisions"}],"predecessor-version":[{"id":20187,"href":"http:\/\/cgsbaleares.com\/ca\/wp-json\/wp\/v2\/posts\/20183\/revisions\/20187"}],"wp:featuredmedia":[{"embeddable":true,"href":"http:\/\/cgsbaleares.com\/ca\/wp-json\/wp\/v2\/media\/20178"}],"wp:attachment":[{"href":"http:\/\/cgsbaleares.com\/ca\/wp-json\/wp\/v2\/media?parent=20183"}],"wp:term":[{"taxonomy":"category","embeddable":true,"href":"http:\/\/cgsbaleares.com\/ca\/wp-json\/wp\/v2\/categories?post=20183"},{"taxonomy":"post_tag","embeddable":true,"href":"http:\/\/cgsbaleares.com\/ca\/wp-json\/wp\/v2\/tags?post=20183"}],"curies":[{"name":"wp","href":"https:\/\/api.w.org\/{rel}","templated":true}]}}