{"id":20210,"date":"2025-06-11T16:11:55","date_gmt":"2025-06-11T14:11:55","guid":{"rendered":"https:\/\/cgsbaleares.com\/?p=20210"},"modified":"2025-06-11T16:13:44","modified_gmt":"2025-06-11T14:13:44","slug":"ii-edicio-del-curs-formatiu-sobre-la-prestacio-de-jubilacio-nivell-avancat","status":"publish","type":"post","link":"http:\/\/cgsbaleares.com\/ca\/ii-edicio-del-curs-formatiu-sobre-la-prestacio-de-jubilacio-nivell-avancat\/","title":{"rendered":"II Edici\u00f3 del Curs Formatiu sobre la Prestaci\u00f3 de Jubilaci\u00f3: Nivell Avan\u00e7at"},"content":{"rendered":"\n<p><\/p>\n\n\n\n<p>Els dies 9 i 10 de juny es va celebrar, a la seu de l\u2019Il\u00b7lustre Col\u00b7legi Oficial de Graduats Socials de les Illes Balears, la II Edici\u00f3 del Curs Formatiu sobre la Prestaci\u00f3 de Jubilaci\u00f3: Nivell Avan\u00e7at.<\/p>\n\n\n\n<p>El curs, impartit per Aina Verdera Mateu, cap de la Secci\u00f3 de Jubilaci\u00f3 i Superviv\u00e8ncia de l\u2019INSS a les Illes Balears, fou inaugurat per la presidenta del Col\u00b7legi, Merc\u00e8 Garc\u00eda, i compt\u00e0 amb l\u2019assist\u00e8ncia de professionals de l\u2019\u00e0mbit laboral i de la seguretat social de les illes.<\/p>\n\n\n\n<p>Entre els temes tractats, es revisaren en primer lloc les diferents vies de jubilaci\u00f3 anticipada, detallant els requisits actuals d\u2019acc\u00e9s i les modalitats que reconeix el sistema de Seguretat Social. Tot seguit, es profunditz\u00e0 en la jubilaci\u00f3 parcial, explicant els sup\u00f2sits en qu\u00e8 \u00e9s aplicable i les compatibilitats que permet la normativa. Tamb\u00e9 es tractaren els complements de pensi\u00f3, subratllant els factors que poden incrementar l\u2019import final de la prestaci\u00f3 de jubilaci\u00f3. Finalment, s\u2019ofer\u00ed una s\u00edntesi sobre la tramitaci\u00f3 internacional de la jubilaci\u00f3, amb refer\u00e8ncies a la normativa comunit\u00e0ria i als convenis bilaterals vigents.<\/p>\n\n\n\n<p>Iniciatives com aquesta reforcen l\u2019actualitzaci\u00f3 t\u00e8cnica dels nostres graduats i graduades socials i, per extensi\u00f3, la qualitat del servei que reben els ciutadans.<\/p>\n","protected":false},"excerpt":{"rendered":"<p>Els dies 9 i 10 de juny es va celebrar, a la seu de l\u2019Il\u00b7lustre Col\u00b7legi Oficial de Graduats Socials de les Illes Balears, la II Edici\u00f3 del Curs Formatiu sobre la Prestaci\u00f3 de Jubilaci\u00f3: Nivell Avan\u00e7at. El curs, impartit per Aina Verdera Mateu, cap de la Secci\u00f3 de Jubilaci\u00f3 i Superviv\u00e8ncia de l\u2019INSS a [&hellip;]<\/p>\n","protected":false},"author":677,"featured_media":20207,"comment_status":"closed","ping_status":"closed","sticky":false,"template":"","format":"standard","meta":{"_monsterinsights_skip_tracking":false,"_monsterinsights_sitenote_active":false,"_monsterinsights_sitenote_note":"","_monsterinsights_sitenote_category":0,"_uf_show_specific_survey":0,"_uf_disable_surveys":false,"_jet_sm_ready_style":"","_jet_sm_style":"","_jet_sm_controls_values":"","_jet_sm_fonts_collection":"","_jet_sm_fonts_links":"","footnotes":""},"categories":[152,317],"tags":[],"class_list":["post-20210","post","type-post","status-publish","format-standard","has-post-thumbnail","hentry","category-comunicados","category-cursos-i-formacio"],"desde":null,"hasta":null,"texto_circular":null,"hora_envio":null,"texto_ciruclar":null,"texto-circular":null,"asunto_circular":null,"documentos":null,"lugar_del_evento":null,"texto_fechas_":null,"envio_circular":null,"enviar_newsletter":null,"fecha_envio":null,"estado_envio":null,"destinatarios":null,"demarcaciones":null,"pendiente":null,"yoast_head":"<!-- This site is optimized with the Yoast SEO plugin v27.5 - https:\/\/yoast.com\/product\/yoast-seo-wordpress\/ -->\n<title>II Edici\u00f3 del Curs Formatiu sobre la Prestaci\u00f3 de Jubilaci\u00f3: Nivell Avan\u00e7at - Il\u00b7lustre Col\u00b7legi Oficial de Graduats Socials de le Illes Balears<\/title>\n<meta name=\"robots\" content=\"index, follow, max-snippet:-1, max-image-preview:large, max-video-preview:-1\" \/>\n<link rel=\"canonical\" href=\"http:\/\/cgsbaleares.com\/ca\/ii-edicio-del-curs-formatiu-sobre-la-prestacio-de-jubilacio-nivell-avancat\/\" \/>\n<meta property=\"og:locale\" content=\"ca_ES\" \/>\n<meta property=\"og:type\" content=\"article\" \/>\n<meta property=\"og:title\" content=\"II Edici\u00f3 del Curs Formatiu sobre la Prestaci\u00f3 de Jubilaci\u00f3: Nivell Avan\u00e7at - Il\u00b7lustre Col\u00b7legi Oficial de Graduats Socials de le Illes Balears\" \/>\n<meta property=\"og:description\" content=\"Els dies 9 i 10 de juny es va celebrar, a la seu de l\u2019Il\u00b7lustre Col\u00b7legi Oficial de Graduats Socials de les Illes Balears, la II Edici\u00f3 del Curs Formatiu sobre la Prestaci\u00f3 de Jubilaci\u00f3: Nivell Avan\u00e7at. El curs, impartit per Aina Verdera Mateu, cap de la Secci\u00f3 de Jubilaci\u00f3 i Superviv\u00e8ncia de l\u2019INSS a [&hellip;]\" \/>\n<meta property=\"og:url\" content=\"http:\/\/cgsbaleares.com\/ca\/ii-edicio-del-curs-formatiu-sobre-la-prestacio-de-jubilacio-nivell-avancat\/\" \/>\n<meta property=\"og:site_name\" content=\"Il\u00b7lustre Col\u00b7legi Oficial de Graduats Socials de le Illes Balears\" \/>\n<meta property=\"article:publisher\" content=\"https:\/\/www.facebook.com\/graduadossocialesbaleares\" \/>\n<meta property=\"article:published_time\" content=\"2025-06-11T14:11:55+00:00\" \/>\n<meta property=\"article:modified_time\" content=\"2025-06-11T14:13:44+00:00\" \/>\n<meta property=\"og:image\" content=\"http:\/\/cgsbaleares.com\/wp-content\/uploads\/2025\/06\/webfoto1-copia-scaled.jpg\" \/>\n\t<meta property=\"og:image:width\" content=\"2560\" \/>\n\t<meta property=\"og:image:height\" content=\"1707\" \/>\n\t<meta property=\"og:image:type\" content=\"image\/jpeg\" \/>\n<meta name=\"author\" content=\"Juan Fiol Alemany\" \/>\n<meta name=\"twitter:card\" content=\"summary_large_image\" \/>\n<meta name=\"twitter:creator\" content=\"@cgsbaleares\" \/>\n<meta name=\"twitter:site\" content=\"@cgsbaleares\" \/>\n<meta name=\"twitter:label1\" content=\"Escrit per\" \/>\n\t<meta name=\"twitter:data1\" content=\"Juan Fiol Alemany\" \/>\n\t<meta name=\"twitter:label2\" content=\"Temps estimat de lectura\" \/>\n\t<meta name=\"twitter:data2\" content=\"2 minuts\" \/>\n<script type=\"application\/ld+json\" class=\"yoast-schema-graph\">{\"@context\":\"https:\\\/\\\/schema.org\",\"@graph\":[{\"@type\":\"Article\",\"@id\":\"http:\\\/\\\/cgsbaleares.com\\\/ca\\\/ii-edicio-del-curs-formatiu-sobre-la-prestacio-de-jubilacio-nivell-avancat\\\/#article\",\"isPartOf\":{\"@id\":\"http:\\\/\\\/cgsbaleares.com\\\/ca\\\/ii-edicio-del-curs-formatiu-sobre-la-prestacio-de-jubilacio-nivell-avancat\\\/\"},\"author\":{\"name\":\"Juan Fiol Alemany\",\"@id\":\"http:\\\/\\\/cgsbaleares.com\\\/#\\\/schema\\\/person\\\/7b75e24dfcb0b9f1376ec78afc253cd4\"},\"headline\":\"II Edici\u00f3 del Curs Formatiu sobre la Prestaci\u00f3 de Jubilaci\u00f3: Nivell Avan\u00e7at\",\"datePublished\":\"2025-06-11T14:11:55+00:00\",\"dateModified\":\"2025-06-11T14:13:44+00:00\",\"mainEntityOfPage\":{\"@id\":\"http:\\\/\\\/cgsbaleares.com\\\/ca\\\/ii-edicio-del-curs-formatiu-sobre-la-prestacio-de-jubilacio-nivell-avancat\\\/\"},\"wordCount\":233,\"publisher\":{\"@id\":\"http:\\\/\\\/cgsbaleares.com\\\/#organization\"},\"image\":{\"@id\":\"http:\\\/\\\/cgsbaleares.com\\\/ca\\\/ii-edicio-del-curs-formatiu-sobre-la-prestacio-de-jubilacio-nivell-avancat\\\/#primaryimage\"},\"thumbnailUrl\":\"http:\\\/\\\/cgsbaleares.com\\\/wp-content\\\/uploads\\\/2025\\\/06\\\/webfoto1-copia-scaled.jpg\",\"articleSection\":[\"Comunicados\",\"Cursos i formaci\u00f3\"],\"inLanguage\":\"ca\"},{\"@type\":\"WebPage\",\"@id\":\"http:\\\/\\\/cgsbaleares.com\\\/ca\\\/ii-edicio-del-curs-formatiu-sobre-la-prestacio-de-jubilacio-nivell-avancat\\\/\",\"url\":\"http:\\\/\\\/cgsbaleares.com\\\/ca\\\/ii-edicio-del-curs-formatiu-sobre-la-prestacio-de-jubilacio-nivell-avancat\\\/\",\"name\":\"II Edici\u00f3 del Curs Formatiu sobre la Prestaci\u00f3 de Jubilaci\u00f3: Nivell Avan\u00e7at - Il\u00b7lustre Col\u00b7legi Oficial de Graduats Socials de le Illes Balears\",\"isPartOf\":{\"@id\":\"http:\\\/\\\/cgsbaleares.com\\\/#website\"},\"primaryImageOfPage\":{\"@id\":\"http:\\\/\\\/cgsbaleares.com\\\/ca\\\/ii-edicio-del-curs-formatiu-sobre-la-prestacio-de-jubilacio-nivell-avancat\\\/#primaryimage\"},\"image\":{\"@id\":\"http:\\\/\\\/cgsbaleares.com\\\/ca\\\/ii-edicio-del-curs-formatiu-sobre-la-prestacio-de-jubilacio-nivell-avancat\\\/#primaryimage\"},\"thumbnailUrl\":\"http:\\\/\\\/cgsbaleares.com\\\/wp-content\\\/uploads\\\/2025\\\/06\\\/webfoto1-copia-scaled.jpg\",\"datePublished\":\"2025-06-11T14:11:55+00:00\",\"dateModified\":\"2025-06-11T14:13:44+00:00\",\"breadcrumb\":{\"@id\":\"http:\\\/\\\/cgsbaleares.com\\\/ca\\\/ii-edicio-del-curs-formatiu-sobre-la-prestacio-de-jubilacio-nivell-avancat\\\/#breadcrumb\"},\"inLanguage\":\"ca\",\"potentialAction\":[{\"@type\":\"ReadAction\",\"target\":[\"http:\\\/\\\/cgsbaleares.com\\\/ca\\\/ii-edicio-del-curs-formatiu-sobre-la-prestacio-de-jubilacio-nivell-avancat\\\/\"]}]},{\"@type\":\"ImageObject\",\"inLanguage\":\"ca\",\"@id\":\"http:\\\/\\\/cgsbaleares.com\\\/ca\\\/ii-edicio-del-curs-formatiu-sobre-la-prestacio-de-jubilacio-nivell-avancat\\\/#primaryimage\",\"url\":\"http:\\\/\\\/cgsbaleares.com\\\/wp-content\\\/uploads\\\/2025\\\/06\\\/webfoto1-copia-scaled.jpg\",\"contentUrl\":\"http:\\\/\\\/cgsbaleares.com\\\/wp-content\\\/uploads\\\/2025\\\/06\\\/webfoto1-copia-scaled.jpg\",\"width\":2560,\"height\":1707},{\"@type\":\"BreadcrumbList\",\"@id\":\"http:\\\/\\\/cgsbaleares.com\\\/ca\\\/ii-edicio-del-curs-formatiu-sobre-la-prestacio-de-jubilacio-nivell-avancat\\\/#breadcrumb\",\"itemListElement\":[{\"@type\":\"ListItem\",\"position\":1,\"name\":\"Portada\",\"item\":\"http:\\\/\\\/cgsbaleares.com\\\/ca\\\/\"},{\"@type\":\"ListItem\",\"position\":2,\"name\":\"II Edici\u00f3 del Curs Formatiu sobre la Prestaci\u00f3 de Jubilaci\u00f3: Nivell Avan\u00e7at\"}]},{\"@type\":\"WebSite\",\"@id\":\"http:\\\/\\\/cgsbaleares.com\\\/#website\",\"url\":\"http:\\\/\\\/cgsbaleares.com\\\/\",\"name\":\"Il\u00b7ustre Col\u00b7legi Oficial de Graduats Socials de le Illes Balears\",\"description\":\"Il\u00b7lustre Col\u00b7legi Oficial de Graduats Socials de les Illes Balears\",\"publisher\":{\"@id\":\"http:\\\/\\\/cgsbaleares.com\\\/#organization\"},\"potentialAction\":[{\"@type\":\"SearchAction\",\"target\":{\"@type\":\"EntryPoint\",\"urlTemplate\":\"http:\\\/\\\/cgsbaleares.com\\\/?s={search_term_string}\"},\"query-input\":{\"@type\":\"PropertyValueSpecification\",\"valueRequired\":true,\"valueName\":\"search_term_string\"}}],\"inLanguage\":\"ca\"},{\"@type\":\"Organization\",\"@id\":\"http:\\\/\\\/cgsbaleares.com\\\/#organization\",\"name\":\"Il\u00b7ustre Col\u00b7legi Oficial de Graduats Socials de le Illes Balears\",\"url\":\"http:\\\/\\\/cgsbaleares.com\\\/\",\"logo\":{\"@type\":\"ImageObject\",\"inLanguage\":\"ca\",\"@id\":\"http:\\\/\\\/cgsbaleares.com\\\/#\\\/schema\\\/logo\\\/image\\\/\",\"url\":\"http:\\\/\\\/cgsbaleares.com\\\/wp-content\\\/uploads\\\/2024\\\/08\\\/CGS_logo_baleares_500x152.png\",\"contentUrl\":\"http:\\\/\\\/cgsbaleares.com\\\/wp-content\\\/uploads\\\/2024\\\/08\\\/CGS_logo_baleares_500x152.png\",\"width\":500,\"height\":152,\"caption\":\"Il\u00b7ustre Col\u00b7legi Oficial de Graduats Socials de le Illes Balears\"},\"image\":{\"@id\":\"http:\\\/\\\/cgsbaleares.com\\\/#\\\/schema\\\/logo\\\/image\\\/\"},\"sameAs\":[\"https:\\\/\\\/www.facebook.com\\\/graduadossocialesbaleares\",\"https:\\\/\\\/x.com\\\/cgsbaleares\",\"https:\\\/\\\/www.instagram.com\\\/cgsbaleares\\\/\",\"https:\\\/\\\/www.linkedin.com\\\/company\\\/cgsbaleares\\\/\"]},{\"@type\":\"Person\",\"@id\":\"http:\\\/\\\/cgsbaleares.com\\\/#\\\/schema\\\/person\\\/7b75e24dfcb0b9f1376ec78afc253cd4\",\"name\":\"Juan Fiol Alemany\",\"image\":{\"@type\":\"ImageObject\",\"inLanguage\":\"ca\",\"@id\":\"https:\\\/\\\/secure.gravatar.com\\\/avatar\\\/9569b8e61fcb5be8918bb8ea705df8ad474ba356ff9e971390314751e816c08d?s=96&d=mm&r=g\",\"url\":\"https:\\\/\\\/secure.gravatar.com\\\/avatar\\\/9569b8e61fcb5be8918bb8ea705df8ad474ba356ff9e971390314751e816c08d?s=96&d=mm&r=g\",\"contentUrl\":\"https:\\\/\\\/secure.gravatar.com\\\/avatar\\\/9569b8e61fcb5be8918bb8ea705df8ad474ba356ff9e971390314751e816c08d?s=96&d=mm&r=g\",\"caption\":\"Juan Fiol Alemany\"},\"url\":\"http:\\\/\\\/cgsbaleares.com\\\/ca\\\/colegiado\\\/juan-fiol-alemany\\\/\"}]}<\/script>\n<!-- \/ Yoast SEO plugin. -->","yoast_head_json":{"title":"II Edici\u00f3 del Curs Formatiu sobre la Prestaci\u00f3 de Jubilaci\u00f3: Nivell Avan\u00e7at - Il\u00b7lustre Col\u00b7legi Oficial de Graduats Socials de le Illes Balears","robots":{"index":"index","follow":"follow","max-snippet":"max-snippet:-1","max-image-preview":"max-image-preview:large","max-video-preview":"max-video-preview:-1"},"canonical":"http:\/\/cgsbaleares.com\/ca\/ii-edicio-del-curs-formatiu-sobre-la-prestacio-de-jubilacio-nivell-avancat\/","og_locale":"ca_ES","og_type":"article","og_title":"II Edici\u00f3 del Curs Formatiu sobre la Prestaci\u00f3 de Jubilaci\u00f3: Nivell Avan\u00e7at - Il\u00b7lustre Col\u00b7legi Oficial de Graduats Socials de le Illes Balears","og_description":"Els dies 9 i 10 de juny es va celebrar, a la seu de l\u2019Il\u00b7lustre Col\u00b7legi Oficial de Graduats Socials de les Illes Balears, la II Edici\u00f3 del Curs Formatiu sobre la Prestaci\u00f3 de Jubilaci\u00f3: Nivell Avan\u00e7at. El curs, impartit per Aina Verdera Mateu, cap de la Secci\u00f3 de Jubilaci\u00f3 i Superviv\u00e8ncia de l\u2019INSS a [&hellip;]","og_url":"http:\/\/cgsbaleares.com\/ca\/ii-edicio-del-curs-formatiu-sobre-la-prestacio-de-jubilacio-nivell-avancat\/","og_site_name":"Il\u00b7lustre Col\u00b7legi Oficial de Graduats Socials de le Illes Balears","article_publisher":"https:\/\/www.facebook.com\/graduadossocialesbaleares","article_published_time":"2025-06-11T14:11:55+00:00","article_modified_time":"2025-06-11T14:13:44+00:00","og_image":[{"width":2560,"height":1707,"url":"http:\/\/cgsbaleares.com\/wp-content\/uploads\/2025\/06\/webfoto1-copia-scaled.jpg","type":"image\/jpeg"}],"author":"Juan Fiol Alemany","twitter_card":"summary_large_image","twitter_creator":"@cgsbaleares","twitter_site":"@cgsbaleares","twitter_misc":{"Escrit per":"Juan Fiol Alemany","Temps estimat de lectura":"2 minuts"},"schema":{"@context":"https:\/\/schema.org","@graph":[{"@type":"Article","@id":"http:\/\/cgsbaleares.com\/ca\/ii-edicio-del-curs-formatiu-sobre-la-prestacio-de-jubilacio-nivell-avancat\/#article","isPartOf":{"@id":"http:\/\/cgsbaleares.com\/ca\/ii-edicio-del-curs-formatiu-sobre-la-prestacio-de-jubilacio-nivell-avancat\/"},"author":{"name":"Juan Fiol Alemany","@id":"http:\/\/cgsbaleares.com\/#\/schema\/person\/7b75e24dfcb0b9f1376ec78afc253cd4"},"headline":"II Edici\u00f3 del Curs Formatiu sobre la Prestaci\u00f3 de Jubilaci\u00f3: Nivell Avan\u00e7at","datePublished":"2025-06-11T14:11:55+00:00","dateModified":"2025-06-11T14:13:44+00:00","mainEntityOfPage":{"@id":"http:\/\/cgsbaleares.com\/ca\/ii-edicio-del-curs-formatiu-sobre-la-prestacio-de-jubilacio-nivell-avancat\/"},"wordCount":233,"publisher":{"@id":"http:\/\/cgsbaleares.com\/#organization"},"image":{"@id":"http:\/\/cgsbaleares.com\/ca\/ii-edicio-del-curs-formatiu-sobre-la-prestacio-de-jubilacio-nivell-avancat\/#primaryimage"},"thumbnailUrl":"http:\/\/cgsbaleares.com\/wp-content\/uploads\/2025\/06\/webfoto1-copia-scaled.jpg","articleSection":["Comunicados","Cursos i formaci\u00f3"],"inLanguage":"ca"},{"@type":"WebPage","@id":"http:\/\/cgsbaleares.com\/ca\/ii-edicio-del-curs-formatiu-sobre-la-prestacio-de-jubilacio-nivell-avancat\/","url":"http:\/\/cgsbaleares.com\/ca\/ii-edicio-del-curs-formatiu-sobre-la-prestacio-de-jubilacio-nivell-avancat\/","name":"II Edici\u00f3 del Curs Formatiu sobre la Prestaci\u00f3 de Jubilaci\u00f3: Nivell Avan\u00e7at - Il\u00b7lustre Col\u00b7legi Oficial de Graduats Socials de le Illes Balears","isPartOf":{"@id":"http:\/\/cgsbaleares.com\/#website"},"primaryImageOfPage":{"@id":"http:\/\/cgsbaleares.com\/ca\/ii-edicio-del-curs-formatiu-sobre-la-prestacio-de-jubilacio-nivell-avancat\/#primaryimage"},"image":{"@id":"http:\/\/cgsbaleares.com\/ca\/ii-edicio-del-curs-formatiu-sobre-la-prestacio-de-jubilacio-nivell-avancat\/#primaryimage"},"thumbnailUrl":"http:\/\/cgsbaleares.com\/wp-content\/uploads\/2025\/06\/webfoto1-copia-scaled.jpg","datePublished":"2025-06-11T14:11:55+00:00","dateModified":"2025-06-11T14:13:44+00:00","breadcrumb":{"@id":"http:\/\/cgsbaleares.com\/ca\/ii-edicio-del-curs-formatiu-sobre-la-prestacio-de-jubilacio-nivell-avancat\/#breadcrumb"},"inLanguage":"ca","potentialAction":[{"@type":"ReadAction","target":["http:\/\/cgsbaleares.com\/ca\/ii-edicio-del-curs-formatiu-sobre-la-prestacio-de-jubilacio-nivell-avancat\/"]}]},{"@type":"ImageObject","inLanguage":"ca","@id":"http:\/\/cgsbaleares.com\/ca\/ii-edicio-del-curs-formatiu-sobre-la-prestacio-de-jubilacio-nivell-avancat\/#primaryimage","url":"http:\/\/cgsbaleares.com\/wp-content\/uploads\/2025\/06\/webfoto1-copia-scaled.jpg","contentUrl":"http:\/\/cgsbaleares.com\/wp-content\/uploads\/2025\/06\/webfoto1-copia-scaled.jpg","width":2560,"height":1707},{"@type":"BreadcrumbList","@id":"http:\/\/cgsbaleares.com\/ca\/ii-edicio-del-curs-formatiu-sobre-la-prestacio-de-jubilacio-nivell-avancat\/#breadcrumb","itemListElement":[{"@type":"ListItem","position":1,"name":"Portada","item":"http:\/\/cgsbaleares.com\/ca\/"},{"@type":"ListItem","position":2,"name":"II Edici\u00f3 del Curs Formatiu sobre la Prestaci\u00f3 de Jubilaci\u00f3: Nivell Avan\u00e7at"}]},{"@type":"WebSite","@id":"http:\/\/cgsbaleares.com\/#website","url":"http:\/\/cgsbaleares.com\/","name":"Il\u00b7ustre Col\u00b7legi Oficial de Graduats Socials de le Illes Balears","description":"Il\u00b7lustre Col\u00b7legi Oficial de Graduats Socials de les Illes Balears","publisher":{"@id":"http:\/\/cgsbaleares.com\/#organization"},"potentialAction":[{"@type":"SearchAction","target":{"@type":"EntryPoint","urlTemplate":"http:\/\/cgsbaleares.com\/?s={search_term_string}"},"query-input":{"@type":"PropertyValueSpecification","valueRequired":true,"valueName":"search_term_string"}}],"inLanguage":"ca"},{"@type":"Organization","@id":"http:\/\/cgsbaleares.com\/#organization","name":"Il\u00b7ustre Col\u00b7legi Oficial de Graduats Socials de le Illes Balears","url":"http:\/\/cgsbaleares.com\/","logo":{"@type":"ImageObject","inLanguage":"ca","@id":"http:\/\/cgsbaleares.com\/#\/schema\/logo\/image\/","url":"http:\/\/cgsbaleares.com\/wp-content\/uploads\/2024\/08\/CGS_logo_baleares_500x152.png","contentUrl":"http:\/\/cgsbaleares.com\/wp-content\/uploads\/2024\/08\/CGS_logo_baleares_500x152.png","width":500,"height":152,"caption":"Il\u00b7ustre Col\u00b7legi Oficial de Graduats Socials de le Illes Balears"},"image":{"@id":"http:\/\/cgsbaleares.com\/#\/schema\/logo\/image\/"},"sameAs":["https:\/\/www.facebook.com\/graduadossocialesbaleares","https:\/\/x.com\/cgsbaleares","https:\/\/www.instagram.com\/cgsbaleares\/","https:\/\/www.linkedin.com\/company\/cgsbaleares\/"]},{"@type":"Person","@id":"http:\/\/cgsbaleares.com\/#\/schema\/person\/7b75e24dfcb0b9f1376ec78afc253cd4","name":"Juan Fiol Alemany","image":{"@type":"ImageObject","inLanguage":"ca","@id":"https:\/\/secure.gravatar.com\/avatar\/9569b8e61fcb5be8918bb8ea705df8ad474ba356ff9e971390314751e816c08d?s=96&d=mm&r=g","url":"https:\/\/secure.gravatar.com\/avatar\/9569b8e61fcb5be8918bb8ea705df8ad474ba356ff9e971390314751e816c08d?s=96&d=mm&r=g","contentUrl":"https:\/\/secure.gravatar.com\/avatar\/9569b8e61fcb5be8918bb8ea705df8ad474ba356ff9e971390314751e816c08d?s=96&d=mm&r=g","caption":"Juan Fiol Alemany"},"url":"http:\/\/cgsbaleares.com\/ca\/colegiado\/juan-fiol-alemany\/"}]}},"_links":{"self":[{"href":"http:\/\/cgsbaleares.com\/ca\/wp-json\/wp\/v2\/posts\/20210","targetHints":{"allow":["GET"]}}],"collection":[{"href":"http:\/\/cgsbaleares.com\/ca\/wp-json\/wp\/v2\/posts"}],"about":[{"href":"http:\/\/cgsbaleares.com\/ca\/wp-json\/wp\/v2\/types\/post"}],"author":[{"embeddable":true,"href":"http:\/\/cgsbaleares.com\/ca\/wp-json\/wp\/v2\/users\/677"}],"replies":[{"embeddable":true,"href":"http:\/\/cgsbaleares.com\/ca\/wp-json\/wp\/v2\/comments?post=20210"}],"version-history":[{"count":2,"href":"http:\/\/cgsbaleares.com\/ca\/wp-json\/wp\/v2\/posts\/20210\/revisions"}],"predecessor-version":[{"id":20212,"href":"http:\/\/cgsbaleares.com\/ca\/wp-json\/wp\/v2\/posts\/20210\/revisions\/20212"}],"wp:featuredmedia":[{"embeddable":true,"href":"http:\/\/cgsbaleares.com\/ca\/wp-json\/wp\/v2\/media\/20207"}],"wp:attachment":[{"href":"http:\/\/cgsbaleares.com\/ca\/wp-json\/wp\/v2\/media?parent=20210"}],"wp:term":[{"taxonomy":"category","embeddable":true,"href":"http:\/\/cgsbaleares.com\/ca\/wp-json\/wp\/v2\/categories?post=20210"},{"taxonomy":"post_tag","embeddable":true,"href":"http:\/\/cgsbaleares.com\/ca\/wp-json\/wp\/v2\/tags?post=20210"}],"curies":[{"name":"wp","href":"https:\/\/api.w.org\/{rel}","templated":true}]}}