{"id":24194,"date":"2025-10-27T10:18:08","date_gmt":"2025-10-27T09:18:08","guid":{"rendered":"https:\/\/cgsbaleares.com\/?p=24194"},"modified":"2025-10-27T10:19:35","modified_gmt":"2025-10-27T09:19:35","slug":"els-graduats-socials-de-les-illes-balears-reforcen-el-vincle-academic-professional-amb-la-uib","status":"publish","type":"post","link":"http:\/\/cgsbaleares.com\/ca\/els-graduats-socials-de-les-illes-balears-reforcen-el-vincle-academic-professional-amb-la-uib\/","title":{"rendered":"Els Graduats Socials de les Illes Balears reforcen el vincle acad\u00e8mic-professional amb la UIB"},"content":{"rendered":"\n<p><\/p>\n\n\n\n<p>El 22 d\u2019octubre, la seu de l\u2019Il\u00b7lustre Col\u00b7legi Oficial de Graduats Socials de les Illes Balears va acollir un esmorzar de feina amb l\u2019equip docent del Grau en Relacions Laborals de la Universitat de les Illes Balears, una trobada orientada a estr\u00e8nyer la col\u00b7laboraci\u00f3 entre ambdues institucions i a explorar noves vies d\u2019acostament del Col\u00b7legi a l\u2019alumnat al llarg de tota la seva etapa universit\u00e0ria. Per part de la UIB hi assistiren el Dr. Aleix Calveras, catedr\u00e0tic d\u2019Universitat d\u2019Economia de l\u2019Empresa; la Dra. Paula Aguil\u00f3, professora titular d\u2019Universitat d\u2019Economia Aplicada; el Dr. Lloren\u00e7 Pou, professor titular d\u2019Universitat d\u2019Economia Aplicada; la Dra. M. Ant\u00f2nia Manassero, catedr\u00e0tica d\u2019Universitat i professora em\u00e8rita de Psicologia Social; la Dra. S\u00edlvia Ortiz, professora titular laboral de Psicologia Social; i la Dra. Magdalena Llompart, professora titular d\u2019Universitat de Dret del Treball. En representaci\u00f3 de la Junta del Col\u00b7legi hi participaren la presidenta, Merc\u00e8 Garc\u00eda; la vicepresidenta, Adela Soriano; el comptador, Miquel \u00c0ngel Cantallops; el secretari general, Daniel Ruiz; i les vocals, Johanny Rodr\u00edguez i Arantxa Sitjar.<br><br>A la trobada s\u2019analitz\u00e0 l\u2019evoluci\u00f3 de l\u2019assist\u00e8ncia a classe, assenyalant-se una tend\u00e8ncia general a la baixa que, tanmateix, es manifesta en menor mesura al Grau en Relacions Laborals. Igualment, es pos\u00e0 de relleu la singularitat d\u2019aquest alumnat, on conviuen persones que accedeixen directament de l\u2019institut amb professionals en actiu que inicien la carrera des dels seus departaments de Recursos Humans, una combinaci\u00f3 que enriqueix el debat acad\u00e8mic i aporta una major aplicabilitat pr\u00e0ctica a les classes.<br><br>El prop\u00f2sit de l\u2019esmorzar fou refor\u00e7ar un vincle estable i bidireccional entre el Col\u00b7legi i la Universitat, que acosti la realitat col\u00b7legial no nom\u00e9s a l\u2019alumnat de quart curs, sin\u00f3 durant tota la seva estada a la UIB, mitjan\u00e7ant activitats conjuntes, orientaci\u00f3 professional i pres\u00e8ncia continuada al campus. Tamb\u00e9 s\u2019abord\u00e0 el paper de la intel\u00b7lig\u00e8ncia artificial en l\u2019\u00e0mbit laboral i el seu \u00fas en l\u2019entorn universitari, analitzant oportunitats, l\u00edmits i necessitats formatives per a una aplicaci\u00f3 responsable en la pr\u00e0ctica professional.<\/p>\n\n\n\n<p>La trobada conclogu\u00e9 amb el comprom\u00eds d\u2019avan\u00e7ar en una agenda compartida d\u2019iniciatives que afavoresquin l\u2019ocupabilitat, el coneixement mutu i la transici\u00f3 de l\u2019aula a l\u2019exercici professional, consolidant aix\u00ed un marc de col\u00b7laboraci\u00f3 estable i \u00fatil per al professorat, l\u2019estudiantat i el conjunt de la professi\u00f3.<\/p>\n","protected":false},"excerpt":{"rendered":"<p>El 22 d\u2019octubre, la seu de l\u2019Il\u00b7lustre Col\u00b7legi Oficial de Graduats Socials de les Illes Balears va acollir un esmorzar de feina amb l\u2019equip docent del Grau en Relacions Laborals de la Universitat de les Illes Balears, una trobada orientada a estr\u00e8nyer la col\u00b7laboraci\u00f3 entre ambdues institucions i a explorar noves vies d\u2019acostament del Col\u00b7legi [&hellip;]<\/p>\n","protected":false},"author":677,"featured_media":24191,"comment_status":"closed","ping_status":"open","sticky":false,"template":"","format":"standard","meta":{"_monsterinsights_skip_tracking":false,"_monsterinsights_sitenote_active":false,"_monsterinsights_sitenote_note":"","_monsterinsights_sitenote_category":0,"_uf_show_specific_survey":0,"_uf_disable_surveys":false,"_jet_sm_ready_style":"","_jet_sm_style":"","_jet_sm_controls_values":"","_jet_sm_fonts_collection":"","_jet_sm_fonts_links":"","footnotes":""},"categories":[314],"tags":[],"class_list":["post-24194","post","type-post","status-publish","format-standard","has-post-thumbnail","hentry","category-noticies-generals"],"desde":null,"hasta":null,"texto_circular":null,"hora_envio":null,"texto_ciruclar":null,"texto-circular":null,"asunto_circular":null,"documentos":null,"lugar_del_evento":null,"texto_fechas_":null,"envio_circular":null,"enviar_newsletter":null,"fecha_envio":null,"estado_envio":null,"destinatarios":null,"demarcaciones":null,"pendiente":null,"yoast_head":"<!-- This site is optimized with the Yoast SEO plugin v27.5 - https:\/\/yoast.com\/product\/yoast-seo-wordpress\/ -->\n<title>Els Graduats Socials de les Illes Balears reforcen el vincle acad\u00e8mic-professional amb la UIB - Il\u00b7lustre Col\u00b7legi Oficial de Graduats Socials de le Illes Balears<\/title>\n<meta name=\"robots\" content=\"index, follow, max-snippet:-1, max-image-preview:large, max-video-preview:-1\" \/>\n<link rel=\"canonical\" href=\"https:\/\/cgsbaleares.com\/los-graduados-sociales-de-baleares-refuerzan-el-vinculo-academico-profesional-con-la-uib\/\" \/>\n<meta property=\"og:locale\" content=\"ca_ES\" \/>\n<meta property=\"og:type\" content=\"article\" \/>\n<meta property=\"og:title\" content=\"Els Graduats Socials de les Illes Balears reforcen el vincle acad\u00e8mic-professional amb la UIB - Il\u00b7lustre Col\u00b7legi Oficial de Graduats Socials de le Illes Balears\" \/>\n<meta property=\"og:description\" content=\"El 22 d\u2019octubre, la seu de l\u2019Il\u00b7lustre Col\u00b7legi Oficial de Graduats Socials de les Illes Balears va acollir un esmorzar de feina amb l\u2019equip docent del Grau en Relacions Laborals de la Universitat de les Illes Balears, una trobada orientada a estr\u00e8nyer la col\u00b7laboraci\u00f3 entre ambdues institucions i a explorar noves vies d\u2019acostament del Col\u00b7legi [&hellip;]\" \/>\n<meta property=\"og:url\" content=\"https:\/\/cgsbaleares.com\/los-graduados-sociales-de-baleares-refuerzan-el-vinculo-academico-profesional-con-la-uib\/\" \/>\n<meta property=\"og:site_name\" content=\"Il\u00b7lustre Col\u00b7legi Oficial de Graduats Socials de le Illes Balears\" \/>\n<meta property=\"article:publisher\" content=\"https:\/\/www.facebook.com\/graduadossocialesbaleares\" \/>\n<meta property=\"article:published_time\" content=\"2025-10-27T09:18:08+00:00\" \/>\n<meta property=\"article:modified_time\" content=\"2025-10-27T09:19:35+00:00\" \/>\n<meta property=\"og:image\" content=\"https:\/\/cgsbaleares.com\/wp-content\/uploads\/2025\/10\/webfotoreunion-copia-scaled.jpg\" \/>\n\t<meta property=\"og:image:width\" content=\"2560\" \/>\n\t<meta property=\"og:image:height\" content=\"1707\" \/>\n\t<meta property=\"og:image:type\" content=\"image\/jpeg\" \/>\n<meta name=\"author\" content=\"Juan Fiol Alemany\" \/>\n<meta name=\"twitter:card\" content=\"summary_large_image\" \/>\n<meta name=\"twitter:creator\" content=\"@cgsbaleares\" \/>\n<meta name=\"twitter:site\" content=\"@cgsbaleares\" \/>\n<meta name=\"twitter:label1\" content=\"Escrit per\" \/>\n\t<meta name=\"twitter:data1\" content=\"Juan Fiol Alemany\" \/>\n\t<meta name=\"twitter:label2\" content=\"Temps estimat de lectura\" \/>\n\t<meta name=\"twitter:data2\" content=\"2 minuts\" \/>\n<script type=\"application\/ld+json\" class=\"yoast-schema-graph\">{\"@context\":\"https:\\\/\\\/schema.org\",\"@graph\":[{\"@type\":\"Article\",\"@id\":\"https:\\\/\\\/cgsbaleares.com\\\/los-graduados-sociales-de-baleares-refuerzan-el-vinculo-academico-profesional-con-la-uib\\\/#article\",\"isPartOf\":{\"@id\":\"https:\\\/\\\/cgsbaleares.com\\\/los-graduados-sociales-de-baleares-refuerzan-el-vinculo-academico-profesional-con-la-uib\\\/\"},\"author\":{\"name\":\"Juan Fiol Alemany\",\"@id\":\"https:\\\/\\\/cgsbaleares.com\\\/#\\\/schema\\\/person\\\/7b75e24dfcb0b9f1376ec78afc253cd4\"},\"headline\":\"Els Graduats Socials de les Illes Balears reforcen el vincle acad\u00e8mic-professional amb la UIB\",\"datePublished\":\"2025-10-27T09:18:08+00:00\",\"dateModified\":\"2025-10-27T09:19:35+00:00\",\"mainEntityOfPage\":{\"@id\":\"https:\\\/\\\/cgsbaleares.com\\\/los-graduados-sociales-de-baleares-refuerzan-el-vinculo-academico-profesional-con-la-uib\\\/\"},\"wordCount\":447,\"publisher\":{\"@id\":\"https:\\\/\\\/cgsbaleares.com\\\/#organization\"},\"image\":{\"@id\":\"https:\\\/\\\/cgsbaleares.com\\\/los-graduados-sociales-de-baleares-refuerzan-el-vinculo-academico-profesional-con-la-uib\\\/#primaryimage\"},\"thumbnailUrl\":\"http:\\\/\\\/cgsbaleares.com\\\/wp-content\\\/uploads\\\/2025\\\/10\\\/webfotoreunion-copia-scaled.jpg\",\"articleSection\":[\"Not\u00edcies generals\"],\"inLanguage\":\"ca\"},{\"@type\":\"WebPage\",\"@id\":\"https:\\\/\\\/cgsbaleares.com\\\/los-graduados-sociales-de-baleares-refuerzan-el-vinculo-academico-profesional-con-la-uib\\\/\",\"url\":\"https:\\\/\\\/cgsbaleares.com\\\/los-graduados-sociales-de-baleares-refuerzan-el-vinculo-academico-profesional-con-la-uib\\\/\",\"name\":\"Els Graduats Socials de les Illes Balears reforcen el vincle acad\u00e8mic-professional amb la UIB - Il\u00b7lustre Col\u00b7legi Oficial de Graduats Socials de le Illes Balears\",\"isPartOf\":{\"@id\":\"https:\\\/\\\/cgsbaleares.com\\\/#website\"},\"primaryImageOfPage\":{\"@id\":\"https:\\\/\\\/cgsbaleares.com\\\/los-graduados-sociales-de-baleares-refuerzan-el-vinculo-academico-profesional-con-la-uib\\\/#primaryimage\"},\"image\":{\"@id\":\"https:\\\/\\\/cgsbaleares.com\\\/los-graduados-sociales-de-baleares-refuerzan-el-vinculo-academico-profesional-con-la-uib\\\/#primaryimage\"},\"thumbnailUrl\":\"http:\\\/\\\/cgsbaleares.com\\\/wp-content\\\/uploads\\\/2025\\\/10\\\/webfotoreunion-copia-scaled.jpg\",\"datePublished\":\"2025-10-27T09:18:08+00:00\",\"dateModified\":\"2025-10-27T09:19:35+00:00\",\"breadcrumb\":{\"@id\":\"https:\\\/\\\/cgsbaleares.com\\\/los-graduados-sociales-de-baleares-refuerzan-el-vinculo-academico-profesional-con-la-uib\\\/#breadcrumb\"},\"inLanguage\":\"ca\",\"potentialAction\":[{\"@type\":\"ReadAction\",\"target\":[\"https:\\\/\\\/cgsbaleares.com\\\/los-graduados-sociales-de-baleares-refuerzan-el-vinculo-academico-profesional-con-la-uib\\\/\"]}]},{\"@type\":\"ImageObject\",\"inLanguage\":\"ca\",\"@id\":\"https:\\\/\\\/cgsbaleares.com\\\/los-graduados-sociales-de-baleares-refuerzan-el-vinculo-academico-profesional-con-la-uib\\\/#primaryimage\",\"url\":\"http:\\\/\\\/cgsbaleares.com\\\/wp-content\\\/uploads\\\/2025\\\/10\\\/webfotoreunion-copia-scaled.jpg\",\"contentUrl\":\"http:\\\/\\\/cgsbaleares.com\\\/wp-content\\\/uploads\\\/2025\\\/10\\\/webfotoreunion-copia-scaled.jpg\",\"width\":2560,\"height\":1707},{\"@type\":\"BreadcrumbList\",\"@id\":\"https:\\\/\\\/cgsbaleares.com\\\/los-graduados-sociales-de-baleares-refuerzan-el-vinculo-academico-profesional-con-la-uib\\\/#breadcrumb\",\"itemListElement\":[{\"@type\":\"ListItem\",\"position\":1,\"name\":\"Portada\",\"item\":\"https:\\\/\\\/cgsbaleares.com\\\/ca\\\/\"},{\"@type\":\"ListItem\",\"position\":2,\"name\":\"Els Graduats Socials de les Illes Balears reforcen el vincle acad\u00e8mic-professional amb la UIB\"}]},{\"@type\":\"WebSite\",\"@id\":\"https:\\\/\\\/cgsbaleares.com\\\/#website\",\"url\":\"https:\\\/\\\/cgsbaleares.com\\\/\",\"name\":\"Il\u00b7ustre Col\u00b7legi Oficial de Graduats Socials de le Illes Balears\",\"description\":\"Il\u00b7lustre Col\u00b7legi Oficial de Graduats Socials de les Illes Balears\",\"publisher\":{\"@id\":\"https:\\\/\\\/cgsbaleares.com\\\/#organization\"},\"potentialAction\":[{\"@type\":\"SearchAction\",\"target\":{\"@type\":\"EntryPoint\",\"urlTemplate\":\"https:\\\/\\\/cgsbaleares.com\\\/?s={search_term_string}\"},\"query-input\":{\"@type\":\"PropertyValueSpecification\",\"valueRequired\":true,\"valueName\":\"search_term_string\"}}],\"inLanguage\":\"ca\"},{\"@type\":\"Organization\",\"@id\":\"https:\\\/\\\/cgsbaleares.com\\\/#organization\",\"name\":\"Il\u00b7ustre Col\u00b7legi Oficial de Graduats Socials de le Illes Balears\",\"url\":\"https:\\\/\\\/cgsbaleares.com\\\/\",\"logo\":{\"@type\":\"ImageObject\",\"inLanguage\":\"ca\",\"@id\":\"https:\\\/\\\/cgsbaleares.com\\\/#\\\/schema\\\/logo\\\/image\\\/\",\"url\":\"http:\\\/\\\/cgsbaleares.com\\\/wp-content\\\/uploads\\\/2024\\\/08\\\/CGS_logo_baleares_500x152.png\",\"contentUrl\":\"http:\\\/\\\/cgsbaleares.com\\\/wp-content\\\/uploads\\\/2024\\\/08\\\/CGS_logo_baleares_500x152.png\",\"width\":500,\"height\":152,\"caption\":\"Il\u00b7ustre Col\u00b7legi Oficial de Graduats Socials de le Illes Balears\"},\"image\":{\"@id\":\"https:\\\/\\\/cgsbaleares.com\\\/#\\\/schema\\\/logo\\\/image\\\/\"},\"sameAs\":[\"https:\\\/\\\/www.facebook.com\\\/graduadossocialesbaleares\",\"https:\\\/\\\/x.com\\\/cgsbaleares\",\"https:\\\/\\\/www.instagram.com\\\/cgsbaleares\\\/\",\"https:\\\/\\\/www.linkedin.com\\\/company\\\/cgsbaleares\\\/\"]},{\"@type\":\"Person\",\"@id\":\"https:\\\/\\\/cgsbaleares.com\\\/#\\\/schema\\\/person\\\/7b75e24dfcb0b9f1376ec78afc253cd4\",\"name\":\"Juan Fiol Alemany\",\"image\":{\"@type\":\"ImageObject\",\"inLanguage\":\"ca\",\"@id\":\"https:\\\/\\\/secure.gravatar.com\\\/avatar\\\/9569b8e61fcb5be8918bb8ea705df8ad474ba356ff9e971390314751e816c08d?s=96&d=mm&r=g\",\"url\":\"https:\\\/\\\/secure.gravatar.com\\\/avatar\\\/9569b8e61fcb5be8918bb8ea705df8ad474ba356ff9e971390314751e816c08d?s=96&d=mm&r=g\",\"contentUrl\":\"https:\\\/\\\/secure.gravatar.com\\\/avatar\\\/9569b8e61fcb5be8918bb8ea705df8ad474ba356ff9e971390314751e816c08d?s=96&d=mm&r=g\",\"caption\":\"Juan Fiol Alemany\"},\"url\":\"http:\\\/\\\/cgsbaleares.com\\\/ca\\\/colegiado\\\/juan-fiol-alemany\\\/\"}]}<\/script>\n<!-- \/ Yoast SEO plugin. -->","yoast_head_json":{"title":"Els Graduats Socials de les Illes Balears reforcen el vincle acad\u00e8mic-professional amb la UIB - Il\u00b7lustre Col\u00b7legi Oficial de Graduats Socials de le Illes Balears","robots":{"index":"index","follow":"follow","max-snippet":"max-snippet:-1","max-image-preview":"max-image-preview:large","max-video-preview":"max-video-preview:-1"},"canonical":"https:\/\/cgsbaleares.com\/los-graduados-sociales-de-baleares-refuerzan-el-vinculo-academico-profesional-con-la-uib\/","og_locale":"ca_ES","og_type":"article","og_title":"Els Graduats Socials de les Illes Balears reforcen el vincle acad\u00e8mic-professional amb la UIB - Il\u00b7lustre Col\u00b7legi Oficial de Graduats Socials de le Illes Balears","og_description":"El 22 d\u2019octubre, la seu de l\u2019Il\u00b7lustre Col\u00b7legi Oficial de Graduats Socials de les Illes Balears va acollir un esmorzar de feina amb l\u2019equip docent del Grau en Relacions Laborals de la Universitat de les Illes Balears, una trobada orientada a estr\u00e8nyer la col\u00b7laboraci\u00f3 entre ambdues institucions i a explorar noves vies d\u2019acostament del Col\u00b7legi [&hellip;]","og_url":"https:\/\/cgsbaleares.com\/los-graduados-sociales-de-baleares-refuerzan-el-vinculo-academico-profesional-con-la-uib\/","og_site_name":"Il\u00b7lustre Col\u00b7legi Oficial de Graduats Socials de le Illes Balears","article_publisher":"https:\/\/www.facebook.com\/graduadossocialesbaleares","article_published_time":"2025-10-27T09:18:08+00:00","article_modified_time":"2025-10-27T09:19:35+00:00","og_image":[{"width":2560,"height":1707,"url":"https:\/\/cgsbaleares.com\/wp-content\/uploads\/2025\/10\/webfotoreunion-copia-scaled.jpg","type":"image\/jpeg"}],"author":"Juan Fiol Alemany","twitter_card":"summary_large_image","twitter_creator":"@cgsbaleares","twitter_site":"@cgsbaleares","twitter_misc":{"Escrit per":"Juan Fiol Alemany","Temps estimat de lectura":"2 minuts"},"schema":{"@context":"https:\/\/schema.org","@graph":[{"@type":"Article","@id":"https:\/\/cgsbaleares.com\/los-graduados-sociales-de-baleares-refuerzan-el-vinculo-academico-profesional-con-la-uib\/#article","isPartOf":{"@id":"https:\/\/cgsbaleares.com\/los-graduados-sociales-de-baleares-refuerzan-el-vinculo-academico-profesional-con-la-uib\/"},"author":{"name":"Juan Fiol Alemany","@id":"https:\/\/cgsbaleares.com\/#\/schema\/person\/7b75e24dfcb0b9f1376ec78afc253cd4"},"headline":"Els Graduats Socials de les Illes Balears reforcen el vincle acad\u00e8mic-professional amb la UIB","datePublished":"2025-10-27T09:18:08+00:00","dateModified":"2025-10-27T09:19:35+00:00","mainEntityOfPage":{"@id":"https:\/\/cgsbaleares.com\/los-graduados-sociales-de-baleares-refuerzan-el-vinculo-academico-profesional-con-la-uib\/"},"wordCount":447,"publisher":{"@id":"https:\/\/cgsbaleares.com\/#organization"},"image":{"@id":"https:\/\/cgsbaleares.com\/los-graduados-sociales-de-baleares-refuerzan-el-vinculo-academico-profesional-con-la-uib\/#primaryimage"},"thumbnailUrl":"http:\/\/cgsbaleares.com\/wp-content\/uploads\/2025\/10\/webfotoreunion-copia-scaled.jpg","articleSection":["Not\u00edcies generals"],"inLanguage":"ca"},{"@type":"WebPage","@id":"https:\/\/cgsbaleares.com\/los-graduados-sociales-de-baleares-refuerzan-el-vinculo-academico-profesional-con-la-uib\/","url":"https:\/\/cgsbaleares.com\/los-graduados-sociales-de-baleares-refuerzan-el-vinculo-academico-profesional-con-la-uib\/","name":"Els Graduats Socials de les Illes Balears reforcen el vincle acad\u00e8mic-professional amb la UIB - Il\u00b7lustre Col\u00b7legi Oficial de Graduats Socials de le Illes Balears","isPartOf":{"@id":"https:\/\/cgsbaleares.com\/#website"},"primaryImageOfPage":{"@id":"https:\/\/cgsbaleares.com\/los-graduados-sociales-de-baleares-refuerzan-el-vinculo-academico-profesional-con-la-uib\/#primaryimage"},"image":{"@id":"https:\/\/cgsbaleares.com\/los-graduados-sociales-de-baleares-refuerzan-el-vinculo-academico-profesional-con-la-uib\/#primaryimage"},"thumbnailUrl":"http:\/\/cgsbaleares.com\/wp-content\/uploads\/2025\/10\/webfotoreunion-copia-scaled.jpg","datePublished":"2025-10-27T09:18:08+00:00","dateModified":"2025-10-27T09:19:35+00:00","breadcrumb":{"@id":"https:\/\/cgsbaleares.com\/los-graduados-sociales-de-baleares-refuerzan-el-vinculo-academico-profesional-con-la-uib\/#breadcrumb"},"inLanguage":"ca","potentialAction":[{"@type":"ReadAction","target":["https:\/\/cgsbaleares.com\/los-graduados-sociales-de-baleares-refuerzan-el-vinculo-academico-profesional-con-la-uib\/"]}]},{"@type":"ImageObject","inLanguage":"ca","@id":"https:\/\/cgsbaleares.com\/los-graduados-sociales-de-baleares-refuerzan-el-vinculo-academico-profesional-con-la-uib\/#primaryimage","url":"http:\/\/cgsbaleares.com\/wp-content\/uploads\/2025\/10\/webfotoreunion-copia-scaled.jpg","contentUrl":"http:\/\/cgsbaleares.com\/wp-content\/uploads\/2025\/10\/webfotoreunion-copia-scaled.jpg","width":2560,"height":1707},{"@type":"BreadcrumbList","@id":"https:\/\/cgsbaleares.com\/los-graduados-sociales-de-baleares-refuerzan-el-vinculo-academico-profesional-con-la-uib\/#breadcrumb","itemListElement":[{"@type":"ListItem","position":1,"name":"Portada","item":"https:\/\/cgsbaleares.com\/ca\/"},{"@type":"ListItem","position":2,"name":"Els Graduats Socials de les Illes Balears reforcen el vincle acad\u00e8mic-professional amb la UIB"}]},{"@type":"WebSite","@id":"https:\/\/cgsbaleares.com\/#website","url":"https:\/\/cgsbaleares.com\/","name":"Il\u00b7ustre Col\u00b7legi Oficial de Graduats Socials de le Illes Balears","description":"Il\u00b7lustre Col\u00b7legi Oficial de Graduats Socials de les Illes Balears","publisher":{"@id":"https:\/\/cgsbaleares.com\/#organization"},"potentialAction":[{"@type":"SearchAction","target":{"@type":"EntryPoint","urlTemplate":"https:\/\/cgsbaleares.com\/?s={search_term_string}"},"query-input":{"@type":"PropertyValueSpecification","valueRequired":true,"valueName":"search_term_string"}}],"inLanguage":"ca"},{"@type":"Organization","@id":"https:\/\/cgsbaleares.com\/#organization","name":"Il\u00b7ustre Col\u00b7legi Oficial de Graduats Socials de le Illes Balears","url":"https:\/\/cgsbaleares.com\/","logo":{"@type":"ImageObject","inLanguage":"ca","@id":"https:\/\/cgsbaleares.com\/#\/schema\/logo\/image\/","url":"http:\/\/cgsbaleares.com\/wp-content\/uploads\/2024\/08\/CGS_logo_baleares_500x152.png","contentUrl":"http:\/\/cgsbaleares.com\/wp-content\/uploads\/2024\/08\/CGS_logo_baleares_500x152.png","width":500,"height":152,"caption":"Il\u00b7ustre Col\u00b7legi Oficial de Graduats Socials de le Illes Balears"},"image":{"@id":"https:\/\/cgsbaleares.com\/#\/schema\/logo\/image\/"},"sameAs":["https:\/\/www.facebook.com\/graduadossocialesbaleares","https:\/\/x.com\/cgsbaleares","https:\/\/www.instagram.com\/cgsbaleares\/","https:\/\/www.linkedin.com\/company\/cgsbaleares\/"]},{"@type":"Person","@id":"https:\/\/cgsbaleares.com\/#\/schema\/person\/7b75e24dfcb0b9f1376ec78afc253cd4","name":"Juan Fiol Alemany","image":{"@type":"ImageObject","inLanguage":"ca","@id":"https:\/\/secure.gravatar.com\/avatar\/9569b8e61fcb5be8918bb8ea705df8ad474ba356ff9e971390314751e816c08d?s=96&d=mm&r=g","url":"https:\/\/secure.gravatar.com\/avatar\/9569b8e61fcb5be8918bb8ea705df8ad474ba356ff9e971390314751e816c08d?s=96&d=mm&r=g","contentUrl":"https:\/\/secure.gravatar.com\/avatar\/9569b8e61fcb5be8918bb8ea705df8ad474ba356ff9e971390314751e816c08d?s=96&d=mm&r=g","caption":"Juan Fiol Alemany"},"url":"http:\/\/cgsbaleares.com\/ca\/colegiado\/juan-fiol-alemany\/"}]}},"_links":{"self":[{"href":"http:\/\/cgsbaleares.com\/ca\/wp-json\/wp\/v2\/posts\/24194","targetHints":{"allow":["GET"]}}],"collection":[{"href":"http:\/\/cgsbaleares.com\/ca\/wp-json\/wp\/v2\/posts"}],"about":[{"href":"http:\/\/cgsbaleares.com\/ca\/wp-json\/wp\/v2\/types\/post"}],"author":[{"embeddable":true,"href":"http:\/\/cgsbaleares.com\/ca\/wp-json\/wp\/v2\/users\/677"}],"replies":[{"embeddable":true,"href":"http:\/\/cgsbaleares.com\/ca\/wp-json\/wp\/v2\/comments?post=24194"}],"version-history":[{"count":2,"href":"http:\/\/cgsbaleares.com\/ca\/wp-json\/wp\/v2\/posts\/24194\/revisions"}],"predecessor-version":[{"id":24198,"href":"http:\/\/cgsbaleares.com\/ca\/wp-json\/wp\/v2\/posts\/24194\/revisions\/24198"}],"wp:featuredmedia":[{"embeddable":true,"href":"http:\/\/cgsbaleares.com\/ca\/wp-json\/wp\/v2\/media\/24191"}],"wp:attachment":[{"href":"http:\/\/cgsbaleares.com\/ca\/wp-json\/wp\/v2\/media?parent=24194"}],"wp:term":[{"taxonomy":"category","embeddable":true,"href":"http:\/\/cgsbaleares.com\/ca\/wp-json\/wp\/v2\/categories?post=24194"},{"taxonomy":"post_tag","embeddable":true,"href":"http:\/\/cgsbaleares.com\/ca\/wp-json\/wp\/v2\/tags?post=24194"}],"curies":[{"name":"wp","href":"https:\/\/api.w.org\/{rel}","templated":true}]}}