{"id":24272,"date":"2025-10-31T14:11:43","date_gmt":"2025-10-31T13:11:43","guid":{"rendered":"https:\/\/cgsbaleares.com\/?p=24272"},"modified":"2025-10-31T14:15:13","modified_gmt":"2025-10-31T13:15:13","slug":"sessio-formativa-sobre-les-novetats-del-conveni-collectiu-dhostaleria-de-les-illes-balears","status":"publish","type":"post","link":"http:\/\/cgsbaleares.com\/ca\/sessio-formativa-sobre-les-novetats-del-conveni-collectiu-dhostaleria-de-les-illes-balears\/","title":{"rendered":"Sessi\u00f3 formativa sobre les novetats del Conveni Col\u00b7lectiu d\u2019Hostaleria de les Illes Balears"},"content":{"rendered":"\n<p><\/p>\n\n\n\n<p>L\u2019Il\u00b7lustre Col\u00b7legi Oficial de Graduats Socials de les Illes Balears va celebrar la sessi\u00f3 formativa \u201cNovetats del Conveni Col\u00b7lectiu d\u2019Hostaleria de les Illes Balears\u201d, una cita que va registrar una participaci\u00f3 activa i una valoraci\u00f3 molt positiva per part dels assistents. L\u2019acte va ser presentat pel vicesecretari del Col\u00b7legi, Jos\u00e9 Manuel Raya.<\/p>\n\n\n\n<p>La jornada va comptar amb les pon\u00e8ncies de Javier Sol\u00e0 Ortiz, soci a Cuatrecasas a Palma de Mallorca, expert en Dret del Treball i assessor d\u2019empreses nacionals i internacionals (principalment dels sectors tur\u00edstic, hoteler i d\u2019oci), i de Tatiana Manuela Mu\u00f1oz, associada s\u00e8nior de Cuatrecasas, amb una \u00e0mplia experi\u00e8ncia en l\u2019assessorament laboral i de Seguretat Social a companyies p\u00fabliques i privades. Tots dos ponents van oferir una exposici\u00f3 clara, aplicada i orientada a la presa de decisions, que va propiciar un di\u00e0leg t\u00e8cnic de gran nivell amb els professionals assistents.<\/p>\n\n\n\n<p>L\u2019objectiu de la sessi\u00f3 va ser proporcionar una visi\u00f3 precisa i operativa de les principals modificacions introdu\u00efdes en el nou conveni col\u00b7lectiu, amb especial atenci\u00f3 al seu impacte en la gesti\u00f3 de personal, la planificaci\u00f3 de campanyes i els processos de RR. HH. i direcci\u00f3. En aquest marc, es van analitzar els nous criteris d\u2019ordenaci\u00f3 de la crida dels treballadors fixes discontinus i la durada del per\u00edode d\u2019ocupaci\u00f3 garantit, inclosos els sup\u00f2sits d\u2019ampliaci\u00f3 i reversi\u00f3. Igualment, es va revisar l\u2019actualitzaci\u00f3 de les modalitats contractuals d\u2019acord amb la normativa estatal vigent i els sup\u00f2sits de contractaci\u00f3 temporal previstos al text convencional, juntament amb els nous requisits per al gaudi d\u2019exced\u00e8ncies per promoci\u00f3 professional.<\/p>\n\n\n\n<p>La sessi\u00f3 tamb\u00e9 va abordar mat\u00e8ries d\u2019especial actualitat, com la incorporaci\u00f3 de previsions sobre jubilaci\u00f3 for\u00e7osa i la inclusi\u00f3 de mesures per a la igualtat i la no-discriminaci\u00f3 de les persones LGTBI a l\u2019empresa, oferint criteris interpretatius per a la seva correcta implantaci\u00f3. Finalment, es va presentar un mapa d\u2019alineaci\u00f3 del conveni amb les reformes normatives aprovades des de l\u2019anterior text, identificant riscos, oportunitats i bones pr\u00e0ctiques per garantir la seguretat jur\u00eddica en l\u2019aplicaci\u00f3 quotidiana d\u2019aquestes novetats.<\/p>\n\n\n\n<p>Amb un enfocament eminentment pr\u00e0ctic i aplicat, la sessi\u00f3 va permetre resoldre dubtes freq\u00fcents, identificar riscos i aportar criteris \u00fatils per a la correcta implantaci\u00f3 de les novetats als diversos entorns empresarials del sector.<\/p>\n\n\n\n<figure class=\"wp-block-image size-large\"><img fetchpriority=\"high\" decoding=\"async\" width=\"1024\" height=\"683\" src=\"https:\/\/cgsbaleares.com\/wp-content\/uploads\/2025\/10\/foto2-1-1024x683.jpg\" alt=\"\" class=\"wp-image-24273\" srcset=\"http:\/\/cgsbaleares.com\/wp-content\/uploads\/2025\/10\/foto2-1-1024x683.jpg 1024w, http:\/\/cgsbaleares.com\/wp-content\/uploads\/2025\/10\/foto2-1-300x200.jpg 300w, http:\/\/cgsbaleares.com\/wp-content\/uploads\/2025\/10\/foto2-1-768x512.jpg 768w, http:\/\/cgsbaleares.com\/wp-content\/uploads\/2025\/10\/foto2-1-1536x1024.jpg 1536w, http:\/\/cgsbaleares.com\/wp-content\/uploads\/2025\/10\/foto2-1-2048x1365.jpg 2048w\" sizes=\"(max-width: 1024px) 100vw, 1024px\" \/><\/figure>\n","protected":false},"excerpt":{"rendered":"<p>L\u2019Il\u00b7lustre Col\u00b7legi Oficial de Graduats Socials de les Illes Balears va celebrar la sessi\u00f3 formativa \u201cNovetats del Conveni Col\u00b7lectiu d\u2019Hostaleria de les Illes Balears\u201d, una cita que va registrar una participaci\u00f3 activa i una valoraci\u00f3 molt positiva per part dels assistents. L\u2019acte va ser presentat pel vicesecretari del Col\u00b7legi, Jos\u00e9 Manuel Raya. La jornada va [&hellip;]<\/p>\n","protected":false},"author":677,"featured_media":24267,"comment_status":"closed","ping_status":"closed","sticky":false,"template":"","format":"standard","meta":{"_monsterinsights_skip_tracking":false,"_monsterinsights_sitenote_active":false,"_monsterinsights_sitenote_note":"","_monsterinsights_sitenote_category":0,"_uf_show_specific_survey":0,"_uf_disable_surveys":false,"_jet_sm_ready_style":"","_jet_sm_style":"","_jet_sm_controls_values":"","_jet_sm_fonts_collection":"","_jet_sm_fonts_links":"","footnotes":""},"categories":[317],"tags":[],"class_list":["post-24272","post","type-post","status-publish","format-standard","has-post-thumbnail","hentry","category-cursos-i-formacio"],"desde":null,"hasta":null,"texto_circular":null,"hora_envio":null,"texto_ciruclar":null,"texto-circular":null,"asunto_circular":null,"documentos":null,"lugar_del_evento":null,"texto_fechas_":null,"envio_circular":null,"enviar_newsletter":null,"fecha_envio":null,"estado_envio":null,"destinatarios":null,"demarcaciones":null,"pendiente":null,"yoast_head":"<!-- This site is optimized with the Yoast SEO plugin v27.5 - https:\/\/yoast.com\/product\/yoast-seo-wordpress\/ -->\n<title>Sessi\u00f3 formativa sobre les novetats del Conveni Col\u00b7lectiu d\u2019Hostaleria de les Illes Balears - Il\u00b7lustre Col\u00b7legi Oficial de Graduats Socials de le Illes Balears<\/title>\n<meta name=\"robots\" content=\"index, follow, max-snippet:-1, max-image-preview:large, max-video-preview:-1\" \/>\n<link rel=\"canonical\" href=\"https:\/\/cgsbaleares.com\/ca\/sessio-formativa-sobre-les-novetats-del-conveni-collectiu-dhostaleria-de-les-illes-balears\/\" \/>\n<meta property=\"og:locale\" content=\"ca_ES\" \/>\n<meta property=\"og:type\" content=\"article\" \/>\n<meta property=\"og:title\" content=\"Sessi\u00f3 formativa sobre les novetats del Conveni Col\u00b7lectiu d\u2019Hostaleria de les Illes Balears - Il\u00b7lustre Col\u00b7legi Oficial de Graduats Socials de le Illes Balears\" \/>\n<meta property=\"og:description\" content=\"L\u2019Il\u00b7lustre Col\u00b7legi Oficial de Graduats Socials de les Illes Balears va celebrar la sessi\u00f3 formativa \u201cNovetats del Conveni Col\u00b7lectiu d\u2019Hostaleria de les Illes Balears\u201d, una cita que va registrar una participaci\u00f3 activa i una valoraci\u00f3 molt positiva per part dels assistents. L\u2019acte va ser presentat pel vicesecretari del Col\u00b7legi, Jos\u00e9 Manuel Raya. La jornada va [&hellip;]\" \/>\n<meta property=\"og:url\" content=\"https:\/\/cgsbaleares.com\/ca\/sessio-formativa-sobre-les-novetats-del-conveni-collectiu-dhostaleria-de-les-illes-balears\/\" \/>\n<meta property=\"og:site_name\" content=\"Il\u00b7lustre Col\u00b7legi Oficial de Graduats Socials de le Illes Balears\" \/>\n<meta property=\"article:publisher\" content=\"https:\/\/www.facebook.com\/graduadossocialesbaleares\" \/>\n<meta property=\"article:published_time\" content=\"2025-10-31T13:11:43+00:00\" \/>\n<meta property=\"article:modified_time\" content=\"2025-10-31T13:15:13+00:00\" \/>\n<meta property=\"og:image\" content=\"https:\/\/cgsbaleares.com\/wp-content\/uploads\/2025\/10\/weebfoto1-copia-scaled.jpg\" \/>\n\t<meta property=\"og:image:width\" content=\"2560\" \/>\n\t<meta property=\"og:image:height\" content=\"1707\" \/>\n\t<meta property=\"og:image:type\" content=\"image\/jpeg\" \/>\n<meta name=\"author\" content=\"Juan Fiol Alemany\" \/>\n<meta name=\"twitter:card\" content=\"summary_large_image\" \/>\n<meta name=\"twitter:creator\" content=\"@cgsbaleares\" \/>\n<meta name=\"twitter:site\" content=\"@cgsbaleares\" \/>\n<meta name=\"twitter:label1\" content=\"Escrit per\" \/>\n\t<meta name=\"twitter:data1\" content=\"Juan Fiol Alemany\" \/>\n\t<meta name=\"twitter:label2\" content=\"Temps estimat de lectura\" \/>\n\t<meta name=\"twitter:data2\" content=\"3 minuts\" \/>\n<script type=\"application\/ld+json\" class=\"yoast-schema-graph\">{\"@context\":\"https:\\\/\\\/schema.org\",\"@graph\":[{\"@type\":\"Article\",\"@id\":\"https:\\\/\\\/cgsbaleares.com\\\/ca\\\/sessio-formativa-sobre-les-novetats-del-conveni-collectiu-dhostaleria-de-les-illes-balears\\\/#article\",\"isPartOf\":{\"@id\":\"https:\\\/\\\/cgsbaleares.com\\\/ca\\\/sessio-formativa-sobre-les-novetats-del-conveni-collectiu-dhostaleria-de-les-illes-balears\\\/\"},\"author\":{\"name\":\"Juan Fiol Alemany\",\"@id\":\"https:\\\/\\\/cgsbaleares.com\\\/ca\\\/#\\\/schema\\\/person\\\/7b75e24dfcb0b9f1376ec78afc253cd4\"},\"headline\":\"Sessi\u00f3 formativa sobre les novetats del Conveni Col\u00b7lectiu d\u2019Hostaleria de les Illes Balears\",\"datePublished\":\"2025-10-31T13:11:43+00:00\",\"dateModified\":\"2025-10-31T13:15:13+00:00\",\"mainEntityOfPage\":{\"@id\":\"https:\\\/\\\/cgsbaleares.com\\\/ca\\\/sessio-formativa-sobre-les-novetats-del-conveni-collectiu-dhostaleria-de-les-illes-balears\\\/\"},\"wordCount\":423,\"publisher\":{\"@id\":\"https:\\\/\\\/cgsbaleares.com\\\/ca\\\/#organization\"},\"image\":{\"@id\":\"https:\\\/\\\/cgsbaleares.com\\\/ca\\\/sessio-formativa-sobre-les-novetats-del-conveni-collectiu-dhostaleria-de-les-illes-balears\\\/#primaryimage\"},\"thumbnailUrl\":\"http:\\\/\\\/cgsbaleares.com\\\/wp-content\\\/uploads\\\/2025\\\/10\\\/weebfoto1-copia-scaled.jpg\",\"articleSection\":[\"Cursos i formaci\u00f3\"],\"inLanguage\":\"ca\"},{\"@type\":\"WebPage\",\"@id\":\"https:\\\/\\\/cgsbaleares.com\\\/ca\\\/sessio-formativa-sobre-les-novetats-del-conveni-collectiu-dhostaleria-de-les-illes-balears\\\/\",\"url\":\"https:\\\/\\\/cgsbaleares.com\\\/ca\\\/sessio-formativa-sobre-les-novetats-del-conveni-collectiu-dhostaleria-de-les-illes-balears\\\/\",\"name\":\"Sessi\u00f3 formativa sobre les novetats del Conveni Col\u00b7lectiu d\u2019Hostaleria de les Illes Balears - Il\u00b7lustre Col\u00b7legi Oficial de Graduats Socials de le Illes Balears\",\"isPartOf\":{\"@id\":\"https:\\\/\\\/cgsbaleares.com\\\/ca\\\/#website\"},\"primaryImageOfPage\":{\"@id\":\"https:\\\/\\\/cgsbaleares.com\\\/ca\\\/sessio-formativa-sobre-les-novetats-del-conveni-collectiu-dhostaleria-de-les-illes-balears\\\/#primaryimage\"},\"image\":{\"@id\":\"https:\\\/\\\/cgsbaleares.com\\\/ca\\\/sessio-formativa-sobre-les-novetats-del-conveni-collectiu-dhostaleria-de-les-illes-balears\\\/#primaryimage\"},\"thumbnailUrl\":\"http:\\\/\\\/cgsbaleares.com\\\/wp-content\\\/uploads\\\/2025\\\/10\\\/weebfoto1-copia-scaled.jpg\",\"datePublished\":\"2025-10-31T13:11:43+00:00\",\"dateModified\":\"2025-10-31T13:15:13+00:00\",\"breadcrumb\":{\"@id\":\"https:\\\/\\\/cgsbaleares.com\\\/ca\\\/sessio-formativa-sobre-les-novetats-del-conveni-collectiu-dhostaleria-de-les-illes-balears\\\/#breadcrumb\"},\"inLanguage\":\"ca\",\"potentialAction\":[{\"@type\":\"ReadAction\",\"target\":[\"https:\\\/\\\/cgsbaleares.com\\\/ca\\\/sessio-formativa-sobre-les-novetats-del-conveni-collectiu-dhostaleria-de-les-illes-balears\\\/\"]}]},{\"@type\":\"ImageObject\",\"inLanguage\":\"ca\",\"@id\":\"https:\\\/\\\/cgsbaleares.com\\\/ca\\\/sessio-formativa-sobre-les-novetats-del-conveni-collectiu-dhostaleria-de-les-illes-balears\\\/#primaryimage\",\"url\":\"http:\\\/\\\/cgsbaleares.com\\\/wp-content\\\/uploads\\\/2025\\\/10\\\/weebfoto1-copia-scaled.jpg\",\"contentUrl\":\"http:\\\/\\\/cgsbaleares.com\\\/wp-content\\\/uploads\\\/2025\\\/10\\\/weebfoto1-copia-scaled.jpg\",\"width\":2560,\"height\":1707},{\"@type\":\"BreadcrumbList\",\"@id\":\"https:\\\/\\\/cgsbaleares.com\\\/ca\\\/sessio-formativa-sobre-les-novetats-del-conveni-collectiu-dhostaleria-de-les-illes-balears\\\/#breadcrumb\",\"itemListElement\":[{\"@type\":\"ListItem\",\"position\":1,\"name\":\"Portada\",\"item\":\"https:\\\/\\\/cgsbaleares.com\\\/ca\\\/\"},{\"@type\":\"ListItem\",\"position\":2,\"name\":\"Sessi\u00f3 formativa sobre les novetats del Conveni Col\u00b7lectiu d\u2019Hostaleria de les Illes Balears\"}]},{\"@type\":\"WebSite\",\"@id\":\"https:\\\/\\\/cgsbaleares.com\\\/ca\\\/#website\",\"url\":\"https:\\\/\\\/cgsbaleares.com\\\/ca\\\/\",\"name\":\"Il\u00b7ustre Col\u00b7legi Oficial de Graduats Socials de le Illes Balears\",\"description\":\"Il\u00b7lustre Col\u00b7legi Oficial de Graduats Socials de les Illes Balears\",\"publisher\":{\"@id\":\"https:\\\/\\\/cgsbaleares.com\\\/ca\\\/#organization\"},\"potentialAction\":[{\"@type\":\"SearchAction\",\"target\":{\"@type\":\"EntryPoint\",\"urlTemplate\":\"https:\\\/\\\/cgsbaleares.com\\\/ca\\\/?s={search_term_string}\"},\"query-input\":{\"@type\":\"PropertyValueSpecification\",\"valueRequired\":true,\"valueName\":\"search_term_string\"}}],\"inLanguage\":\"ca\"},{\"@type\":\"Organization\",\"@id\":\"https:\\\/\\\/cgsbaleares.com\\\/ca\\\/#organization\",\"name\":\"Il\u00b7ustre Col\u00b7legi Oficial de Graduats Socials de le Illes Balears\",\"url\":\"https:\\\/\\\/cgsbaleares.com\\\/ca\\\/\",\"logo\":{\"@type\":\"ImageObject\",\"inLanguage\":\"ca\",\"@id\":\"https:\\\/\\\/cgsbaleares.com\\\/ca\\\/#\\\/schema\\\/logo\\\/image\\\/\",\"url\":\"http:\\\/\\\/cgsbaleares.com\\\/wp-content\\\/uploads\\\/2024\\\/08\\\/CGS_logo_baleares_500x152.png\",\"contentUrl\":\"http:\\\/\\\/cgsbaleares.com\\\/wp-content\\\/uploads\\\/2024\\\/08\\\/CGS_logo_baleares_500x152.png\",\"width\":500,\"height\":152,\"caption\":\"Il\u00b7ustre Col\u00b7legi Oficial de Graduats Socials de le Illes Balears\"},\"image\":{\"@id\":\"https:\\\/\\\/cgsbaleares.com\\\/ca\\\/#\\\/schema\\\/logo\\\/image\\\/\"},\"sameAs\":[\"https:\\\/\\\/www.facebook.com\\\/graduadossocialesbaleares\",\"https:\\\/\\\/x.com\\\/cgsbaleares\",\"https:\\\/\\\/www.instagram.com\\\/cgsbaleares\\\/\",\"https:\\\/\\\/www.linkedin.com\\\/company\\\/cgsbaleares\\\/\"]},{\"@type\":\"Person\",\"@id\":\"https:\\\/\\\/cgsbaleares.com\\\/ca\\\/#\\\/schema\\\/person\\\/7b75e24dfcb0b9f1376ec78afc253cd4\",\"name\":\"Juan Fiol Alemany\",\"image\":{\"@type\":\"ImageObject\",\"inLanguage\":\"ca\",\"@id\":\"https:\\\/\\\/secure.gravatar.com\\\/avatar\\\/9569b8e61fcb5be8918bb8ea705df8ad474ba356ff9e971390314751e816c08d?s=96&d=mm&r=g\",\"url\":\"https:\\\/\\\/secure.gravatar.com\\\/avatar\\\/9569b8e61fcb5be8918bb8ea705df8ad474ba356ff9e971390314751e816c08d?s=96&d=mm&r=g\",\"contentUrl\":\"https:\\\/\\\/secure.gravatar.com\\\/avatar\\\/9569b8e61fcb5be8918bb8ea705df8ad474ba356ff9e971390314751e816c08d?s=96&d=mm&r=g\",\"caption\":\"Juan Fiol Alemany\"},\"url\":\"http:\\\/\\\/cgsbaleares.com\\\/ca\\\/colegiado\\\/juan-fiol-alemany\\\/\"}]}<\/script>\n<!-- \/ Yoast SEO plugin. -->","yoast_head_json":{"title":"Sessi\u00f3 formativa sobre les novetats del Conveni Col\u00b7lectiu d\u2019Hostaleria de les Illes Balears - Il\u00b7lustre Col\u00b7legi Oficial de Graduats Socials de le Illes Balears","robots":{"index":"index","follow":"follow","max-snippet":"max-snippet:-1","max-image-preview":"max-image-preview:large","max-video-preview":"max-video-preview:-1"},"canonical":"https:\/\/cgsbaleares.com\/ca\/sessio-formativa-sobre-les-novetats-del-conveni-collectiu-dhostaleria-de-les-illes-balears\/","og_locale":"ca_ES","og_type":"article","og_title":"Sessi\u00f3 formativa sobre les novetats del Conveni Col\u00b7lectiu d\u2019Hostaleria de les Illes Balears - Il\u00b7lustre Col\u00b7legi Oficial de Graduats Socials de le Illes Balears","og_description":"L\u2019Il\u00b7lustre Col\u00b7legi Oficial de Graduats Socials de les Illes Balears va celebrar la sessi\u00f3 formativa \u201cNovetats del Conveni Col\u00b7lectiu d\u2019Hostaleria de les Illes Balears\u201d, una cita que va registrar una participaci\u00f3 activa i una valoraci\u00f3 molt positiva per part dels assistents. L\u2019acte va ser presentat pel vicesecretari del Col\u00b7legi, Jos\u00e9 Manuel Raya. La jornada va [&hellip;]","og_url":"https:\/\/cgsbaleares.com\/ca\/sessio-formativa-sobre-les-novetats-del-conveni-collectiu-dhostaleria-de-les-illes-balears\/","og_site_name":"Il\u00b7lustre Col\u00b7legi Oficial de Graduats Socials de le Illes Balears","article_publisher":"https:\/\/www.facebook.com\/graduadossocialesbaleares","article_published_time":"2025-10-31T13:11:43+00:00","article_modified_time":"2025-10-31T13:15:13+00:00","og_image":[{"width":2560,"height":1707,"url":"https:\/\/cgsbaleares.com\/wp-content\/uploads\/2025\/10\/weebfoto1-copia-scaled.jpg","type":"image\/jpeg"}],"author":"Juan Fiol Alemany","twitter_card":"summary_large_image","twitter_creator":"@cgsbaleares","twitter_site":"@cgsbaleares","twitter_misc":{"Escrit per":"Juan Fiol Alemany","Temps estimat de lectura":"3 minuts"},"schema":{"@context":"https:\/\/schema.org","@graph":[{"@type":"Article","@id":"https:\/\/cgsbaleares.com\/ca\/sessio-formativa-sobre-les-novetats-del-conveni-collectiu-dhostaleria-de-les-illes-balears\/#article","isPartOf":{"@id":"https:\/\/cgsbaleares.com\/ca\/sessio-formativa-sobre-les-novetats-del-conveni-collectiu-dhostaleria-de-les-illes-balears\/"},"author":{"name":"Juan Fiol Alemany","@id":"https:\/\/cgsbaleares.com\/ca\/#\/schema\/person\/7b75e24dfcb0b9f1376ec78afc253cd4"},"headline":"Sessi\u00f3 formativa sobre les novetats del Conveni Col\u00b7lectiu d\u2019Hostaleria de les Illes Balears","datePublished":"2025-10-31T13:11:43+00:00","dateModified":"2025-10-31T13:15:13+00:00","mainEntityOfPage":{"@id":"https:\/\/cgsbaleares.com\/ca\/sessio-formativa-sobre-les-novetats-del-conveni-collectiu-dhostaleria-de-les-illes-balears\/"},"wordCount":423,"publisher":{"@id":"https:\/\/cgsbaleares.com\/ca\/#organization"},"image":{"@id":"https:\/\/cgsbaleares.com\/ca\/sessio-formativa-sobre-les-novetats-del-conveni-collectiu-dhostaleria-de-les-illes-balears\/#primaryimage"},"thumbnailUrl":"http:\/\/cgsbaleares.com\/wp-content\/uploads\/2025\/10\/weebfoto1-copia-scaled.jpg","articleSection":["Cursos i formaci\u00f3"],"inLanguage":"ca"},{"@type":"WebPage","@id":"https:\/\/cgsbaleares.com\/ca\/sessio-formativa-sobre-les-novetats-del-conveni-collectiu-dhostaleria-de-les-illes-balears\/","url":"https:\/\/cgsbaleares.com\/ca\/sessio-formativa-sobre-les-novetats-del-conveni-collectiu-dhostaleria-de-les-illes-balears\/","name":"Sessi\u00f3 formativa sobre les novetats del Conveni Col\u00b7lectiu d\u2019Hostaleria de les Illes Balears - Il\u00b7lustre Col\u00b7legi Oficial de Graduats Socials de le Illes Balears","isPartOf":{"@id":"https:\/\/cgsbaleares.com\/ca\/#website"},"primaryImageOfPage":{"@id":"https:\/\/cgsbaleares.com\/ca\/sessio-formativa-sobre-les-novetats-del-conveni-collectiu-dhostaleria-de-les-illes-balears\/#primaryimage"},"image":{"@id":"https:\/\/cgsbaleares.com\/ca\/sessio-formativa-sobre-les-novetats-del-conveni-collectiu-dhostaleria-de-les-illes-balears\/#primaryimage"},"thumbnailUrl":"http:\/\/cgsbaleares.com\/wp-content\/uploads\/2025\/10\/weebfoto1-copia-scaled.jpg","datePublished":"2025-10-31T13:11:43+00:00","dateModified":"2025-10-31T13:15:13+00:00","breadcrumb":{"@id":"https:\/\/cgsbaleares.com\/ca\/sessio-formativa-sobre-les-novetats-del-conveni-collectiu-dhostaleria-de-les-illes-balears\/#breadcrumb"},"inLanguage":"ca","potentialAction":[{"@type":"ReadAction","target":["https:\/\/cgsbaleares.com\/ca\/sessio-formativa-sobre-les-novetats-del-conveni-collectiu-dhostaleria-de-les-illes-balears\/"]}]},{"@type":"ImageObject","inLanguage":"ca","@id":"https:\/\/cgsbaleares.com\/ca\/sessio-formativa-sobre-les-novetats-del-conveni-collectiu-dhostaleria-de-les-illes-balears\/#primaryimage","url":"http:\/\/cgsbaleares.com\/wp-content\/uploads\/2025\/10\/weebfoto1-copia-scaled.jpg","contentUrl":"http:\/\/cgsbaleares.com\/wp-content\/uploads\/2025\/10\/weebfoto1-copia-scaled.jpg","width":2560,"height":1707},{"@type":"BreadcrumbList","@id":"https:\/\/cgsbaleares.com\/ca\/sessio-formativa-sobre-les-novetats-del-conveni-collectiu-dhostaleria-de-les-illes-balears\/#breadcrumb","itemListElement":[{"@type":"ListItem","position":1,"name":"Portada","item":"https:\/\/cgsbaleares.com\/ca\/"},{"@type":"ListItem","position":2,"name":"Sessi\u00f3 formativa sobre les novetats del Conveni Col\u00b7lectiu d\u2019Hostaleria de les Illes Balears"}]},{"@type":"WebSite","@id":"https:\/\/cgsbaleares.com\/ca\/#website","url":"https:\/\/cgsbaleares.com\/ca\/","name":"Il\u00b7ustre Col\u00b7legi Oficial de Graduats Socials de le Illes Balears","description":"Il\u00b7lustre Col\u00b7legi Oficial de Graduats Socials de les Illes Balears","publisher":{"@id":"https:\/\/cgsbaleares.com\/ca\/#organization"},"potentialAction":[{"@type":"SearchAction","target":{"@type":"EntryPoint","urlTemplate":"https:\/\/cgsbaleares.com\/ca\/?s={search_term_string}"},"query-input":{"@type":"PropertyValueSpecification","valueRequired":true,"valueName":"search_term_string"}}],"inLanguage":"ca"},{"@type":"Organization","@id":"https:\/\/cgsbaleares.com\/ca\/#organization","name":"Il\u00b7ustre Col\u00b7legi Oficial de Graduats Socials de le Illes Balears","url":"https:\/\/cgsbaleares.com\/ca\/","logo":{"@type":"ImageObject","inLanguage":"ca","@id":"https:\/\/cgsbaleares.com\/ca\/#\/schema\/logo\/image\/","url":"http:\/\/cgsbaleares.com\/wp-content\/uploads\/2024\/08\/CGS_logo_baleares_500x152.png","contentUrl":"http:\/\/cgsbaleares.com\/wp-content\/uploads\/2024\/08\/CGS_logo_baleares_500x152.png","width":500,"height":152,"caption":"Il\u00b7ustre Col\u00b7legi Oficial de Graduats Socials de le Illes Balears"},"image":{"@id":"https:\/\/cgsbaleares.com\/ca\/#\/schema\/logo\/image\/"},"sameAs":["https:\/\/www.facebook.com\/graduadossocialesbaleares","https:\/\/x.com\/cgsbaleares","https:\/\/www.instagram.com\/cgsbaleares\/","https:\/\/www.linkedin.com\/company\/cgsbaleares\/"]},{"@type":"Person","@id":"https:\/\/cgsbaleares.com\/ca\/#\/schema\/person\/7b75e24dfcb0b9f1376ec78afc253cd4","name":"Juan Fiol Alemany","image":{"@type":"ImageObject","inLanguage":"ca","@id":"https:\/\/secure.gravatar.com\/avatar\/9569b8e61fcb5be8918bb8ea705df8ad474ba356ff9e971390314751e816c08d?s=96&d=mm&r=g","url":"https:\/\/secure.gravatar.com\/avatar\/9569b8e61fcb5be8918bb8ea705df8ad474ba356ff9e971390314751e816c08d?s=96&d=mm&r=g","contentUrl":"https:\/\/secure.gravatar.com\/avatar\/9569b8e61fcb5be8918bb8ea705df8ad474ba356ff9e971390314751e816c08d?s=96&d=mm&r=g","caption":"Juan Fiol Alemany"},"url":"http:\/\/cgsbaleares.com\/ca\/colegiado\/juan-fiol-alemany\/"}]}},"_links":{"self":[{"href":"http:\/\/cgsbaleares.com\/ca\/wp-json\/wp\/v2\/posts\/24272","targetHints":{"allow":["GET"]}}],"collection":[{"href":"http:\/\/cgsbaleares.com\/ca\/wp-json\/wp\/v2\/posts"}],"about":[{"href":"http:\/\/cgsbaleares.com\/ca\/wp-json\/wp\/v2\/types\/post"}],"author":[{"embeddable":true,"href":"http:\/\/cgsbaleares.com\/ca\/wp-json\/wp\/v2\/users\/677"}],"replies":[{"embeddable":true,"href":"http:\/\/cgsbaleares.com\/ca\/wp-json\/wp\/v2\/comments?post=24272"}],"version-history":[{"count":2,"href":"http:\/\/cgsbaleares.com\/ca\/wp-json\/wp\/v2\/posts\/24272\/revisions"}],"predecessor-version":[{"id":24276,"href":"http:\/\/cgsbaleares.com\/ca\/wp-json\/wp\/v2\/posts\/24272\/revisions\/24276"}],"wp:featuredmedia":[{"embeddable":true,"href":"http:\/\/cgsbaleares.com\/ca\/wp-json\/wp\/v2\/media\/24267"}],"wp:attachment":[{"href":"http:\/\/cgsbaleares.com\/ca\/wp-json\/wp\/v2\/media?parent=24272"}],"wp:term":[{"taxonomy":"category","embeddable":true,"href":"http:\/\/cgsbaleares.com\/ca\/wp-json\/wp\/v2\/categories?post=24272"},{"taxonomy":"post_tag","embeddable":true,"href":"http:\/\/cgsbaleares.com\/ca\/wp-json\/wp\/v2\/tags?post=24272"}],"curies":[{"name":"wp","href":"https:\/\/api.w.org\/{rel}","templated":true}]}}