{"id":24353,"date":"2025-11-10T14:40:49","date_gmt":"2025-11-10T13:40:49","guid":{"rendered":"https:\/\/cgsbaleares.com\/?p=24353"},"modified":"2025-11-10T14:50:41","modified_gmt":"2025-11-10T13:50:41","slug":"campanya-solidaria-a-benefici-de-la-fundacio-sos-mamas-conhort","status":"publish","type":"post","link":"http:\/\/cgsbaleares.com\/ca\/campanya-solidaria-a-benefici-de-la-fundacio-sos-mamas-conhort\/","title":{"rendered":"CAMPANYA SOLID\u00c0RIA A BENEFICI DE LA FUNDACI\u00d3 \u201cSOS MAM\u00c1S CONHORT\u201d"},"content":{"rendered":"\n<p>L\u2019 informem que la Fundaci\u00f3 de Graduats Socials de Illes Balears juntament amb SOS MAMAS CONHORT realitza una campanya solid\u00e0ria per a la recollida d\u2019aliments de Nadal, torrons, neules, polvorons, galetes, xocolata\u2026 i dem\u00e9s productes nadalencs que podrien agradar als infants, a la que el convidem a participar.<\/p>\n\n\n\n<p>La Fundaci\u00f3 SOS MAM\u00c0S va n\u00e9ixer en el 2011, quan la seva fundadora va haver de posar la seva vida laboral en suspens per necessitats m\u00e8diques i va decidir continuar ajudant als altres. Sos Mam\u00e0s \u00e9s una entitat sense \u00e0nim de lucre amb l&#8217;objectiu de gestionar de la manera m\u00e9s eficient possible totes les ajudes capaces de pal\u00b7liar la situaci\u00f3 de necessitat de les persones en situaci\u00f3 vulnerablea les quals assisteixen, adults i infants.<\/p>\n\n\n\n<p>Per a tot aquell que vulgui col\u00b7laborar,<strong> la recollida d\u2019aliments de Nadal es far\u00e0 a la seu de la Fundaci\u00f3 i del Col\u00b7legi de Graduats Socials fins Dimecres 17 de desembre.<\/strong><\/p>\n\n\n\n<p><strong>Horari de 9:00 a 17:00 hores de dilluns a dijous<\/strong><\/p>\n\n\n\n<p><strong>De 9:00 a 14:00 hores els divendres.<\/strong><\/p>\n\n\n\n<p><strong>Parellades &#8211; 12A, baixos. 07003 Palma<\/strong>.<\/p>\n\n\n\n<figure class=\"wp-block-image size-large\"><img fetchpriority=\"high\" decoding=\"async\" width=\"717\" height=\"1024\" src=\"https:\/\/cgsbaleares.com\/wp-content\/uploads\/2025\/11\/2025-Accio-solidaria-2-717x1024.jpg\" alt=\"\" class=\"wp-image-24354\" srcset=\"http:\/\/cgsbaleares.com\/wp-content\/uploads\/2025\/11\/2025-Accio-solidaria-2-717x1024.jpg 717w, http:\/\/cgsbaleares.com\/wp-content\/uploads\/2025\/11\/2025-Accio-solidaria-2-210x300.jpg 210w, http:\/\/cgsbaleares.com\/wp-content\/uploads\/2025\/11\/2025-Accio-solidaria-2-768x1097.jpg 768w, http:\/\/cgsbaleares.com\/wp-content\/uploads\/2025\/11\/2025-Accio-solidaria-2-1075x1536.jpg 1075w, http:\/\/cgsbaleares.com\/wp-content\/uploads\/2025\/11\/2025-Accio-solidaria-2-1434x2048.jpg 1434w, http:\/\/cgsbaleares.com\/wp-content\/uploads\/2025\/11\/2025-Accio-solidaria-2.jpg 1575w\" sizes=\"(max-width: 717px) 100vw, 717px\" \/><\/figure>\n","protected":false},"excerpt":{"rendered":"<p>L\u2019 informem que la Fundaci\u00f3 de Graduats Socials de Illes Balears juntament amb SOS MAMAS CONHORT realitza una campanya solid\u00e0ria per a la recollida d\u2019aliments de Nadal, torrons, neules, polvorons, galetes, xocolata\u2026 i dem\u00e9s productes nadalencs que podrien agradar als infants, a la que el convidem a participar. La Fundaci\u00f3 SOS MAM\u00c0S va n\u00e9ixer en [&hellip;]<\/p>\n","protected":false},"author":677,"featured_media":24374,"comment_status":"closed","ping_status":"closed","sticky":false,"template":"","format":"standard","meta":{"_monsterinsights_skip_tracking":false,"_monsterinsights_sitenote_active":false,"_monsterinsights_sitenote_note":"","_monsterinsights_sitenote_category":0,"_uf_show_specific_survey":0,"_uf_disable_surveys":false,"_jet_sm_ready_style":"","_jet_sm_style":"","_jet_sm_controls_values":"","_jet_sm_fonts_collection":"","_jet_sm_fonts_links":"","footnotes":""},"categories":[151],"tags":[],"class_list":["post-24353","post","type-post","status-publish","format-standard","has-post-thumbnail","hentry","category-sin-categorizar"],"desde":null,"hasta":null,"texto_circular":null,"hora_envio":null,"texto_ciruclar":null,"texto-circular":null,"asunto_circular":null,"documentos":null,"lugar_del_evento":null,"texto_fechas_":null,"envio_circular":null,"enviar_newsletter":null,"fecha_envio":null,"estado_envio":null,"destinatarios":null,"demarcaciones":null,"pendiente":null,"yoast_head":"<!-- This site is optimized with the Yoast SEO plugin v27.5 - https:\/\/yoast.com\/product\/yoast-seo-wordpress\/ -->\n<title>CAMPANYA SOLID\u00c0RIA A BENEFICI DE LA FUNDACI\u00d3 \u201cSOS MAM\u00c1S CONHORT\u201d - Il\u00b7lustre Col\u00b7legi Oficial de Graduats Socials de le Illes Balears<\/title>\n<meta name=\"robots\" content=\"index, follow, max-snippet:-1, max-image-preview:large, max-video-preview:-1\" \/>\n<link rel=\"canonical\" href=\"http:\/\/cgsbaleares.com\/ca\/campanya-solidaria-a-benefici-de-la-fundacio-sos-mamas-conhort\/\" \/>\n<meta property=\"og:locale\" content=\"ca_ES\" \/>\n<meta property=\"og:type\" content=\"article\" \/>\n<meta property=\"og:title\" content=\"CAMPANYA SOLID\u00c0RIA A BENEFICI DE LA FUNDACI\u00d3 \u201cSOS MAM\u00c1S CONHORT\u201d - Il\u00b7lustre Col\u00b7legi Oficial de Graduats Socials de le Illes Balears\" \/>\n<meta property=\"og:description\" content=\"L\u2019 informem que la Fundaci\u00f3 de Graduats Socials de Illes Balears juntament amb SOS MAMAS CONHORT realitza una campanya solid\u00e0ria per a la recollida d\u2019aliments de Nadal, torrons, neules, polvorons, galetes, xocolata\u2026 i dem\u00e9s productes nadalencs que podrien agradar als infants, a la que el convidem a participar. La Fundaci\u00f3 SOS MAM\u00c0S va n\u00e9ixer en [&hellip;]\" \/>\n<meta property=\"og:url\" content=\"http:\/\/cgsbaleares.com\/ca\/campanya-solidaria-a-benefici-de-la-fundacio-sos-mamas-conhort\/\" \/>\n<meta property=\"og:site_name\" content=\"Il\u00b7lustre Col\u00b7legi Oficial de Graduats Socials de le Illes Balears\" \/>\n<meta property=\"article:publisher\" content=\"https:\/\/www.facebook.com\/graduadossocialesbaleares\" \/>\n<meta property=\"article:published_time\" content=\"2025-11-10T13:40:49+00:00\" \/>\n<meta property=\"article:modified_time\" content=\"2025-11-10T13:50:41+00:00\" \/>\n<meta property=\"og:image\" content=\"http:\/\/cgsbaleares.com\/wp-content\/uploads\/2025\/11\/camapanya_solidaria.jpg\" \/>\n\t<meta property=\"og:image:width\" content=\"2560\" \/>\n\t<meta property=\"og:image:height\" content=\"1440\" \/>\n\t<meta property=\"og:image:type\" content=\"image\/jpeg\" \/>\n<meta name=\"author\" content=\"Juan Fiol Alemany\" \/>\n<meta name=\"twitter:card\" content=\"summary_large_image\" \/>\n<meta name=\"twitter:creator\" content=\"@cgsbaleares\" \/>\n<meta name=\"twitter:site\" content=\"@cgsbaleares\" \/>\n<meta name=\"twitter:label1\" content=\"Escrit per\" \/>\n\t<meta name=\"twitter:data1\" content=\"Juan Fiol Alemany\" \/>\n\t<meta name=\"twitter:label2\" content=\"Temps estimat de lectura\" \/>\n\t<meta name=\"twitter:data2\" content=\"2 minuts\" \/>\n<script type=\"application\/ld+json\" class=\"yoast-schema-graph\">{\"@context\":\"https:\\\/\\\/schema.org\",\"@graph\":[{\"@type\":\"Article\",\"@id\":\"http:\\\/\\\/cgsbaleares.com\\\/ca\\\/campanya-solidaria-a-benefici-de-la-fundacio-sos-mamas-conhort\\\/#article\",\"isPartOf\":{\"@id\":\"http:\\\/\\\/cgsbaleares.com\\\/ca\\\/campanya-solidaria-a-benefici-de-la-fundacio-sos-mamas-conhort\\\/\"},\"author\":{\"name\":\"Juan Fiol Alemany\",\"@id\":\"http:\\\/\\\/cgsbaleares.com\\\/#\\\/schema\\\/person\\\/7b75e24dfcb0b9f1376ec78afc253cd4\"},\"headline\":\"CAMPANYA SOLID\u00c0RIA A BENEFICI DE LA FUNDACI\u00d3 \u201cSOS MAM\u00c1S CONHORT\u201d\",\"datePublished\":\"2025-11-10T13:40:49+00:00\",\"dateModified\":\"2025-11-10T13:50:41+00:00\",\"mainEntityOfPage\":{\"@id\":\"http:\\\/\\\/cgsbaleares.com\\\/ca\\\/campanya-solidaria-a-benefici-de-la-fundacio-sos-mamas-conhort\\\/\"},\"wordCount\":194,\"publisher\":{\"@id\":\"http:\\\/\\\/cgsbaleares.com\\\/#organization\"},\"image\":{\"@id\":\"http:\\\/\\\/cgsbaleares.com\\\/ca\\\/campanya-solidaria-a-benefici-de-la-fundacio-sos-mamas-conhort\\\/#primaryimage\"},\"thumbnailUrl\":\"http:\\\/\\\/cgsbaleares.com\\\/wp-content\\\/uploads\\\/2025\\\/11\\\/camapanya_solidaria.jpg\",\"articleSection\":[\"Sin categorizar\"],\"inLanguage\":\"ca\"},{\"@type\":\"WebPage\",\"@id\":\"http:\\\/\\\/cgsbaleares.com\\\/ca\\\/campanya-solidaria-a-benefici-de-la-fundacio-sos-mamas-conhort\\\/\",\"url\":\"http:\\\/\\\/cgsbaleares.com\\\/ca\\\/campanya-solidaria-a-benefici-de-la-fundacio-sos-mamas-conhort\\\/\",\"name\":\"CAMPANYA SOLID\u00c0RIA A BENEFICI DE LA FUNDACI\u00d3 \u201cSOS MAM\u00c1S CONHORT\u201d - Il\u00b7lustre Col\u00b7legi Oficial de Graduats Socials de le Illes Balears\",\"isPartOf\":{\"@id\":\"http:\\\/\\\/cgsbaleares.com\\\/#website\"},\"primaryImageOfPage\":{\"@id\":\"http:\\\/\\\/cgsbaleares.com\\\/ca\\\/campanya-solidaria-a-benefici-de-la-fundacio-sos-mamas-conhort\\\/#primaryimage\"},\"image\":{\"@id\":\"http:\\\/\\\/cgsbaleares.com\\\/ca\\\/campanya-solidaria-a-benefici-de-la-fundacio-sos-mamas-conhort\\\/#primaryimage\"},\"thumbnailUrl\":\"http:\\\/\\\/cgsbaleares.com\\\/wp-content\\\/uploads\\\/2025\\\/11\\\/camapanya_solidaria.jpg\",\"datePublished\":\"2025-11-10T13:40:49+00:00\",\"dateModified\":\"2025-11-10T13:50:41+00:00\",\"breadcrumb\":{\"@id\":\"http:\\\/\\\/cgsbaleares.com\\\/ca\\\/campanya-solidaria-a-benefici-de-la-fundacio-sos-mamas-conhort\\\/#breadcrumb\"},\"inLanguage\":\"ca\",\"potentialAction\":[{\"@type\":\"ReadAction\",\"target\":[\"http:\\\/\\\/cgsbaleares.com\\\/ca\\\/campanya-solidaria-a-benefici-de-la-fundacio-sos-mamas-conhort\\\/\"]}]},{\"@type\":\"ImageObject\",\"inLanguage\":\"ca\",\"@id\":\"http:\\\/\\\/cgsbaleares.com\\\/ca\\\/campanya-solidaria-a-benefici-de-la-fundacio-sos-mamas-conhort\\\/#primaryimage\",\"url\":\"http:\\\/\\\/cgsbaleares.com\\\/wp-content\\\/uploads\\\/2025\\\/11\\\/camapanya_solidaria.jpg\",\"contentUrl\":\"http:\\\/\\\/cgsbaleares.com\\\/wp-content\\\/uploads\\\/2025\\\/11\\\/camapanya_solidaria.jpg\",\"width\":2560,\"height\":1440},{\"@type\":\"BreadcrumbList\",\"@id\":\"http:\\\/\\\/cgsbaleares.com\\\/ca\\\/campanya-solidaria-a-benefici-de-la-fundacio-sos-mamas-conhort\\\/#breadcrumb\",\"itemListElement\":[{\"@type\":\"ListItem\",\"position\":1,\"name\":\"Portada\",\"item\":\"http:\\\/\\\/cgsbaleares.com\\\/ca\\\/\"},{\"@type\":\"ListItem\",\"position\":2,\"name\":\"CAMPANYA SOLID\u00c0RIA A BENEFICI DE LA FUNDACI\u00d3 \u201cSOS MAM\u00c1S CONHORT\u201d\"}]},{\"@type\":\"WebSite\",\"@id\":\"http:\\\/\\\/cgsbaleares.com\\\/#website\",\"url\":\"http:\\\/\\\/cgsbaleares.com\\\/\",\"name\":\"Il\u00b7ustre Col\u00b7legi Oficial de Graduats Socials de le Illes Balears\",\"description\":\"Il\u00b7lustre Col\u00b7legi Oficial de Graduats Socials de les Illes Balears\",\"publisher\":{\"@id\":\"http:\\\/\\\/cgsbaleares.com\\\/#organization\"},\"potentialAction\":[{\"@type\":\"SearchAction\",\"target\":{\"@type\":\"EntryPoint\",\"urlTemplate\":\"http:\\\/\\\/cgsbaleares.com\\\/?s={search_term_string}\"},\"query-input\":{\"@type\":\"PropertyValueSpecification\",\"valueRequired\":true,\"valueName\":\"search_term_string\"}}],\"inLanguage\":\"ca\"},{\"@type\":\"Organization\",\"@id\":\"http:\\\/\\\/cgsbaleares.com\\\/#organization\",\"name\":\"Il\u00b7ustre Col\u00b7legi Oficial de Graduats Socials de le Illes Balears\",\"url\":\"http:\\\/\\\/cgsbaleares.com\\\/\",\"logo\":{\"@type\":\"ImageObject\",\"inLanguage\":\"ca\",\"@id\":\"http:\\\/\\\/cgsbaleares.com\\\/#\\\/schema\\\/logo\\\/image\\\/\",\"url\":\"http:\\\/\\\/cgsbaleares.com\\\/wp-content\\\/uploads\\\/2024\\\/08\\\/CGS_logo_baleares_500x152.png\",\"contentUrl\":\"http:\\\/\\\/cgsbaleares.com\\\/wp-content\\\/uploads\\\/2024\\\/08\\\/CGS_logo_baleares_500x152.png\",\"width\":500,\"height\":152,\"caption\":\"Il\u00b7ustre Col\u00b7legi Oficial de Graduats Socials de le Illes Balears\"},\"image\":{\"@id\":\"http:\\\/\\\/cgsbaleares.com\\\/#\\\/schema\\\/logo\\\/image\\\/\"},\"sameAs\":[\"https:\\\/\\\/www.facebook.com\\\/graduadossocialesbaleares\",\"https:\\\/\\\/x.com\\\/cgsbaleares\",\"https:\\\/\\\/www.instagram.com\\\/cgsbaleares\\\/\",\"https:\\\/\\\/www.linkedin.com\\\/company\\\/cgsbaleares\\\/\"]},{\"@type\":\"Person\",\"@id\":\"http:\\\/\\\/cgsbaleares.com\\\/#\\\/schema\\\/person\\\/7b75e24dfcb0b9f1376ec78afc253cd4\",\"name\":\"Juan Fiol Alemany\",\"image\":{\"@type\":\"ImageObject\",\"inLanguage\":\"ca\",\"@id\":\"https:\\\/\\\/secure.gravatar.com\\\/avatar\\\/9569b8e61fcb5be8918bb8ea705df8ad474ba356ff9e971390314751e816c08d?s=96&d=mm&r=g\",\"url\":\"https:\\\/\\\/secure.gravatar.com\\\/avatar\\\/9569b8e61fcb5be8918bb8ea705df8ad474ba356ff9e971390314751e816c08d?s=96&d=mm&r=g\",\"contentUrl\":\"https:\\\/\\\/secure.gravatar.com\\\/avatar\\\/9569b8e61fcb5be8918bb8ea705df8ad474ba356ff9e971390314751e816c08d?s=96&d=mm&r=g\",\"caption\":\"Juan Fiol Alemany\"},\"url\":\"http:\\\/\\\/cgsbaleares.com\\\/ca\\\/colegiado\\\/juan-fiol-alemany\\\/\"}]}<\/script>\n<!-- \/ Yoast SEO plugin. -->","yoast_head_json":{"title":"CAMPANYA SOLID\u00c0RIA A BENEFICI DE LA FUNDACI\u00d3 \u201cSOS MAM\u00c1S CONHORT\u201d - Il\u00b7lustre Col\u00b7legi Oficial de Graduats Socials de le Illes Balears","robots":{"index":"index","follow":"follow","max-snippet":"max-snippet:-1","max-image-preview":"max-image-preview:large","max-video-preview":"max-video-preview:-1"},"canonical":"http:\/\/cgsbaleares.com\/ca\/campanya-solidaria-a-benefici-de-la-fundacio-sos-mamas-conhort\/","og_locale":"ca_ES","og_type":"article","og_title":"CAMPANYA SOLID\u00c0RIA A BENEFICI DE LA FUNDACI\u00d3 \u201cSOS MAM\u00c1S CONHORT\u201d - Il\u00b7lustre Col\u00b7legi Oficial de Graduats Socials de le Illes Balears","og_description":"L\u2019 informem que la Fundaci\u00f3 de Graduats Socials de Illes Balears juntament amb SOS MAMAS CONHORT realitza una campanya solid\u00e0ria per a la recollida d\u2019aliments de Nadal, torrons, neules, polvorons, galetes, xocolata\u2026 i dem\u00e9s productes nadalencs que podrien agradar als infants, a la que el convidem a participar. La Fundaci\u00f3 SOS MAM\u00c0S va n\u00e9ixer en [&hellip;]","og_url":"http:\/\/cgsbaleares.com\/ca\/campanya-solidaria-a-benefici-de-la-fundacio-sos-mamas-conhort\/","og_site_name":"Il\u00b7lustre Col\u00b7legi Oficial de Graduats Socials de le Illes Balears","article_publisher":"https:\/\/www.facebook.com\/graduadossocialesbaleares","article_published_time":"2025-11-10T13:40:49+00:00","article_modified_time":"2025-11-10T13:50:41+00:00","og_image":[{"width":2560,"height":1440,"url":"http:\/\/cgsbaleares.com\/wp-content\/uploads\/2025\/11\/camapanya_solidaria.jpg","type":"image\/jpeg"}],"author":"Juan Fiol Alemany","twitter_card":"summary_large_image","twitter_creator":"@cgsbaleares","twitter_site":"@cgsbaleares","twitter_misc":{"Escrit per":"Juan Fiol Alemany","Temps estimat de lectura":"2 minuts"},"schema":{"@context":"https:\/\/schema.org","@graph":[{"@type":"Article","@id":"http:\/\/cgsbaleares.com\/ca\/campanya-solidaria-a-benefici-de-la-fundacio-sos-mamas-conhort\/#article","isPartOf":{"@id":"http:\/\/cgsbaleares.com\/ca\/campanya-solidaria-a-benefici-de-la-fundacio-sos-mamas-conhort\/"},"author":{"name":"Juan Fiol Alemany","@id":"http:\/\/cgsbaleares.com\/#\/schema\/person\/7b75e24dfcb0b9f1376ec78afc253cd4"},"headline":"CAMPANYA SOLID\u00c0RIA A BENEFICI DE LA FUNDACI\u00d3 \u201cSOS MAM\u00c1S CONHORT\u201d","datePublished":"2025-11-10T13:40:49+00:00","dateModified":"2025-11-10T13:50:41+00:00","mainEntityOfPage":{"@id":"http:\/\/cgsbaleares.com\/ca\/campanya-solidaria-a-benefici-de-la-fundacio-sos-mamas-conhort\/"},"wordCount":194,"publisher":{"@id":"http:\/\/cgsbaleares.com\/#organization"},"image":{"@id":"http:\/\/cgsbaleares.com\/ca\/campanya-solidaria-a-benefici-de-la-fundacio-sos-mamas-conhort\/#primaryimage"},"thumbnailUrl":"http:\/\/cgsbaleares.com\/wp-content\/uploads\/2025\/11\/camapanya_solidaria.jpg","articleSection":["Sin categorizar"],"inLanguage":"ca"},{"@type":"WebPage","@id":"http:\/\/cgsbaleares.com\/ca\/campanya-solidaria-a-benefici-de-la-fundacio-sos-mamas-conhort\/","url":"http:\/\/cgsbaleares.com\/ca\/campanya-solidaria-a-benefici-de-la-fundacio-sos-mamas-conhort\/","name":"CAMPANYA SOLID\u00c0RIA A BENEFICI DE LA FUNDACI\u00d3 \u201cSOS MAM\u00c1S CONHORT\u201d - Il\u00b7lustre Col\u00b7legi Oficial de Graduats Socials de le Illes Balears","isPartOf":{"@id":"http:\/\/cgsbaleares.com\/#website"},"primaryImageOfPage":{"@id":"http:\/\/cgsbaleares.com\/ca\/campanya-solidaria-a-benefici-de-la-fundacio-sos-mamas-conhort\/#primaryimage"},"image":{"@id":"http:\/\/cgsbaleares.com\/ca\/campanya-solidaria-a-benefici-de-la-fundacio-sos-mamas-conhort\/#primaryimage"},"thumbnailUrl":"http:\/\/cgsbaleares.com\/wp-content\/uploads\/2025\/11\/camapanya_solidaria.jpg","datePublished":"2025-11-10T13:40:49+00:00","dateModified":"2025-11-10T13:50:41+00:00","breadcrumb":{"@id":"http:\/\/cgsbaleares.com\/ca\/campanya-solidaria-a-benefici-de-la-fundacio-sos-mamas-conhort\/#breadcrumb"},"inLanguage":"ca","potentialAction":[{"@type":"ReadAction","target":["http:\/\/cgsbaleares.com\/ca\/campanya-solidaria-a-benefici-de-la-fundacio-sos-mamas-conhort\/"]}]},{"@type":"ImageObject","inLanguage":"ca","@id":"http:\/\/cgsbaleares.com\/ca\/campanya-solidaria-a-benefici-de-la-fundacio-sos-mamas-conhort\/#primaryimage","url":"http:\/\/cgsbaleares.com\/wp-content\/uploads\/2025\/11\/camapanya_solidaria.jpg","contentUrl":"http:\/\/cgsbaleares.com\/wp-content\/uploads\/2025\/11\/camapanya_solidaria.jpg","width":2560,"height":1440},{"@type":"BreadcrumbList","@id":"http:\/\/cgsbaleares.com\/ca\/campanya-solidaria-a-benefici-de-la-fundacio-sos-mamas-conhort\/#breadcrumb","itemListElement":[{"@type":"ListItem","position":1,"name":"Portada","item":"http:\/\/cgsbaleares.com\/ca\/"},{"@type":"ListItem","position":2,"name":"CAMPANYA SOLID\u00c0RIA A BENEFICI DE LA FUNDACI\u00d3 \u201cSOS MAM\u00c1S CONHORT\u201d"}]},{"@type":"WebSite","@id":"http:\/\/cgsbaleares.com\/#website","url":"http:\/\/cgsbaleares.com\/","name":"Il\u00b7ustre Col\u00b7legi Oficial de Graduats Socials de le Illes Balears","description":"Il\u00b7lustre Col\u00b7legi Oficial de Graduats Socials de les Illes Balears","publisher":{"@id":"http:\/\/cgsbaleares.com\/#organization"},"potentialAction":[{"@type":"SearchAction","target":{"@type":"EntryPoint","urlTemplate":"http:\/\/cgsbaleares.com\/?s={search_term_string}"},"query-input":{"@type":"PropertyValueSpecification","valueRequired":true,"valueName":"search_term_string"}}],"inLanguage":"ca"},{"@type":"Organization","@id":"http:\/\/cgsbaleares.com\/#organization","name":"Il\u00b7ustre Col\u00b7legi Oficial de Graduats Socials de le Illes Balears","url":"http:\/\/cgsbaleares.com\/","logo":{"@type":"ImageObject","inLanguage":"ca","@id":"http:\/\/cgsbaleares.com\/#\/schema\/logo\/image\/","url":"http:\/\/cgsbaleares.com\/wp-content\/uploads\/2024\/08\/CGS_logo_baleares_500x152.png","contentUrl":"http:\/\/cgsbaleares.com\/wp-content\/uploads\/2024\/08\/CGS_logo_baleares_500x152.png","width":500,"height":152,"caption":"Il\u00b7ustre Col\u00b7legi Oficial de Graduats Socials de le Illes Balears"},"image":{"@id":"http:\/\/cgsbaleares.com\/#\/schema\/logo\/image\/"},"sameAs":["https:\/\/www.facebook.com\/graduadossocialesbaleares","https:\/\/x.com\/cgsbaleares","https:\/\/www.instagram.com\/cgsbaleares\/","https:\/\/www.linkedin.com\/company\/cgsbaleares\/"]},{"@type":"Person","@id":"http:\/\/cgsbaleares.com\/#\/schema\/person\/7b75e24dfcb0b9f1376ec78afc253cd4","name":"Juan Fiol Alemany","image":{"@type":"ImageObject","inLanguage":"ca","@id":"https:\/\/secure.gravatar.com\/avatar\/9569b8e61fcb5be8918bb8ea705df8ad474ba356ff9e971390314751e816c08d?s=96&d=mm&r=g","url":"https:\/\/secure.gravatar.com\/avatar\/9569b8e61fcb5be8918bb8ea705df8ad474ba356ff9e971390314751e816c08d?s=96&d=mm&r=g","contentUrl":"https:\/\/secure.gravatar.com\/avatar\/9569b8e61fcb5be8918bb8ea705df8ad474ba356ff9e971390314751e816c08d?s=96&d=mm&r=g","caption":"Juan Fiol Alemany"},"url":"http:\/\/cgsbaleares.com\/ca\/colegiado\/juan-fiol-alemany\/"}]}},"_links":{"self":[{"href":"http:\/\/cgsbaleares.com\/ca\/wp-json\/wp\/v2\/posts\/24353","targetHints":{"allow":["GET"]}}],"collection":[{"href":"http:\/\/cgsbaleares.com\/ca\/wp-json\/wp\/v2\/posts"}],"about":[{"href":"http:\/\/cgsbaleares.com\/ca\/wp-json\/wp\/v2\/types\/post"}],"author":[{"embeddable":true,"href":"http:\/\/cgsbaleares.com\/ca\/wp-json\/wp\/v2\/users\/677"}],"replies":[{"embeddable":true,"href":"http:\/\/cgsbaleares.com\/ca\/wp-json\/wp\/v2\/comments?post=24353"}],"version-history":[{"count":2,"href":"http:\/\/cgsbaleares.com\/ca\/wp-json\/wp\/v2\/posts\/24353\/revisions"}],"predecessor-version":[{"id":24357,"href":"http:\/\/cgsbaleares.com\/ca\/wp-json\/wp\/v2\/posts\/24353\/revisions\/24357"}],"wp:featuredmedia":[{"embeddable":true,"href":"http:\/\/cgsbaleares.com\/ca\/wp-json\/wp\/v2\/media\/24374"}],"wp:attachment":[{"href":"http:\/\/cgsbaleares.com\/ca\/wp-json\/wp\/v2\/media?parent=24353"}],"wp:term":[{"taxonomy":"category","embeddable":true,"href":"http:\/\/cgsbaleares.com\/ca\/wp-json\/wp\/v2\/categories?post=24353"},{"taxonomy":"post_tag","embeddable":true,"href":"http:\/\/cgsbaleares.com\/ca\/wp-json\/wp\/v2\/tags?post=24353"}],"curies":[{"name":"wp","href":"https:\/\/api.w.org\/{rel}","templated":true}]}}