{"id":24452,"date":"2025-11-19T12:20:33","date_gmt":"2025-11-19T11:20:33","guid":{"rendered":"https:\/\/cgsbaleares.com\/?p=24452"},"modified":"2025-11-19T12:25:03","modified_gmt":"2025-11-19T11:25:03","slug":"cloenda-del-xiii-forum-aranzadi-social-balears-2025","status":"publish","type":"post","link":"http:\/\/cgsbaleares.com\/ca\/cloenda-del-xiii-forum-aranzadi-social-balears-2025\/","title":{"rendered":"Cloenda del XIII F\u00f2rum Aranzadi Social Balears 2025"},"content":{"rendered":"\n<p><\/p>\n\n\n\n<p>El dijous 13 de novembre va tenir lloc la darrera sessi\u00f3 del XIII F\u00f2rum Aranzadi Social Balears 2025, que va posar punt final a una nova edici\u00f3 d\u2019aquest consolidat espai de trobada i debat entre professionals del Dret Laboral i de la Seguretat Social.<\/p>\n\n\n\n<p>La jornada va tenir un car\u00e0cter especialment emotiu per l\u2019acomiadament d\u2019Antoni Oliver Reus, president de la Sala Social del Tribunal Superior de Just\u00edcia de les Illes Balears i director del F\u00f2rum des dels seus inicis, la traject\u00f2ria del qual va ser reconeguda i aplaudida per tots els assistents.<\/p>\n\n\n\n<p>En aquesta darrera sessi\u00f3 hi van participar Antoni Oliver i Mar\u00eda Adelaida Garc\u00eda Garc\u00eda, lletrada del Jutjat Social de Palma i professora associada de la Universitat de les Illes Balears i Jes\u00fas Garc\u00eda Garriga, advocat de la Comunitat Aut\u00f2noma de les Illes Balears. Igualment, hi va assistir Apol\u00b7l\u00f2nia M\u00aaJuli\u00e0 Andreu, directora de l\u2019Observatori de la Professi\u00f3 del Consell General de Graduats Socials d\u2019Espanya.<\/p>\n\n\n\n<p>La trobada va servir tamb\u00e9 com a tert\u00falia final sobre temes d\u2019actualitat jur\u00eddica i laboral, en un ambient d\u2019intercanvi professional que reafirma el valor del F\u00f2rum com a referent en l\u2019\u00e0mbit social i laboral a les Illes Balears.<\/p>\n\n\n\n<figure class=\"wp-block-image size-large\"><img fetchpriority=\"high\" decoding=\"async\" width=\"1024\" height=\"683\" src=\"https:\/\/cgsbaleares.com\/wp-content\/uploads\/2025\/11\/webfotoaranzadi2-copia-1-1024x683.jpg\" alt=\"\" class=\"wp-image-24455\" srcset=\"http:\/\/cgsbaleares.com\/wp-content\/uploads\/2025\/11\/webfotoaranzadi2-copia-1-1024x683.jpg 1024w, http:\/\/cgsbaleares.com\/wp-content\/uploads\/2025\/11\/webfotoaranzadi2-copia-1-300x200.jpg 300w, http:\/\/cgsbaleares.com\/wp-content\/uploads\/2025\/11\/webfotoaranzadi2-copia-1-768x512.jpg 768w, http:\/\/cgsbaleares.com\/wp-content\/uploads\/2025\/11\/webfotoaranzadi2-copia-1-1536x1024.jpg 1536w, http:\/\/cgsbaleares.com\/wp-content\/uploads\/2025\/11\/webfotoaranzadi2-copia-1-2048x1365.jpg 2048w\" sizes=\"(max-width: 1024px) 100vw, 1024px\" \/><\/figure>\n","protected":false},"excerpt":{"rendered":"<p>El dijous 13 de novembre va tenir lloc la darrera sessi\u00f3 del XIII F\u00f2rum Aranzadi Social Balears 2025, que va posar punt final a una nova edici\u00f3 d\u2019aquest consolidat espai de trobada i debat entre professionals del Dret Laboral i de la Seguretat Social. La jornada va tenir un car\u00e0cter especialment emotiu per l\u2019acomiadament d\u2019Antoni [&hellip;]<\/p>\n","protected":false},"author":677,"featured_media":24453,"comment_status":"closed","ping_status":"open","sticky":false,"template":"","format":"standard","meta":{"_monsterinsights_skip_tracking":false,"_monsterinsights_sitenote_active":false,"_monsterinsights_sitenote_note":"","_monsterinsights_sitenote_category":0,"_uf_show_specific_survey":0,"_uf_disable_surveys":false,"_jet_sm_ready_style":"","_jet_sm_style":"","_jet_sm_controls_values":"","_jet_sm_fonts_collection":"","_jet_sm_fonts_links":"","footnotes":""},"categories":[317],"tags":[],"class_list":["post-24452","post","type-post","status-publish","format-standard","has-post-thumbnail","hentry","category-cursos-i-formacio"],"desde":null,"hasta":null,"texto_circular":null,"hora_envio":null,"texto_ciruclar":null,"texto-circular":null,"asunto_circular":null,"documentos":null,"lugar_del_evento":null,"texto_fechas_":null,"envio_circular":null,"enviar_newsletter":null,"fecha_envio":null,"estado_envio":null,"destinatarios":null,"demarcaciones":null,"pendiente":null,"yoast_head":"<!-- This site is optimized with the Yoast SEO plugin v27.5 - https:\/\/yoast.com\/product\/yoast-seo-wordpress\/ -->\n<title>Cloenda del XIII F\u00f2rum Aranzadi Social Balears 2025 - Il\u00b7lustre Col\u00b7legi Oficial de Graduats Socials de le Illes Balears<\/title>\n<meta name=\"robots\" content=\"index, follow, max-snippet:-1, max-image-preview:large, max-video-preview:-1\" \/>\n<link rel=\"canonical\" href=\"http:\/\/cgsbaleares.com\/ca\/cloenda-del-xiii-forum-aranzadi-social-balears-2025\/\" \/>\n<meta property=\"og:locale\" content=\"ca_ES\" \/>\n<meta property=\"og:type\" content=\"article\" \/>\n<meta property=\"og:title\" content=\"Cloenda del XIII F\u00f2rum Aranzadi Social Balears 2025 - Il\u00b7lustre Col\u00b7legi Oficial de Graduats Socials de le Illes Balears\" \/>\n<meta property=\"og:description\" content=\"El dijous 13 de novembre va tenir lloc la darrera sessi\u00f3 del XIII F\u00f2rum Aranzadi Social Balears 2025, que va posar punt final a una nova edici\u00f3 d\u2019aquest consolidat espai de trobada i debat entre professionals del Dret Laboral i de la Seguretat Social. La jornada va tenir un car\u00e0cter especialment emotiu per l\u2019acomiadament d\u2019Antoni [&hellip;]\" \/>\n<meta property=\"og:url\" content=\"http:\/\/cgsbaleares.com\/ca\/cloenda-del-xiii-forum-aranzadi-social-balears-2025\/\" \/>\n<meta property=\"og:site_name\" content=\"Il\u00b7lustre Col\u00b7legi Oficial de Graduats Socials de le Illes Balears\" \/>\n<meta property=\"article:publisher\" content=\"https:\/\/www.facebook.com\/graduadossocialesbaleares\" \/>\n<meta property=\"article:published_time\" content=\"2025-11-19T11:20:33+00:00\" \/>\n<meta property=\"article:modified_time\" content=\"2025-11-19T11:25:03+00:00\" \/>\n<meta property=\"og:image\" content=\"http:\/\/cgsbaleares.com\/wp-content\/uploads\/2025\/11\/webaranzadi1-copia-1-scaled.jpg\" \/>\n\t<meta property=\"og:image:width\" content=\"2560\" \/>\n\t<meta property=\"og:image:height\" content=\"1707\" \/>\n\t<meta property=\"og:image:type\" content=\"image\/jpeg\" \/>\n<meta name=\"author\" content=\"Juan Fiol Alemany\" \/>\n<meta name=\"twitter:card\" content=\"summary_large_image\" \/>\n<meta name=\"twitter:creator\" content=\"@cgsbaleares\" \/>\n<meta name=\"twitter:site\" content=\"@cgsbaleares\" \/>\n<meta name=\"twitter:label1\" content=\"Escrit per\" \/>\n\t<meta name=\"twitter:data1\" content=\"Juan Fiol Alemany\" \/>\n\t<meta name=\"twitter:label2\" content=\"Temps estimat de lectura\" \/>\n\t<meta name=\"twitter:data2\" content=\"2 minuts\" \/>\n<script type=\"application\/ld+json\" class=\"yoast-schema-graph\">{\"@context\":\"https:\\\/\\\/schema.org\",\"@graph\":[{\"@type\":\"Article\",\"@id\":\"http:\\\/\\\/cgsbaleares.com\\\/ca\\\/cloenda-del-xiii-forum-aranzadi-social-balears-2025\\\/#article\",\"isPartOf\":{\"@id\":\"http:\\\/\\\/cgsbaleares.com\\\/ca\\\/cloenda-del-xiii-forum-aranzadi-social-balears-2025\\\/\"},\"author\":{\"name\":\"Juan Fiol Alemany\",\"@id\":\"https:\\\/\\\/cgsbaleares.com\\\/ca\\\/#\\\/schema\\\/person\\\/7b75e24dfcb0b9f1376ec78afc253cd4\"},\"headline\":\"Cloenda del XIII F\u00f2rum Aranzadi Social Balears 2025\",\"datePublished\":\"2025-11-19T11:20:33+00:00\",\"dateModified\":\"2025-11-19T11:25:03+00:00\",\"mainEntityOfPage\":{\"@id\":\"http:\\\/\\\/cgsbaleares.com\\\/ca\\\/cloenda-del-xiii-forum-aranzadi-social-balears-2025\\\/\"},\"wordCount\":224,\"publisher\":{\"@id\":\"https:\\\/\\\/cgsbaleares.com\\\/ca\\\/#organization\"},\"image\":{\"@id\":\"http:\\\/\\\/cgsbaleares.com\\\/ca\\\/cloenda-del-xiii-forum-aranzadi-social-balears-2025\\\/#primaryimage\"},\"thumbnailUrl\":\"http:\\\/\\\/cgsbaleares.com\\\/wp-content\\\/uploads\\\/2025\\\/11\\\/webaranzadi1-copia-1-scaled.jpg\",\"articleSection\":[\"Cursos i formaci\u00f3\"],\"inLanguage\":\"ca\"},{\"@type\":\"WebPage\",\"@id\":\"http:\\\/\\\/cgsbaleares.com\\\/ca\\\/cloenda-del-xiii-forum-aranzadi-social-balears-2025\\\/\",\"url\":\"http:\\\/\\\/cgsbaleares.com\\\/ca\\\/cloenda-del-xiii-forum-aranzadi-social-balears-2025\\\/\",\"name\":\"Cloenda del XIII F\u00f2rum Aranzadi Social Balears 2025 - Il\u00b7lustre Col\u00b7legi Oficial de Graduats Socials de le Illes Balears\",\"isPartOf\":{\"@id\":\"https:\\\/\\\/cgsbaleares.com\\\/ca\\\/#website\"},\"primaryImageOfPage\":{\"@id\":\"http:\\\/\\\/cgsbaleares.com\\\/ca\\\/cloenda-del-xiii-forum-aranzadi-social-balears-2025\\\/#primaryimage\"},\"image\":{\"@id\":\"http:\\\/\\\/cgsbaleares.com\\\/ca\\\/cloenda-del-xiii-forum-aranzadi-social-balears-2025\\\/#primaryimage\"},\"thumbnailUrl\":\"http:\\\/\\\/cgsbaleares.com\\\/wp-content\\\/uploads\\\/2025\\\/11\\\/webaranzadi1-copia-1-scaled.jpg\",\"datePublished\":\"2025-11-19T11:20:33+00:00\",\"dateModified\":\"2025-11-19T11:25:03+00:00\",\"breadcrumb\":{\"@id\":\"http:\\\/\\\/cgsbaleares.com\\\/ca\\\/cloenda-del-xiii-forum-aranzadi-social-balears-2025\\\/#breadcrumb\"},\"inLanguage\":\"ca\",\"potentialAction\":[{\"@type\":\"ReadAction\",\"target\":[\"http:\\\/\\\/cgsbaleares.com\\\/ca\\\/cloenda-del-xiii-forum-aranzadi-social-balears-2025\\\/\"]}]},{\"@type\":\"ImageObject\",\"inLanguage\":\"ca\",\"@id\":\"http:\\\/\\\/cgsbaleares.com\\\/ca\\\/cloenda-del-xiii-forum-aranzadi-social-balears-2025\\\/#primaryimage\",\"url\":\"http:\\\/\\\/cgsbaleares.com\\\/wp-content\\\/uploads\\\/2025\\\/11\\\/webaranzadi1-copia-1-scaled.jpg\",\"contentUrl\":\"http:\\\/\\\/cgsbaleares.com\\\/wp-content\\\/uploads\\\/2025\\\/11\\\/webaranzadi1-copia-1-scaled.jpg\",\"width\":2560,\"height\":1707},{\"@type\":\"BreadcrumbList\",\"@id\":\"http:\\\/\\\/cgsbaleares.com\\\/ca\\\/cloenda-del-xiii-forum-aranzadi-social-balears-2025\\\/#breadcrumb\",\"itemListElement\":[{\"@type\":\"ListItem\",\"position\":1,\"name\":\"Portada\",\"item\":\"https:\\\/\\\/cgsbaleares.com\\\/ca\\\/\"},{\"@type\":\"ListItem\",\"position\":2,\"name\":\"Cloenda del XIII F\u00f2rum Aranzadi Social Balears 2025\"}]},{\"@type\":\"WebSite\",\"@id\":\"https:\\\/\\\/cgsbaleares.com\\\/ca\\\/#website\",\"url\":\"https:\\\/\\\/cgsbaleares.com\\\/ca\\\/\",\"name\":\"Il\u00b7ustre Col\u00b7legi Oficial de Graduats Socials de le Illes Balears\",\"description\":\"Il\u00b7lustre Col\u00b7legi Oficial de Graduats Socials de les Illes Balears\",\"publisher\":{\"@id\":\"https:\\\/\\\/cgsbaleares.com\\\/ca\\\/#organization\"},\"potentialAction\":[{\"@type\":\"SearchAction\",\"target\":{\"@type\":\"EntryPoint\",\"urlTemplate\":\"https:\\\/\\\/cgsbaleares.com\\\/ca\\\/?s={search_term_string}\"},\"query-input\":{\"@type\":\"PropertyValueSpecification\",\"valueRequired\":true,\"valueName\":\"search_term_string\"}}],\"inLanguage\":\"ca\"},{\"@type\":\"Organization\",\"@id\":\"https:\\\/\\\/cgsbaleares.com\\\/ca\\\/#organization\",\"name\":\"Il\u00b7ustre Col\u00b7legi Oficial de Graduats Socials de le Illes Balears\",\"url\":\"https:\\\/\\\/cgsbaleares.com\\\/ca\\\/\",\"logo\":{\"@type\":\"ImageObject\",\"inLanguage\":\"ca\",\"@id\":\"https:\\\/\\\/cgsbaleares.com\\\/ca\\\/#\\\/schema\\\/logo\\\/image\\\/\",\"url\":\"http:\\\/\\\/cgsbaleares.com\\\/wp-content\\\/uploads\\\/2024\\\/08\\\/CGS_logo_baleares_500x152.png\",\"contentUrl\":\"http:\\\/\\\/cgsbaleares.com\\\/wp-content\\\/uploads\\\/2024\\\/08\\\/CGS_logo_baleares_500x152.png\",\"width\":500,\"height\":152,\"caption\":\"Il\u00b7ustre Col\u00b7legi Oficial de Graduats Socials de le Illes Balears\"},\"image\":{\"@id\":\"https:\\\/\\\/cgsbaleares.com\\\/ca\\\/#\\\/schema\\\/logo\\\/image\\\/\"},\"sameAs\":[\"https:\\\/\\\/www.facebook.com\\\/graduadossocialesbaleares\",\"https:\\\/\\\/x.com\\\/cgsbaleares\",\"https:\\\/\\\/www.instagram.com\\\/cgsbaleares\\\/\",\"https:\\\/\\\/www.linkedin.com\\\/company\\\/cgsbaleares\\\/\"]},{\"@type\":\"Person\",\"@id\":\"https:\\\/\\\/cgsbaleares.com\\\/ca\\\/#\\\/schema\\\/person\\\/7b75e24dfcb0b9f1376ec78afc253cd4\",\"name\":\"Juan Fiol Alemany\",\"image\":{\"@type\":\"ImageObject\",\"inLanguage\":\"ca\",\"@id\":\"https:\\\/\\\/secure.gravatar.com\\\/avatar\\\/9569b8e61fcb5be8918bb8ea705df8ad474ba356ff9e971390314751e816c08d?s=96&d=mm&r=g\",\"url\":\"https:\\\/\\\/secure.gravatar.com\\\/avatar\\\/9569b8e61fcb5be8918bb8ea705df8ad474ba356ff9e971390314751e816c08d?s=96&d=mm&r=g\",\"contentUrl\":\"https:\\\/\\\/secure.gravatar.com\\\/avatar\\\/9569b8e61fcb5be8918bb8ea705df8ad474ba356ff9e971390314751e816c08d?s=96&d=mm&r=g\",\"caption\":\"Juan Fiol Alemany\"},\"url\":\"http:\\\/\\\/cgsbaleares.com\\\/ca\\\/colegiado\\\/juan-fiol-alemany\\\/\"}]}<\/script>\n<!-- \/ Yoast SEO plugin. -->","yoast_head_json":{"title":"Cloenda del XIII F\u00f2rum Aranzadi Social Balears 2025 - Il\u00b7lustre Col\u00b7legi Oficial de Graduats Socials de le Illes Balears","robots":{"index":"index","follow":"follow","max-snippet":"max-snippet:-1","max-image-preview":"max-image-preview:large","max-video-preview":"max-video-preview:-1"},"canonical":"http:\/\/cgsbaleares.com\/ca\/cloenda-del-xiii-forum-aranzadi-social-balears-2025\/","og_locale":"ca_ES","og_type":"article","og_title":"Cloenda del XIII F\u00f2rum Aranzadi Social Balears 2025 - Il\u00b7lustre Col\u00b7legi Oficial de Graduats Socials de le Illes Balears","og_description":"El dijous 13 de novembre va tenir lloc la darrera sessi\u00f3 del XIII F\u00f2rum Aranzadi Social Balears 2025, que va posar punt final a una nova edici\u00f3 d\u2019aquest consolidat espai de trobada i debat entre professionals del Dret Laboral i de la Seguretat Social. La jornada va tenir un car\u00e0cter especialment emotiu per l\u2019acomiadament d\u2019Antoni [&hellip;]","og_url":"http:\/\/cgsbaleares.com\/ca\/cloenda-del-xiii-forum-aranzadi-social-balears-2025\/","og_site_name":"Il\u00b7lustre Col\u00b7legi Oficial de Graduats Socials de le Illes Balears","article_publisher":"https:\/\/www.facebook.com\/graduadossocialesbaleares","article_published_time":"2025-11-19T11:20:33+00:00","article_modified_time":"2025-11-19T11:25:03+00:00","og_image":[{"width":2560,"height":1707,"url":"http:\/\/cgsbaleares.com\/wp-content\/uploads\/2025\/11\/webaranzadi1-copia-1-scaled.jpg","type":"image\/jpeg"}],"author":"Juan Fiol Alemany","twitter_card":"summary_large_image","twitter_creator":"@cgsbaleares","twitter_site":"@cgsbaleares","twitter_misc":{"Escrit per":"Juan Fiol Alemany","Temps estimat de lectura":"2 minuts"},"schema":{"@context":"https:\/\/schema.org","@graph":[{"@type":"Article","@id":"http:\/\/cgsbaleares.com\/ca\/cloenda-del-xiii-forum-aranzadi-social-balears-2025\/#article","isPartOf":{"@id":"http:\/\/cgsbaleares.com\/ca\/cloenda-del-xiii-forum-aranzadi-social-balears-2025\/"},"author":{"name":"Juan Fiol Alemany","@id":"https:\/\/cgsbaleares.com\/ca\/#\/schema\/person\/7b75e24dfcb0b9f1376ec78afc253cd4"},"headline":"Cloenda del XIII F\u00f2rum Aranzadi Social Balears 2025","datePublished":"2025-11-19T11:20:33+00:00","dateModified":"2025-11-19T11:25:03+00:00","mainEntityOfPage":{"@id":"http:\/\/cgsbaleares.com\/ca\/cloenda-del-xiii-forum-aranzadi-social-balears-2025\/"},"wordCount":224,"publisher":{"@id":"https:\/\/cgsbaleares.com\/ca\/#organization"},"image":{"@id":"http:\/\/cgsbaleares.com\/ca\/cloenda-del-xiii-forum-aranzadi-social-balears-2025\/#primaryimage"},"thumbnailUrl":"http:\/\/cgsbaleares.com\/wp-content\/uploads\/2025\/11\/webaranzadi1-copia-1-scaled.jpg","articleSection":["Cursos i formaci\u00f3"],"inLanguage":"ca"},{"@type":"WebPage","@id":"http:\/\/cgsbaleares.com\/ca\/cloenda-del-xiii-forum-aranzadi-social-balears-2025\/","url":"http:\/\/cgsbaleares.com\/ca\/cloenda-del-xiii-forum-aranzadi-social-balears-2025\/","name":"Cloenda del XIII F\u00f2rum Aranzadi Social Balears 2025 - Il\u00b7lustre Col\u00b7legi Oficial de Graduats Socials de le Illes Balears","isPartOf":{"@id":"https:\/\/cgsbaleares.com\/ca\/#website"},"primaryImageOfPage":{"@id":"http:\/\/cgsbaleares.com\/ca\/cloenda-del-xiii-forum-aranzadi-social-balears-2025\/#primaryimage"},"image":{"@id":"http:\/\/cgsbaleares.com\/ca\/cloenda-del-xiii-forum-aranzadi-social-balears-2025\/#primaryimage"},"thumbnailUrl":"http:\/\/cgsbaleares.com\/wp-content\/uploads\/2025\/11\/webaranzadi1-copia-1-scaled.jpg","datePublished":"2025-11-19T11:20:33+00:00","dateModified":"2025-11-19T11:25:03+00:00","breadcrumb":{"@id":"http:\/\/cgsbaleares.com\/ca\/cloenda-del-xiii-forum-aranzadi-social-balears-2025\/#breadcrumb"},"inLanguage":"ca","potentialAction":[{"@type":"ReadAction","target":["http:\/\/cgsbaleares.com\/ca\/cloenda-del-xiii-forum-aranzadi-social-balears-2025\/"]}]},{"@type":"ImageObject","inLanguage":"ca","@id":"http:\/\/cgsbaleares.com\/ca\/cloenda-del-xiii-forum-aranzadi-social-balears-2025\/#primaryimage","url":"http:\/\/cgsbaleares.com\/wp-content\/uploads\/2025\/11\/webaranzadi1-copia-1-scaled.jpg","contentUrl":"http:\/\/cgsbaleares.com\/wp-content\/uploads\/2025\/11\/webaranzadi1-copia-1-scaled.jpg","width":2560,"height":1707},{"@type":"BreadcrumbList","@id":"http:\/\/cgsbaleares.com\/ca\/cloenda-del-xiii-forum-aranzadi-social-balears-2025\/#breadcrumb","itemListElement":[{"@type":"ListItem","position":1,"name":"Portada","item":"https:\/\/cgsbaleares.com\/ca\/"},{"@type":"ListItem","position":2,"name":"Cloenda del XIII F\u00f2rum Aranzadi Social Balears 2025"}]},{"@type":"WebSite","@id":"https:\/\/cgsbaleares.com\/ca\/#website","url":"https:\/\/cgsbaleares.com\/ca\/","name":"Il\u00b7ustre Col\u00b7legi Oficial de Graduats Socials de le Illes Balears","description":"Il\u00b7lustre Col\u00b7legi Oficial de Graduats Socials de les Illes Balears","publisher":{"@id":"https:\/\/cgsbaleares.com\/ca\/#organization"},"potentialAction":[{"@type":"SearchAction","target":{"@type":"EntryPoint","urlTemplate":"https:\/\/cgsbaleares.com\/ca\/?s={search_term_string}"},"query-input":{"@type":"PropertyValueSpecification","valueRequired":true,"valueName":"search_term_string"}}],"inLanguage":"ca"},{"@type":"Organization","@id":"https:\/\/cgsbaleares.com\/ca\/#organization","name":"Il\u00b7ustre Col\u00b7legi Oficial de Graduats Socials de le Illes Balears","url":"https:\/\/cgsbaleares.com\/ca\/","logo":{"@type":"ImageObject","inLanguage":"ca","@id":"https:\/\/cgsbaleares.com\/ca\/#\/schema\/logo\/image\/","url":"http:\/\/cgsbaleares.com\/wp-content\/uploads\/2024\/08\/CGS_logo_baleares_500x152.png","contentUrl":"http:\/\/cgsbaleares.com\/wp-content\/uploads\/2024\/08\/CGS_logo_baleares_500x152.png","width":500,"height":152,"caption":"Il\u00b7ustre Col\u00b7legi Oficial de Graduats Socials de le Illes Balears"},"image":{"@id":"https:\/\/cgsbaleares.com\/ca\/#\/schema\/logo\/image\/"},"sameAs":["https:\/\/www.facebook.com\/graduadossocialesbaleares","https:\/\/x.com\/cgsbaleares","https:\/\/www.instagram.com\/cgsbaleares\/","https:\/\/www.linkedin.com\/company\/cgsbaleares\/"]},{"@type":"Person","@id":"https:\/\/cgsbaleares.com\/ca\/#\/schema\/person\/7b75e24dfcb0b9f1376ec78afc253cd4","name":"Juan Fiol Alemany","image":{"@type":"ImageObject","inLanguage":"ca","@id":"https:\/\/secure.gravatar.com\/avatar\/9569b8e61fcb5be8918bb8ea705df8ad474ba356ff9e971390314751e816c08d?s=96&d=mm&r=g","url":"https:\/\/secure.gravatar.com\/avatar\/9569b8e61fcb5be8918bb8ea705df8ad474ba356ff9e971390314751e816c08d?s=96&d=mm&r=g","contentUrl":"https:\/\/secure.gravatar.com\/avatar\/9569b8e61fcb5be8918bb8ea705df8ad474ba356ff9e971390314751e816c08d?s=96&d=mm&r=g","caption":"Juan Fiol Alemany"},"url":"http:\/\/cgsbaleares.com\/ca\/colegiado\/juan-fiol-alemany\/"}]}},"_links":{"self":[{"href":"http:\/\/cgsbaleares.com\/ca\/wp-json\/wp\/v2\/posts\/24452","targetHints":{"allow":["GET"]}}],"collection":[{"href":"http:\/\/cgsbaleares.com\/ca\/wp-json\/wp\/v2\/posts"}],"about":[{"href":"http:\/\/cgsbaleares.com\/ca\/wp-json\/wp\/v2\/types\/post"}],"author":[{"embeddable":true,"href":"http:\/\/cgsbaleares.com\/ca\/wp-json\/wp\/v2\/users\/677"}],"replies":[{"embeddable":true,"href":"http:\/\/cgsbaleares.com\/ca\/wp-json\/wp\/v2\/comments?post=24452"}],"version-history":[{"count":2,"href":"http:\/\/cgsbaleares.com\/ca\/wp-json\/wp\/v2\/posts\/24452\/revisions"}],"predecessor-version":[{"id":24458,"href":"http:\/\/cgsbaleares.com\/ca\/wp-json\/wp\/v2\/posts\/24452\/revisions\/24458"}],"wp:featuredmedia":[{"embeddable":true,"href":"http:\/\/cgsbaleares.com\/ca\/wp-json\/wp\/v2\/media\/24453"}],"wp:attachment":[{"href":"http:\/\/cgsbaleares.com\/ca\/wp-json\/wp\/v2\/media?parent=24452"}],"wp:term":[{"taxonomy":"category","embeddable":true,"href":"http:\/\/cgsbaleares.com\/ca\/wp-json\/wp\/v2\/categories?post=24452"},{"taxonomy":"post_tag","embeddable":true,"href":"http:\/\/cgsbaleares.com\/ca\/wp-json\/wp\/v2\/tags?post=24452"}],"curies":[{"name":"wp","href":"https:\/\/api.w.org\/{rel}","templated":true}]}}