{"id":25079,"date":"2026-01-13T16:38:21","date_gmt":"2026-01-13T15:38:21","guid":{"rendered":"https:\/\/cgsbaleares.com\/?p=25079"},"modified":"2026-01-13T16:42:19","modified_gmt":"2026-01-13T15:42:19","slug":"la-fundacio-de-graduats-socials-de-les-illes-balears-reforca-el-seu-servei-dorientacio-amb-una-nova-jornada-de-loficina-juridica","status":"publish","type":"post","link":"http:\/\/cgsbaleares.com\/ca\/la-fundacio-de-graduats-socials-de-les-illes-balears-reforca-el-seu-servei-dorientacio-amb-una-nova-jornada-de-loficina-juridica\/","title":{"rendered":"La Fundaci\u00f3 de Graduats Socials de les Illes Balears refor\u00e7a el seu servei d\u2019orientaci\u00f3 amb una nova jornada de l\u2019Oficina Jur\u00eddica"},"content":{"rendered":"\n<p><\/p>\n\n\n\n<p>La Fundaci\u00f3 de Graduats Socials de les Illes Balears ha dut a terme una nova jornada d\u2019atenci\u00f3 de l\u2019Oficina Jur\u00eddica gratu\u00efta, un servei d\u2019orientaci\u00f3 que apropa informaci\u00f3 laboral, d\u2019igualtat i de Seguretat Social a la ciutadania i ofereix un primer acompanyament davant dubtes vinculats a la relaci\u00f3 laboral.<\/p>\n\n\n\n<p>En aquesta jornada, atesa per la col\u00b7legiada Amparo Gallego, les q\u00fcestions m\u00e9s recurrents han estat relacionades amb sup\u00f2sits de subrogaci\u00f3 d\u2019empresa, incloent-hi dubtes sobre annexos, pluses no abonats i l\u2019aplicaci\u00f3 de condicions en dies festius, aix\u00ed com consultes sobre jubilaci\u00f3, exced\u00e8ncies, incid\u00e8ncies en mat\u00e8ria de salari i situacions d\u2019acomiadament sense previ av\u00eds. Tamb\u00e9 s\u2019han abordat casos vinculats a la baixa m\u00e8dica, especialment arran de comunicacions realitzades per via m\u00f2bil informant de la finalitzaci\u00f3 del contracte a final de mes.<\/p>\n\n\n\n<p>Amb aquesta activitat, la Fundaci\u00f3 reafirma el comprom\u00eds social del col\u00b7lectiu de graduats i graduades socials de les Illes Balears, apropant un servei \u00fatil i accessible que contribueix a millorar la comprensi\u00f3 de drets i obligacions i a orientar sobre els primers passos a seguir en mat\u00e8ria laboral i de protecci\u00f3 social.<\/p>\n","protected":false},"excerpt":{"rendered":"<p>La Fundaci\u00f3 de Graduats Socials de les Illes Balears ha dut a terme una nova jornada d\u2019atenci\u00f3 de l\u2019Oficina Jur\u00eddica gratu\u00efta, un servei d\u2019orientaci\u00f3 que apropa informaci\u00f3 laboral, d\u2019igualtat i de Seguretat Social a la ciutadania i ofereix un primer acompanyament davant dubtes vinculats a la relaci\u00f3 laboral. En aquesta jornada, atesa per la col\u00b7legiada [&hellip;]<\/p>\n","protected":false},"author":677,"featured_media":25082,"comment_status":"closed","ping_status":"open","sticky":false,"template":"","format":"standard","meta":{"_monsterinsights_skip_tracking":false,"_monsterinsights_sitenote_active":false,"_monsterinsights_sitenote_note":"","_monsterinsights_sitenote_category":0,"_uf_show_specific_survey":0,"_uf_disable_surveys":false,"_jet_sm_ready_style":"","_jet_sm_style":"","_jet_sm_controls_values":"","_jet_sm_fonts_collection":"","_jet_sm_fonts_links":"","footnotes":""},"categories":[314],"tags":[],"class_list":["post-25079","post","type-post","status-publish","format-standard","has-post-thumbnail","hentry","category-noticies-generals"],"desde":null,"hasta":null,"texto_circular":null,"hora_envio":null,"texto_ciruclar":null,"texto-circular":null,"asunto_circular":null,"documentos":null,"lugar_del_evento":null,"texto_fechas_":null,"envio_circular":null,"enviar_newsletter":null,"fecha_envio":null,"estado_envio":null,"destinatarios":null,"demarcaciones":null,"pendiente":null,"yoast_head":"<!-- This site is optimized with the Yoast SEO plugin v27.5 - https:\/\/yoast.com\/product\/yoast-seo-wordpress\/ -->\n<title>La Fundaci\u00f3 de Graduats Socials de les Illes Balears refor\u00e7a el seu servei d\u2019orientaci\u00f3 amb una nova jornada de l\u2019Oficina Jur\u00eddica - Il\u00b7lustre Col\u00b7legi Oficial de Graduats Socials de le Illes Balears<\/title>\n<meta name=\"robots\" content=\"index, follow, max-snippet:-1, max-image-preview:large, max-video-preview:-1\" \/>\n<link rel=\"canonical\" href=\"https:\/\/cgsbaleares.com\/ca\/la-fundacio-de-graduats-socials-de-les-illes-balears-reforca-el-seu-servei-dorientacio-amb-una-nova-jornada-de-loficina-juridica\/\" \/>\n<meta property=\"og:locale\" content=\"ca_ES\" \/>\n<meta property=\"og:type\" content=\"article\" \/>\n<meta property=\"og:title\" content=\"La Fundaci\u00f3 de Graduats Socials de les Illes Balears refor\u00e7a el seu servei d\u2019orientaci\u00f3 amb una nova jornada de l\u2019Oficina Jur\u00eddica - Il\u00b7lustre Col\u00b7legi Oficial de Graduats Socials de le Illes Balears\" \/>\n<meta property=\"og:description\" content=\"La Fundaci\u00f3 de Graduats Socials de les Illes Balears ha dut a terme una nova jornada d\u2019atenci\u00f3 de l\u2019Oficina Jur\u00eddica gratu\u00efta, un servei d\u2019orientaci\u00f3 que apropa informaci\u00f3 laboral, d\u2019igualtat i de Seguretat Social a la ciutadania i ofereix un primer acompanyament davant dubtes vinculats a la relaci\u00f3 laboral. En aquesta jornada, atesa per la col\u00b7legiada [&hellip;]\" \/>\n<meta property=\"og:url\" content=\"https:\/\/cgsbaleares.com\/ca\/la-fundacio-de-graduats-socials-de-les-illes-balears-reforca-el-seu-servei-dorientacio-amb-una-nova-jornada-de-loficina-juridica\/\" \/>\n<meta property=\"og:site_name\" content=\"Il\u00b7lustre Col\u00b7legi Oficial de Graduats Socials de le Illes Balears\" \/>\n<meta property=\"article:publisher\" content=\"https:\/\/www.facebook.com\/graduadossocialesbaleares\" \/>\n<meta property=\"article:published_time\" content=\"2026-01-13T15:38:21+00:00\" \/>\n<meta property=\"article:modified_time\" content=\"2026-01-13T15:42:19+00:00\" \/>\n<meta property=\"og:image\" content=\"http:\/\/cgsbaleares.com\/wp-content\/uploads\/2026\/01\/webfotoAmparoGallego-copia-scaled.jpg\" \/>\n\t<meta property=\"og:image:width\" content=\"2560\" \/>\n\t<meta property=\"og:image:height\" content=\"1707\" \/>\n\t<meta property=\"og:image:type\" content=\"image\/jpeg\" \/>\n<meta name=\"author\" content=\"Juan Fiol Alemany\" \/>\n<meta name=\"twitter:card\" content=\"summary_large_image\" \/>\n<meta name=\"twitter:creator\" content=\"@cgsbaleares\" \/>\n<meta name=\"twitter:site\" content=\"@cgsbaleares\" \/>\n<meta name=\"twitter:label1\" content=\"Escrit per\" \/>\n\t<meta name=\"twitter:data1\" content=\"Juan Fiol Alemany\" \/>\n\t<meta name=\"twitter:label2\" content=\"Temps estimat de lectura\" \/>\n\t<meta name=\"twitter:data2\" content=\"2 minuts\" \/>\n<script type=\"application\/ld+json\" class=\"yoast-schema-graph\">{\"@context\":\"https:\\\/\\\/schema.org\",\"@graph\":[{\"@type\":\"Article\",\"@id\":\"https:\\\/\\\/cgsbaleares.com\\\/ca\\\/la-fundacio-de-graduats-socials-de-les-illes-balears-reforca-el-seu-servei-dorientacio-amb-una-nova-jornada-de-loficina-juridica\\\/#article\",\"isPartOf\":{\"@id\":\"https:\\\/\\\/cgsbaleares.com\\\/ca\\\/la-fundacio-de-graduats-socials-de-les-illes-balears-reforca-el-seu-servei-dorientacio-amb-una-nova-jornada-de-loficina-juridica\\\/\"},\"author\":{\"name\":\"Juan Fiol Alemany\",\"@id\":\"https:\\\/\\\/cgsbaleares.com\\\/#\\\/schema\\\/person\\\/7b75e24dfcb0b9f1376ec78afc253cd4\"},\"headline\":\"La Fundaci\u00f3 de Graduats Socials de les Illes Balears refor\u00e7a el seu servei d\u2019orientaci\u00f3 amb una nova jornada de l\u2019Oficina Jur\u00eddica\",\"datePublished\":\"2026-01-13T15:38:21+00:00\",\"dateModified\":\"2026-01-13T15:42:19+00:00\",\"mainEntityOfPage\":{\"@id\":\"https:\\\/\\\/cgsbaleares.com\\\/ca\\\/la-fundacio-de-graduats-socials-de-les-illes-balears-reforca-el-seu-servei-dorientacio-amb-una-nova-jornada-de-loficina-juridica\\\/\"},\"wordCount\":227,\"publisher\":{\"@id\":\"https:\\\/\\\/cgsbaleares.com\\\/#organization\"},\"image\":{\"@id\":\"https:\\\/\\\/cgsbaleares.com\\\/ca\\\/la-fundacio-de-graduats-socials-de-les-illes-balears-reforca-el-seu-servei-dorientacio-amb-una-nova-jornada-de-loficina-juridica\\\/#primaryimage\"},\"thumbnailUrl\":\"http:\\\/\\\/cgsbaleares.com\\\/wp-content\\\/uploads\\\/2026\\\/01\\\/webfotoAmparoGallego-copia-scaled.jpg\",\"articleSection\":[\"Not\u00edcies generals\"],\"inLanguage\":\"ca\"},{\"@type\":\"WebPage\",\"@id\":\"https:\\\/\\\/cgsbaleares.com\\\/ca\\\/la-fundacio-de-graduats-socials-de-les-illes-balears-reforca-el-seu-servei-dorientacio-amb-una-nova-jornada-de-loficina-juridica\\\/\",\"url\":\"https:\\\/\\\/cgsbaleares.com\\\/ca\\\/la-fundacio-de-graduats-socials-de-les-illes-balears-reforca-el-seu-servei-dorientacio-amb-una-nova-jornada-de-loficina-juridica\\\/\",\"name\":\"La Fundaci\u00f3 de Graduats Socials de les Illes Balears refor\u00e7a el seu servei d\u2019orientaci\u00f3 amb una nova jornada de l\u2019Oficina Jur\u00eddica - Il\u00b7lustre Col\u00b7legi Oficial de Graduats Socials de le Illes Balears\",\"isPartOf\":{\"@id\":\"https:\\\/\\\/cgsbaleares.com\\\/#website\"},\"primaryImageOfPage\":{\"@id\":\"https:\\\/\\\/cgsbaleares.com\\\/ca\\\/la-fundacio-de-graduats-socials-de-les-illes-balears-reforca-el-seu-servei-dorientacio-amb-una-nova-jornada-de-loficina-juridica\\\/#primaryimage\"},\"image\":{\"@id\":\"https:\\\/\\\/cgsbaleares.com\\\/ca\\\/la-fundacio-de-graduats-socials-de-les-illes-balears-reforca-el-seu-servei-dorientacio-amb-una-nova-jornada-de-loficina-juridica\\\/#primaryimage\"},\"thumbnailUrl\":\"http:\\\/\\\/cgsbaleares.com\\\/wp-content\\\/uploads\\\/2026\\\/01\\\/webfotoAmparoGallego-copia-scaled.jpg\",\"datePublished\":\"2026-01-13T15:38:21+00:00\",\"dateModified\":\"2026-01-13T15:42:19+00:00\",\"breadcrumb\":{\"@id\":\"https:\\\/\\\/cgsbaleares.com\\\/ca\\\/la-fundacio-de-graduats-socials-de-les-illes-balears-reforca-el-seu-servei-dorientacio-amb-una-nova-jornada-de-loficina-juridica\\\/#breadcrumb\"},\"inLanguage\":\"ca\",\"potentialAction\":[{\"@type\":\"ReadAction\",\"target\":[\"https:\\\/\\\/cgsbaleares.com\\\/ca\\\/la-fundacio-de-graduats-socials-de-les-illes-balears-reforca-el-seu-servei-dorientacio-amb-una-nova-jornada-de-loficina-juridica\\\/\"]}]},{\"@type\":\"ImageObject\",\"inLanguage\":\"ca\",\"@id\":\"https:\\\/\\\/cgsbaleares.com\\\/ca\\\/la-fundacio-de-graduats-socials-de-les-illes-balears-reforca-el-seu-servei-dorientacio-amb-una-nova-jornada-de-loficina-juridica\\\/#primaryimage\",\"url\":\"http:\\\/\\\/cgsbaleares.com\\\/wp-content\\\/uploads\\\/2026\\\/01\\\/webfotoAmparoGallego-copia-scaled.jpg\",\"contentUrl\":\"http:\\\/\\\/cgsbaleares.com\\\/wp-content\\\/uploads\\\/2026\\\/01\\\/webfotoAmparoGallego-copia-scaled.jpg\",\"width\":2560,\"height\":1707},{\"@type\":\"BreadcrumbList\",\"@id\":\"https:\\\/\\\/cgsbaleares.com\\\/ca\\\/la-fundacio-de-graduats-socials-de-les-illes-balears-reforca-el-seu-servei-dorientacio-amb-una-nova-jornada-de-loficina-juridica\\\/#breadcrumb\",\"itemListElement\":[{\"@type\":\"ListItem\",\"position\":1,\"name\":\"Portada\",\"item\":\"https:\\\/\\\/cgsbaleares.com\\\/ca\\\/\"},{\"@type\":\"ListItem\",\"position\":2,\"name\":\"La Fundaci\u00f3 de Graduats Socials de les Illes Balears refor\u00e7a el seu servei d\u2019orientaci\u00f3 amb una nova jornada de l\u2019Oficina Jur\u00eddica\"}]},{\"@type\":\"WebSite\",\"@id\":\"https:\\\/\\\/cgsbaleares.com\\\/#website\",\"url\":\"https:\\\/\\\/cgsbaleares.com\\\/\",\"name\":\"Il\u00b7ustre Col\u00b7legi Oficial de Graduats Socials de le Illes Balears\",\"description\":\"Il\u00b7lustre Col\u00b7legi Oficial de Graduats Socials de les Illes Balears\",\"publisher\":{\"@id\":\"https:\\\/\\\/cgsbaleares.com\\\/#organization\"},\"potentialAction\":[{\"@type\":\"SearchAction\",\"target\":{\"@type\":\"EntryPoint\",\"urlTemplate\":\"https:\\\/\\\/cgsbaleares.com\\\/?s={search_term_string}\"},\"query-input\":{\"@type\":\"PropertyValueSpecification\",\"valueRequired\":true,\"valueName\":\"search_term_string\"}}],\"inLanguage\":\"ca\"},{\"@type\":\"Organization\",\"@id\":\"https:\\\/\\\/cgsbaleares.com\\\/#organization\",\"name\":\"Il\u00b7ustre Col\u00b7legi Oficial de Graduats Socials de le Illes Balears\",\"url\":\"https:\\\/\\\/cgsbaleares.com\\\/\",\"logo\":{\"@type\":\"ImageObject\",\"inLanguage\":\"ca\",\"@id\":\"https:\\\/\\\/cgsbaleares.com\\\/#\\\/schema\\\/logo\\\/image\\\/\",\"url\":\"http:\\\/\\\/cgsbaleares.com\\\/wp-content\\\/uploads\\\/2024\\\/08\\\/CGS_logo_baleares_500x152.png\",\"contentUrl\":\"http:\\\/\\\/cgsbaleares.com\\\/wp-content\\\/uploads\\\/2024\\\/08\\\/CGS_logo_baleares_500x152.png\",\"width\":500,\"height\":152,\"caption\":\"Il\u00b7ustre Col\u00b7legi Oficial de Graduats Socials de le Illes Balears\"},\"image\":{\"@id\":\"https:\\\/\\\/cgsbaleares.com\\\/#\\\/schema\\\/logo\\\/image\\\/\"},\"sameAs\":[\"https:\\\/\\\/www.facebook.com\\\/graduadossocialesbaleares\",\"https:\\\/\\\/x.com\\\/cgsbaleares\",\"https:\\\/\\\/www.instagram.com\\\/cgsbaleares\\\/\",\"https:\\\/\\\/www.linkedin.com\\\/company\\\/cgsbaleares\\\/\"]},{\"@type\":\"Person\",\"@id\":\"https:\\\/\\\/cgsbaleares.com\\\/#\\\/schema\\\/person\\\/7b75e24dfcb0b9f1376ec78afc253cd4\",\"name\":\"Juan Fiol Alemany\",\"image\":{\"@type\":\"ImageObject\",\"inLanguage\":\"ca\",\"@id\":\"https:\\\/\\\/secure.gravatar.com\\\/avatar\\\/9569b8e61fcb5be8918bb8ea705df8ad474ba356ff9e971390314751e816c08d?s=96&d=mm&r=g\",\"url\":\"https:\\\/\\\/secure.gravatar.com\\\/avatar\\\/9569b8e61fcb5be8918bb8ea705df8ad474ba356ff9e971390314751e816c08d?s=96&d=mm&r=g\",\"contentUrl\":\"https:\\\/\\\/secure.gravatar.com\\\/avatar\\\/9569b8e61fcb5be8918bb8ea705df8ad474ba356ff9e971390314751e816c08d?s=96&d=mm&r=g\",\"caption\":\"Juan Fiol Alemany\"},\"url\":\"http:\\\/\\\/cgsbaleares.com\\\/ca\\\/colegiado\\\/juan-fiol-alemany\\\/\"}]}<\/script>\n<!-- \/ Yoast SEO plugin. -->","yoast_head_json":{"title":"La Fundaci\u00f3 de Graduats Socials de les Illes Balears refor\u00e7a el seu servei d\u2019orientaci\u00f3 amb una nova jornada de l\u2019Oficina Jur\u00eddica - Il\u00b7lustre Col\u00b7legi Oficial de Graduats Socials de le Illes Balears","robots":{"index":"index","follow":"follow","max-snippet":"max-snippet:-1","max-image-preview":"max-image-preview:large","max-video-preview":"max-video-preview:-1"},"canonical":"https:\/\/cgsbaleares.com\/ca\/la-fundacio-de-graduats-socials-de-les-illes-balears-reforca-el-seu-servei-dorientacio-amb-una-nova-jornada-de-loficina-juridica\/","og_locale":"ca_ES","og_type":"article","og_title":"La Fundaci\u00f3 de Graduats Socials de les Illes Balears refor\u00e7a el seu servei d\u2019orientaci\u00f3 amb una nova jornada de l\u2019Oficina Jur\u00eddica - Il\u00b7lustre Col\u00b7legi Oficial de Graduats Socials de le Illes Balears","og_description":"La Fundaci\u00f3 de Graduats Socials de les Illes Balears ha dut a terme una nova jornada d\u2019atenci\u00f3 de l\u2019Oficina Jur\u00eddica gratu\u00efta, un servei d\u2019orientaci\u00f3 que apropa informaci\u00f3 laboral, d\u2019igualtat i de Seguretat Social a la ciutadania i ofereix un primer acompanyament davant dubtes vinculats a la relaci\u00f3 laboral. En aquesta jornada, atesa per la col\u00b7legiada [&hellip;]","og_url":"https:\/\/cgsbaleares.com\/ca\/la-fundacio-de-graduats-socials-de-les-illes-balears-reforca-el-seu-servei-dorientacio-amb-una-nova-jornada-de-loficina-juridica\/","og_site_name":"Il\u00b7lustre Col\u00b7legi Oficial de Graduats Socials de le Illes Balears","article_publisher":"https:\/\/www.facebook.com\/graduadossocialesbaleares","article_published_time":"2026-01-13T15:38:21+00:00","article_modified_time":"2026-01-13T15:42:19+00:00","og_image":[{"width":2560,"height":1707,"url":"http:\/\/cgsbaleares.com\/wp-content\/uploads\/2026\/01\/webfotoAmparoGallego-copia-scaled.jpg","type":"image\/jpeg"}],"author":"Juan Fiol Alemany","twitter_card":"summary_large_image","twitter_creator":"@cgsbaleares","twitter_site":"@cgsbaleares","twitter_misc":{"Escrit per":"Juan Fiol Alemany","Temps estimat de lectura":"2 minuts"},"schema":{"@context":"https:\/\/schema.org","@graph":[{"@type":"Article","@id":"https:\/\/cgsbaleares.com\/ca\/la-fundacio-de-graduats-socials-de-les-illes-balears-reforca-el-seu-servei-dorientacio-amb-una-nova-jornada-de-loficina-juridica\/#article","isPartOf":{"@id":"https:\/\/cgsbaleares.com\/ca\/la-fundacio-de-graduats-socials-de-les-illes-balears-reforca-el-seu-servei-dorientacio-amb-una-nova-jornada-de-loficina-juridica\/"},"author":{"name":"Juan Fiol Alemany","@id":"https:\/\/cgsbaleares.com\/#\/schema\/person\/7b75e24dfcb0b9f1376ec78afc253cd4"},"headline":"La Fundaci\u00f3 de Graduats Socials de les Illes Balears refor\u00e7a el seu servei d\u2019orientaci\u00f3 amb una nova jornada de l\u2019Oficina Jur\u00eddica","datePublished":"2026-01-13T15:38:21+00:00","dateModified":"2026-01-13T15:42:19+00:00","mainEntityOfPage":{"@id":"https:\/\/cgsbaleares.com\/ca\/la-fundacio-de-graduats-socials-de-les-illes-balears-reforca-el-seu-servei-dorientacio-amb-una-nova-jornada-de-loficina-juridica\/"},"wordCount":227,"publisher":{"@id":"https:\/\/cgsbaleares.com\/#organization"},"image":{"@id":"https:\/\/cgsbaleares.com\/ca\/la-fundacio-de-graduats-socials-de-les-illes-balears-reforca-el-seu-servei-dorientacio-amb-una-nova-jornada-de-loficina-juridica\/#primaryimage"},"thumbnailUrl":"http:\/\/cgsbaleares.com\/wp-content\/uploads\/2026\/01\/webfotoAmparoGallego-copia-scaled.jpg","articleSection":["Not\u00edcies generals"],"inLanguage":"ca"},{"@type":"WebPage","@id":"https:\/\/cgsbaleares.com\/ca\/la-fundacio-de-graduats-socials-de-les-illes-balears-reforca-el-seu-servei-dorientacio-amb-una-nova-jornada-de-loficina-juridica\/","url":"https:\/\/cgsbaleares.com\/ca\/la-fundacio-de-graduats-socials-de-les-illes-balears-reforca-el-seu-servei-dorientacio-amb-una-nova-jornada-de-loficina-juridica\/","name":"La Fundaci\u00f3 de Graduats Socials de les Illes Balears refor\u00e7a el seu servei d\u2019orientaci\u00f3 amb una nova jornada de l\u2019Oficina Jur\u00eddica - Il\u00b7lustre Col\u00b7legi Oficial de Graduats Socials de le Illes Balears","isPartOf":{"@id":"https:\/\/cgsbaleares.com\/#website"},"primaryImageOfPage":{"@id":"https:\/\/cgsbaleares.com\/ca\/la-fundacio-de-graduats-socials-de-les-illes-balears-reforca-el-seu-servei-dorientacio-amb-una-nova-jornada-de-loficina-juridica\/#primaryimage"},"image":{"@id":"https:\/\/cgsbaleares.com\/ca\/la-fundacio-de-graduats-socials-de-les-illes-balears-reforca-el-seu-servei-dorientacio-amb-una-nova-jornada-de-loficina-juridica\/#primaryimage"},"thumbnailUrl":"http:\/\/cgsbaleares.com\/wp-content\/uploads\/2026\/01\/webfotoAmparoGallego-copia-scaled.jpg","datePublished":"2026-01-13T15:38:21+00:00","dateModified":"2026-01-13T15:42:19+00:00","breadcrumb":{"@id":"https:\/\/cgsbaleares.com\/ca\/la-fundacio-de-graduats-socials-de-les-illes-balears-reforca-el-seu-servei-dorientacio-amb-una-nova-jornada-de-loficina-juridica\/#breadcrumb"},"inLanguage":"ca","potentialAction":[{"@type":"ReadAction","target":["https:\/\/cgsbaleares.com\/ca\/la-fundacio-de-graduats-socials-de-les-illes-balears-reforca-el-seu-servei-dorientacio-amb-una-nova-jornada-de-loficina-juridica\/"]}]},{"@type":"ImageObject","inLanguage":"ca","@id":"https:\/\/cgsbaleares.com\/ca\/la-fundacio-de-graduats-socials-de-les-illes-balears-reforca-el-seu-servei-dorientacio-amb-una-nova-jornada-de-loficina-juridica\/#primaryimage","url":"http:\/\/cgsbaleares.com\/wp-content\/uploads\/2026\/01\/webfotoAmparoGallego-copia-scaled.jpg","contentUrl":"http:\/\/cgsbaleares.com\/wp-content\/uploads\/2026\/01\/webfotoAmparoGallego-copia-scaled.jpg","width":2560,"height":1707},{"@type":"BreadcrumbList","@id":"https:\/\/cgsbaleares.com\/ca\/la-fundacio-de-graduats-socials-de-les-illes-balears-reforca-el-seu-servei-dorientacio-amb-una-nova-jornada-de-loficina-juridica\/#breadcrumb","itemListElement":[{"@type":"ListItem","position":1,"name":"Portada","item":"https:\/\/cgsbaleares.com\/ca\/"},{"@type":"ListItem","position":2,"name":"La Fundaci\u00f3 de Graduats Socials de les Illes Balears refor\u00e7a el seu servei d\u2019orientaci\u00f3 amb una nova jornada de l\u2019Oficina Jur\u00eddica"}]},{"@type":"WebSite","@id":"https:\/\/cgsbaleares.com\/#website","url":"https:\/\/cgsbaleares.com\/","name":"Il\u00b7ustre Col\u00b7legi Oficial de Graduats Socials de le Illes Balears","description":"Il\u00b7lustre Col\u00b7legi Oficial de Graduats Socials de les Illes Balears","publisher":{"@id":"https:\/\/cgsbaleares.com\/#organization"},"potentialAction":[{"@type":"SearchAction","target":{"@type":"EntryPoint","urlTemplate":"https:\/\/cgsbaleares.com\/?s={search_term_string}"},"query-input":{"@type":"PropertyValueSpecification","valueRequired":true,"valueName":"search_term_string"}}],"inLanguage":"ca"},{"@type":"Organization","@id":"https:\/\/cgsbaleares.com\/#organization","name":"Il\u00b7ustre Col\u00b7legi Oficial de Graduats Socials de le Illes Balears","url":"https:\/\/cgsbaleares.com\/","logo":{"@type":"ImageObject","inLanguage":"ca","@id":"https:\/\/cgsbaleares.com\/#\/schema\/logo\/image\/","url":"http:\/\/cgsbaleares.com\/wp-content\/uploads\/2024\/08\/CGS_logo_baleares_500x152.png","contentUrl":"http:\/\/cgsbaleares.com\/wp-content\/uploads\/2024\/08\/CGS_logo_baleares_500x152.png","width":500,"height":152,"caption":"Il\u00b7ustre Col\u00b7legi Oficial de Graduats Socials de le Illes Balears"},"image":{"@id":"https:\/\/cgsbaleares.com\/#\/schema\/logo\/image\/"},"sameAs":["https:\/\/www.facebook.com\/graduadossocialesbaleares","https:\/\/x.com\/cgsbaleares","https:\/\/www.instagram.com\/cgsbaleares\/","https:\/\/www.linkedin.com\/company\/cgsbaleares\/"]},{"@type":"Person","@id":"https:\/\/cgsbaleares.com\/#\/schema\/person\/7b75e24dfcb0b9f1376ec78afc253cd4","name":"Juan Fiol Alemany","image":{"@type":"ImageObject","inLanguage":"ca","@id":"https:\/\/secure.gravatar.com\/avatar\/9569b8e61fcb5be8918bb8ea705df8ad474ba356ff9e971390314751e816c08d?s=96&d=mm&r=g","url":"https:\/\/secure.gravatar.com\/avatar\/9569b8e61fcb5be8918bb8ea705df8ad474ba356ff9e971390314751e816c08d?s=96&d=mm&r=g","contentUrl":"https:\/\/secure.gravatar.com\/avatar\/9569b8e61fcb5be8918bb8ea705df8ad474ba356ff9e971390314751e816c08d?s=96&d=mm&r=g","caption":"Juan Fiol Alemany"},"url":"http:\/\/cgsbaleares.com\/ca\/colegiado\/juan-fiol-alemany\/"}]}},"_links":{"self":[{"href":"http:\/\/cgsbaleares.com\/ca\/wp-json\/wp\/v2\/posts\/25079","targetHints":{"allow":["GET"]}}],"collection":[{"href":"http:\/\/cgsbaleares.com\/ca\/wp-json\/wp\/v2\/posts"}],"about":[{"href":"http:\/\/cgsbaleares.com\/ca\/wp-json\/wp\/v2\/types\/post"}],"author":[{"embeddable":true,"href":"http:\/\/cgsbaleares.com\/ca\/wp-json\/wp\/v2\/users\/677"}],"replies":[{"embeddable":true,"href":"http:\/\/cgsbaleares.com\/ca\/wp-json\/wp\/v2\/comments?post=25079"}],"version-history":[{"count":2,"href":"http:\/\/cgsbaleares.com\/ca\/wp-json\/wp\/v2\/posts\/25079\/revisions"}],"predecessor-version":[{"id":25085,"href":"http:\/\/cgsbaleares.com\/ca\/wp-json\/wp\/v2\/posts\/25079\/revisions\/25085"}],"wp:featuredmedia":[{"embeddable":true,"href":"http:\/\/cgsbaleares.com\/ca\/wp-json\/wp\/v2\/media\/25082"}],"wp:attachment":[{"href":"http:\/\/cgsbaleares.com\/ca\/wp-json\/wp\/v2\/media?parent=25079"}],"wp:term":[{"taxonomy":"category","embeddable":true,"href":"http:\/\/cgsbaleares.com\/ca\/wp-json\/wp\/v2\/categories?post=25079"},{"taxonomy":"post_tag","embeddable":true,"href":"http:\/\/cgsbaleares.com\/ca\/wp-json\/wp\/v2\/tags?post=25079"}],"curies":[{"name":"wp","href":"https:\/\/api.w.org\/{rel}","templated":true}]}}