{"id":16108,"date":"2024-12-12T02:08:00","date_gmt":"2024-12-12T02:08:00","guid":{"rendered":"https:\/\/cgsbaleares.com\/?p=16108"},"modified":"2025-03-24T16:10:42","modified_gmt":"2025-03-24T16:10:42","slug":"reunio-ordinaria-del-patronat-de-la-fundacio-de-graduats-socials-dels-illes-balears","status":"publish","type":"post","link":"https:\/\/cgsbaleares.com\/ca\/reunio-ordinaria-del-patronat-de-la-fundacio-de-graduats-socials-dels-illes-balears\/","title":{"rendered":"Reuni\u00f3 ordin\u00e0ria del Patronat de la Fundaci\u00f3 de Graduats Socials de les Illes Balears"},"content":{"rendered":"\n<p><\/p>\n\n\n\n<p>El Patronat de la&nbsp;Fundaci\u00f3&nbsp;de&nbsp;Graduats&nbsp;Socials&nbsp;dels Illes Balears va celebrar el 5 de desembre, en la seu del&nbsp;Il\u00b7lustri&nbsp;Col\u00b7legi&nbsp;Oficial de&nbsp;Graduats&nbsp;Socials&nbsp;dels Illes Balears, la seva reuni\u00f3 ordin\u00e0ria corresponent al segon semestre de l&#8217;any. Durant la sessi\u00f3 es van aprovar el pressupost i el pla d&#8217;actuaci\u00f3 per a 2025, a m\u00e9s d&#8217;informar sobre el desenvolupament de les activitats del present exercici i la situaci\u00f3 financera i patrimonial de la instituci\u00f3.<\/p>\n\n\n\n<p>En la reuni\u00f3 van ser presents la Presidenta, Merc\u00e8 Garc\u00eda; la Vicepresidenta, Francisca&nbsp;Rufiandis; el Tresorer, Federico&nbsp;Hermosel; el Comptador, Miguel \u00c1ngel Cantallops; les Vocals, Arantxa&nbsp;Sitjar, Catalina Zafra, Esther&nbsp;Blanc&nbsp;i&nbsp;Johanny&nbsp;Rodr\u00edguez; els expresidents i col\u00b7legiats em\u00e8rits, Enrique Blanco P\u00e9rez-Molinos&nbsp;i Jaime S.&nbsp;Sitjar; i els Vocals no exercents, Guillermo&nbsp;Terrasa&nbsp;Grau i Rafael&nbsp;Estarellas.<\/p>\n","protected":false},"excerpt":{"rendered":"<p>El Patronat de la&nbsp;Fundaci\u00f3&nbsp;de&nbsp;Graduats&nbsp;Socials&nbsp;dels Illes Balears va celebrar el 5 de desembre, en la seu del&nbsp;Il\u00b7lustri&nbsp;Col\u00b7legi&nbsp;Oficial de&nbsp;Graduats&nbsp;Socials&nbsp;dels Illes Balears, la seva reuni\u00f3 ordin\u00e0ria corresponent al segon semestre de l&#8217;any. Durant la sessi\u00f3 es van aprovar el pressupost i el pla d&#8217;actuaci\u00f3 per a 2025, a m\u00e9s d&#8217;informar sobre el desenvolupament de les activitats del present [&hellip;]<\/p>\n","protected":false},"author":1,"featured_media":15861,"comment_status":"closed","ping_status":"open","sticky":false,"template":"","format":"standard","meta":{"_monsterinsights_skip_tracking":false,"footnotes":"","_members_access_role":[],"_members_access_error":""},"categories":[314],"tags":[],"class_list":["post-16108","post","type-post","status-publish","format-standard","has-post-thumbnail","hentry","category-noticies-generals"],"desde":null,"hasta":null,"texto_circular":null,"hora_envio":null,"texto_ciruclar":null,"texto-circular":null,"asunto_circular":null,"documentos":null,"lugar_del_evento":null,"texto_fechas_":null,"envio_circular":null,"enviar_newsletter":null,"fecha_envio":null,"estado_envio":null,"destinatarios":null,"demarcaciones":null,"pendiente":null,"_links":{"self":[{"href":"https:\/\/cgsbaleares.com\/ca\/wp-json\/wp\/v2\/posts\/16108","targetHints":{"allow":["GET"]}}],"collection":[{"href":"https:\/\/cgsbaleares.com\/ca\/wp-json\/wp\/v2\/posts"}],"about":[{"href":"https:\/\/cgsbaleares.com\/ca\/wp-json\/wp\/v2\/types\/post"}],"author":[{"embeddable":true,"href":"https:\/\/cgsbaleares.com\/ca\/wp-json\/wp\/v2\/users\/1"}],"replies":[{"embeddable":true,"href":"https:\/\/cgsbaleares.com\/ca\/wp-json\/wp\/v2\/comments?post=16108"}],"version-history":[{"count":3,"href":"https:\/\/cgsbaleares.com\/ca\/wp-json\/wp\/v2\/posts\/16108\/revisions"}],"predecessor-version":[{"id":16119,"href":"https:\/\/cgsbaleares.com\/ca\/wp-json\/wp\/v2\/posts\/16108\/revisions\/16119"}],"wp:featuredmedia":[{"embeddable":true,"href":"https:\/\/cgsbaleares.com\/ca\/wp-json\/wp\/v2\/media\/15861"}],"wp:attachment":[{"href":"https:\/\/cgsbaleares.com\/ca\/wp-json\/wp\/v2\/media?parent=16108"}],"wp:term":[{"taxonomy":"category","embeddable":true,"href":"https:\/\/cgsbaleares.com\/ca\/wp-json\/wp\/v2\/categories?post=16108"},{"taxonomy":"post_tag","embeddable":true,"href":"https:\/\/cgsbaleares.com\/ca\/wp-json\/wp\/v2\/tags?post=16108"}],"curies":[{"name":"wp","href":"https:\/\/api.w.org\/{rel}","templated":true}]}}