{"id":16190,"date":"2025-03-25T05:08:16","date_gmt":"2025-03-25T05:08:16","guid":{"rendered":"https:\/\/cgsbaleares.com\/?p=16190"},"modified":"2025-03-28T03:09:37","modified_gmt":"2025-03-28T03:09:37","slug":"reunion-ordinaria-del-patronato-de-la-fundacio-de-graduats-socials-de-les-illes-balears","status":"publish","type":"post","link":"https:\/\/cgsbaleares.com\/ca\/reunion-ordinaria-del-patronato-de-la-fundacio-de-graduats-socials-de-les-illes-balears\/","title":{"rendered":"Reuni\u00f3 ordin\u00e0ria del Patronat de la Fundaci\u00f3 de Graduats Socials de les Illes Balears"},"content":{"rendered":"<p>El Patronat de la Fundaci\u00f3 de Graduats Socials de les Illes Balears va celebrar el 5 de desembre, a la seu de l\u2019Il\u00b7lustre Col\u00b7legi Oficial de Graduats Socials de les Illes Balears, la seva reuni\u00f3 ordin\u00e0ria corresponent al segon semestre de l\u2019any. Durant la sessi\u00f3 es van aprovar el pressupost i el pla d\u2019actuaci\u00f3 per al 2025, a m\u00e9s d\u2019informar sobre el desenvolupament de les activitats de l\u2019exercici actual i la situaci\u00f3 financera i patrimonial de la instituci\u00f3.<\/p>\n<p>A la reuni\u00f3 hi van ser presents la presidenta, Merc\u00e8 Garc\u00eda; la vicepresidenta, Francisca Rufiandis; el tresorer, Federico Hermosel; el comptador, Miguel \u00c1ngel Cantallops; les vocals, Arantxa Sitjar, Catalina Zafra, Esther Blanc i Johanny Rodr\u00edguez; els expresidents i col\u00b7legiats em\u00e8rits, Enrique Blanco P\u00e9rez-Molinos i Jaime S. Sitjar; i els vocals no exercents, Guillermo Terrasa Grau i Rafael Estarellas.<\/p>\n","protected":false},"excerpt":{"rendered":"<p>El Patronat de la Fundaci\u00f3 de Graduats Socials de les Illes Balears va celebrar el 5 de desembre, a la seu de l\u2019Il\u00b7lustre Col\u00b7legi Oficial de Graduats Socials de les Illes Balears, la seva reuni\u00f3 ordin\u00e0ria corresponent al segon semestre de l\u2019any. Durant la sessi\u00f3 es van aprovar el pressupost i el pla d\u2019actuaci\u00f3 per [&hellip;]<\/p>\n","protected":false},"author":1,"featured_media":16413,"comment_status":"open","ping_status":"open","sticky":false,"template":"","format":"standard","meta":{"_monsterinsights_skip_tracking":false,"footnotes":"","_members_access_role":[],"_members_access_error":""},"categories":[314],"tags":[],"class_list":["post-16190","post","type-post","status-publish","format-standard","has-post-thumbnail","hentry","category-noticies-generals"],"desde":null,"hasta":null,"texto_circular":null,"hora_envio":null,"texto_ciruclar":null,"texto-circular":null,"asunto_circular":null,"documentos":null,"lugar_del_evento":null,"texto_fechas_":null,"envio_circular":null,"enviar_newsletter":null,"fecha_envio":null,"estado_envio":null,"destinatarios":null,"demarcaciones":null,"pendiente":null,"_links":{"self":[{"href":"https:\/\/cgsbaleares.com\/ca\/wp-json\/wp\/v2\/posts\/16190","targetHints":{"allow":["GET"]}}],"collection":[{"href":"https:\/\/cgsbaleares.com\/ca\/wp-json\/wp\/v2\/posts"}],"about":[{"href":"https:\/\/cgsbaleares.com\/ca\/wp-json\/wp\/v2\/types\/post"}],"author":[{"embeddable":true,"href":"https:\/\/cgsbaleares.com\/ca\/wp-json\/wp\/v2\/users\/1"}],"replies":[{"embeddable":true,"href":"https:\/\/cgsbaleares.com\/ca\/wp-json\/wp\/v2\/comments?post=16190"}],"version-history":[{"count":4,"href":"https:\/\/cgsbaleares.com\/ca\/wp-json\/wp\/v2\/posts\/16190\/revisions"}],"predecessor-version":[{"id":16485,"href":"https:\/\/cgsbaleares.com\/ca\/wp-json\/wp\/v2\/posts\/16190\/revisions\/16485"}],"wp:featuredmedia":[{"embeddable":true,"href":"https:\/\/cgsbaleares.com\/ca\/wp-json\/wp\/v2\/media\/16413"}],"wp:attachment":[{"href":"https:\/\/cgsbaleares.com\/ca\/wp-json\/wp\/v2\/media?parent=16190"}],"wp:term":[{"taxonomy":"category","embeddable":true,"href":"https:\/\/cgsbaleares.com\/ca\/wp-json\/wp\/v2\/categories?post=16190"},{"taxonomy":"post_tag","embeddable":true,"href":"https:\/\/cgsbaleares.com\/ca\/wp-json\/wp\/v2\/tags?post=16190"}],"curies":[{"name":"wp","href":"https:\/\/api.w.org\/{rel}","templated":true}]}}