{"id":16694,"date":"2025-03-26T13:28:40","date_gmt":"2025-03-26T13:28:40","guid":{"rendered":"https:\/\/cgsbaleares.com\/?p=16694"},"modified":"2025-03-26T13:29:35","modified_gmt":"2025-03-26T13:29:35","slug":"el-collegi-de-graduats-socials-de-les-illes-balears-signa-un-conveni-de-collaboracio-amb-banc-sabadell","status":"publish","type":"post","link":"https:\/\/cgsbaleares.com\/ca\/el-collegi-de-graduats-socials-de-les-illes-balears-signa-un-conveni-de-collaboracio-amb-banc-sabadell\/","title":{"rendered":"El Col\u00b7legi de Graduats Socials de les Illes Balears signa un conveni de col\u00b7laboraci\u00f3 amb Banc Sabadell"},"content":{"rendered":"\n<p><\/p>\n\n\n\n<p>L\u2019Il\u00b7lustre Col\u00b7legi Oficial de Graduats Socials de les Illes Balears ha signat un conveni amb Banc Sabadell perqu\u00e8, a trav\u00e9s de Sabadell Professional \u2014la unitat especialitzada del banc\u2014, les necessitats dels graduats socials col\u00b7legiats quedin cobertes amb condicions preferents.<\/p>\n\n\n\n<p>Amb la signatura d\u2019aquest conveni, celebrada el dimecres 12 de mar\u00e7 a la seu del Col\u00b7legi, es renova l\u2019acord subscrit el febrer de 2019 entre ambdues entitats. En virtut d\u2019aquesta col\u00b7laboraci\u00f3, Sabadell Professional ofereix als professionals del col\u00b7lectiu una \u00e0mplia gamma de productes i serveis exclusius, amb condicions avantatjoses, refor\u00e7ant aix\u00ed la seva activitat i desenvolupament professional.<\/p>\n\n\n\n<p>L\u2019acte de signatura de l\u2019acord va comptar amb la participaci\u00f3 de la presidenta, Merc\u00e8 Garcia, i del comptador, Miguel \u00c1ngel Cantallops, en representaci\u00f3 del Col\u00b7legi. Per part de Sabadell Professional, hi van assistir el Sr. Tomeu Matemales Bibiloni, Director Regional Balears; el Sr. Jose Antonio Cola Llorens, Director Institucional Territorial; la Sra. Felicia Mart\u00ednez Navarro, Directora de Sabadell Professional; i la Sra. Teresa Quero Carvajal, Directora d\u2019Empreses i gestora del Col\u00b7legi.<\/p>\n","protected":false},"excerpt":{"rendered":"<p>L\u2019Il\u00b7lustre Col\u00b7legi Oficial de Graduats Socials de les Illes Balears ha signat un conveni amb Banc Sabadell perqu\u00e8, a trav\u00e9s de Sabadell Professional \u2014la unitat especialitzada del banc\u2014, les necessitats dels graduats socials col\u00b7legiats quedin cobertes amb condicions preferents. Amb la signatura d\u2019aquest conveni, celebrada el dimecres 12 de mar\u00e7 a la seu del Col\u00b7legi, [&hellip;]<\/p>\n","protected":false},"author":677,"featured_media":16691,"comment_status":"open","ping_status":"open","sticky":false,"template":"","format":"standard","meta":{"_monsterinsights_skip_tracking":false,"footnotes":"","_members_access_role":[],"_members_access_error":""},"categories":[314],"tags":[],"class_list":["post-16694","post","type-post","status-publish","format-standard","has-post-thumbnail","hentry","category-noticies-generals"],"desde":null,"hasta":null,"texto_circular":null,"hora_envio":null,"texto_ciruclar":null,"texto-circular":null,"asunto_circular":null,"documentos":null,"lugar_del_evento":null,"texto_fechas_":null,"envio_circular":null,"enviar_newsletter":null,"fecha_envio":null,"estado_envio":null,"destinatarios":null,"demarcaciones":null,"pendiente":null,"_links":{"self":[{"href":"https:\/\/cgsbaleares.com\/ca\/wp-json\/wp\/v2\/posts\/16694","targetHints":{"allow":["GET"]}}],"collection":[{"href":"https:\/\/cgsbaleares.com\/ca\/wp-json\/wp\/v2\/posts"}],"about":[{"href":"https:\/\/cgsbaleares.com\/ca\/wp-json\/wp\/v2\/types\/post"}],"author":[{"embeddable":true,"href":"https:\/\/cgsbaleares.com\/ca\/wp-json\/wp\/v2\/users\/677"}],"replies":[{"embeddable":true,"href":"https:\/\/cgsbaleares.com\/ca\/wp-json\/wp\/v2\/comments?post=16694"}],"version-history":[{"count":2,"href":"https:\/\/cgsbaleares.com\/ca\/wp-json\/wp\/v2\/posts\/16694\/revisions"}],"predecessor-version":[{"id":16696,"href":"https:\/\/cgsbaleares.com\/ca\/wp-json\/wp\/v2\/posts\/16694\/revisions\/16696"}],"wp:featuredmedia":[{"embeddable":true,"href":"https:\/\/cgsbaleares.com\/ca\/wp-json\/wp\/v2\/media\/16691"}],"wp:attachment":[{"href":"https:\/\/cgsbaleares.com\/ca\/wp-json\/wp\/v2\/media?parent=16694"}],"wp:term":[{"taxonomy":"category","embeddable":true,"href":"https:\/\/cgsbaleares.com\/ca\/wp-json\/wp\/v2\/categories?post=16694"},{"taxonomy":"post_tag","embeddable":true,"href":"https:\/\/cgsbaleares.com\/ca\/wp-json\/wp\/v2\/tags?post=16694"}],"curies":[{"name":"wp","href":"https:\/\/api.w.org\/{rel}","templated":true}]}}