{"id":19769,"date":"2025-05-16T07:43:36","date_gmt":"2025-05-16T07:43:36","guid":{"rendered":"https:\/\/cgsbaleares.com\/?p=19769"},"modified":"2025-05-16T07:58:33","modified_gmt":"2025-05-16T07:58:33","slug":"solemne-acte-de-jura-de-nou-collegiat","status":"publish","type":"post","link":"https:\/\/cgsbaleares.com\/ca\/solemne-acte-de-jura-de-nou-collegiat\/","title":{"rendered":"Solemne acte de jura de nou col\u00b7legiat"},"content":{"rendered":"\n<p><\/p>\n\n\n\n<p>El dimecres 15 de maig va tenir lloc, a la seu de l\u2019Il\u00b7lustre Col\u00b7legi Oficial de Graduats Socials de les Illes Balears, la solemne cerim\u00f2nia de jura de col\u00b7legiaci\u00f3 del graduat social \u00c1lvaro de la Fuente Marcos, natural d\u2019Eivissa. El nou membre va prestar el seu jurament professional acompanyat pel seu padr\u00ed, l\u2019 tamb\u00e9 eivissenc Pedro Antonio Navarro Fides, en un acte que va posar de manifest el comprom\u00eds del Col\u00b7legi amb l\u2019excel\u00b7l\u00e8ncia de l\u2019exercici professional a totes les Illes Balears.<\/p>\n\n\n\n<p>La sessi\u00f3 va ser presidida per la presidenta del Col\u00b7legi, Merc\u00e8 Garc\u00eda, acompanyada per les vicepresidentes Adela Soriano i Francisca Rufiandis. Tamb\u00e9 hi varen participar la resta de membres de la Junta de Govern: el secretari general Daniel Ruiz, el tresorer Federico Hermosel, el vicesecretari Jos\u00e9 Manuel Raya, el comptador Miguel A. Cantallops, les vocals exercents Esther Blanc, Johanny Rodr\u00edguez, Arantxa Sitjar i Catalina Zafra, aix\u00ed com el vocal no exercent Rafael Estarellas.<\/p>\n\n\n\n<p>Un cop finalitzada la cerim\u00f2nia, la Junta de Govern va felicitar el nou col\u00b7legiat i va reiterar el suport institucional que el Col\u00b7legi ofereix a tots els seus membres per afrontar els reptes presents i futurs de l\u2019\u00e0mbit sociolaboral.<\/p>\n\n\n\n<figure class=\"wp-block-image size-large\"><img fetchpriority=\"high\" decoding=\"async\" width=\"1024\" height=\"683\" src=\"https:\/\/cgsbaleares.com\/wp-content\/uploads\/2025\/05\/web.fotojura3-copia-1-1024x683.jpg\" alt=\"\" class=\"wp-image-19770\" srcset=\"https:\/\/cgsbaleares.com\/wp-content\/uploads\/2025\/05\/web.fotojura3-copia-1-1024x683.jpg 1024w, https:\/\/cgsbaleares.com\/wp-content\/uploads\/2025\/05\/web.fotojura3-copia-1-300x200.jpg 300w, https:\/\/cgsbaleares.com\/wp-content\/uploads\/2025\/05\/web.fotojura3-copia-1-768x512.jpg 768w, https:\/\/cgsbaleares.com\/wp-content\/uploads\/2025\/05\/web.fotojura3-copia-1-1536x1024.jpg 1536w, https:\/\/cgsbaleares.com\/wp-content\/uploads\/2025\/05\/web.fotojura3-copia-1-2048x1365.jpg 2048w\" sizes=\"(max-width: 1024px) 100vw, 1024px\" \/><\/figure>\n","protected":false},"excerpt":{"rendered":"<p>El dimecres 15 de maig va tenir lloc, a la seu de l\u2019Il\u00b7lustre Col\u00b7legi Oficial de Graduats Socials de les Illes Balears, la solemne cerim\u00f2nia de jura de col\u00b7legiaci\u00f3 del graduat social \u00c1lvaro de la Fuente Marcos, natural d\u2019Eivissa. El nou membre va prestar el seu jurament professional acompanyat pel seu padr\u00ed, l\u2019 tamb\u00e9 eivissenc [&hellip;]<\/p>\n","protected":false},"author":677,"featured_media":19847,"comment_status":"open","ping_status":"open","sticky":false,"template":"","format":"standard","meta":{"_monsterinsights_skip_tracking":false,"footnotes":"","_members_access_role":[],"_members_access_error":""},"categories":[314],"tags":[],"class_list":["post-19769","post","type-post","status-publish","format-standard","has-post-thumbnail","hentry","category-noticies-generals"],"desde":null,"hasta":null,"texto_circular":null,"hora_envio":null,"texto_ciruclar":null,"texto-circular":null,"asunto_circular":null,"documentos":null,"lugar_del_evento":null,"texto_fechas_":null,"envio_circular":null,"enviar_newsletter":null,"fecha_envio":null,"estado_envio":null,"destinatarios":null,"demarcaciones":null,"pendiente":null,"_links":{"self":[{"href":"https:\/\/cgsbaleares.com\/ca\/wp-json\/wp\/v2\/posts\/19769","targetHints":{"allow":["GET"]}}],"collection":[{"href":"https:\/\/cgsbaleares.com\/ca\/wp-json\/wp\/v2\/posts"}],"about":[{"href":"https:\/\/cgsbaleares.com\/ca\/wp-json\/wp\/v2\/types\/post"}],"author":[{"embeddable":true,"href":"https:\/\/cgsbaleares.com\/ca\/wp-json\/wp\/v2\/users\/677"}],"replies":[{"embeddable":true,"href":"https:\/\/cgsbaleares.com\/ca\/wp-json\/wp\/v2\/comments?post=19769"}],"version-history":[{"count":3,"href":"https:\/\/cgsbaleares.com\/ca\/wp-json\/wp\/v2\/posts\/19769\/revisions"}],"predecessor-version":[{"id":19775,"href":"https:\/\/cgsbaleares.com\/ca\/wp-json\/wp\/v2\/posts\/19769\/revisions\/19775"}],"wp:featuredmedia":[{"embeddable":true,"href":"https:\/\/cgsbaleares.com\/ca\/wp-json\/wp\/v2\/media\/19847"}],"wp:attachment":[{"href":"https:\/\/cgsbaleares.com\/ca\/wp-json\/wp\/v2\/media?parent=19769"}],"wp:term":[{"taxonomy":"category","embeddable":true,"href":"https:\/\/cgsbaleares.com\/ca\/wp-json\/wp\/v2\/categories?post=19769"},{"taxonomy":"post_tag","embeddable":true,"href":"https:\/\/cgsbaleares.com\/ca\/wp-json\/wp\/v2\/tags?post=19769"}],"curies":[{"name":"wp","href":"https:\/\/api.w.org\/{rel}","templated":true}]}}