{"id":20084,"date":"2025-05-16T14:07:46","date_gmt":"2025-05-16T14:07:46","guid":{"rendered":"https:\/\/cgsbaleares.com\/?p=20084"},"modified":"2025-05-28T14:11:01","modified_gmt":"2025-05-28T14:11:01","slug":"sessio-formativa-sobre-la-reforma-de-la-lrjs-derivada-de-la-lo-1-2025-2","status":"publish","type":"post","link":"https:\/\/cgsbaleares.com\/ca\/sessio-formativa-sobre-la-reforma-de-la-lrjs-derivada-de-la-lo-1-2025-2\/","title":{"rendered":"Sessi\u00f3 formativa sobre la Reforma de la LRJS derivada de la LO 1\/2025"},"content":{"rendered":"\n<p><\/p>\n\n\n\n<p>El 22 de maig, la seu col\u00b7legial va acollir la sessi\u00f3 formativa \u00abLa Reforma de la LRJS derivada de la LO 1\/2025\u00bb, presentada pel secretari general, Daniel Ruiz.<\/p>\n\n\n\n<p>La pon\u00e8ncia va anar a c\u00e0rrec de M.\u00aa Adelaida Garc\u00eda, lletrada del Jutjat Social de Palma i professora associada de la UIB, qui va analitzar els canvis organitzatius que la LO 1\/2025 introdueix en els \u00f2rgans jurisdiccionals i en va detallar les repercussions tant en els procediments declaratius com en l\u2019execuci\u00f3. Igualment, va examinar les modificacions de la Llei d\u2019Enjudiciament Civil que, amb car\u00e0cter supletori, incidiran en la jurisdicci\u00f3 social.<\/p>\n\n\n\n<p>Durant les dues hores d\u2019exposici\u00f3 i debat, els assistents van compartir inquietuds pr\u00e0ctiques i van destacar la utilitat de disposar d\u2019una visi\u00f3 integral per preparar els canvis que aviat hauran d\u2019aplicar als seus despatxos, refor\u00e7ant aix\u00ed el comprom\u00eds del Col\u00b7legi de Graduats Socials de Balears amb una formaci\u00f3 cont\u00ednua de qualitat.<\/p>\n","protected":false},"excerpt":{"rendered":"<p>El 22 de maig, la seu col\u00b7legial va acollir la sessi\u00f3 formativa \u00abLa Reforma de la LRJS derivada de la LO 1\/2025\u00bb, presentada pel secretari general, Daniel Ruiz. La pon\u00e8ncia va anar a c\u00e0rrec de M.\u00aa Adelaida Garc\u00eda, lletrada del Jutjat Social de Palma i professora associada de la UIB, qui va analitzar els canvis [&hellip;]<\/p>\n","protected":false},"author":677,"featured_media":20079,"comment_status":"open","ping_status":"open","sticky":false,"template":"","format":"standard","meta":{"_monsterinsights_skip_tracking":false,"footnotes":"","_members_access_role":[],"_members_access_error":""},"categories":[314],"tags":[],"class_list":["post-20084","post","type-post","status-publish","format-standard","has-post-thumbnail","hentry","category-noticies-generals"],"desde":null,"hasta":null,"texto_circular":null,"hora_envio":null,"texto_ciruclar":null,"texto-circular":null,"asunto_circular":null,"documentos":null,"lugar_del_evento":null,"texto_fechas_":null,"envio_circular":null,"enviar_newsletter":null,"fecha_envio":null,"estado_envio":null,"destinatarios":null,"demarcaciones":null,"pendiente":null,"_links":{"self":[{"href":"https:\/\/cgsbaleares.com\/ca\/wp-json\/wp\/v2\/posts\/20084","targetHints":{"allow":["GET"]}}],"collection":[{"href":"https:\/\/cgsbaleares.com\/ca\/wp-json\/wp\/v2\/posts"}],"about":[{"href":"https:\/\/cgsbaleares.com\/ca\/wp-json\/wp\/v2\/types\/post"}],"author":[{"embeddable":true,"href":"https:\/\/cgsbaleares.com\/ca\/wp-json\/wp\/v2\/users\/677"}],"replies":[{"embeddable":true,"href":"https:\/\/cgsbaleares.com\/ca\/wp-json\/wp\/v2\/comments?post=20084"}],"version-history":[{"count":2,"href":"https:\/\/cgsbaleares.com\/ca\/wp-json\/wp\/v2\/posts\/20084\/revisions"}],"predecessor-version":[{"id":20086,"href":"https:\/\/cgsbaleares.com\/ca\/wp-json\/wp\/v2\/posts\/20084\/revisions\/20086"}],"wp:featuredmedia":[{"embeddable":true,"href":"https:\/\/cgsbaleares.com\/ca\/wp-json\/wp\/v2\/media\/20079"}],"wp:attachment":[{"href":"https:\/\/cgsbaleares.com\/ca\/wp-json\/wp\/v2\/media?parent=20084"}],"wp:term":[{"taxonomy":"category","embeddable":true,"href":"https:\/\/cgsbaleares.com\/ca\/wp-json\/wp\/v2\/categories?post=20084"},{"taxonomy":"post_tag","embeddable":true,"href":"https:\/\/cgsbaleares.com\/ca\/wp-json\/wp\/v2\/tags?post=20084"}],"curies":[{"name":"wp","href":"https:\/\/api.w.org\/{rel}","templated":true}]}}