{"id":20097,"date":"2025-05-23T14:24:17","date_gmt":"2025-05-23T14:24:17","guid":{"rendered":"https:\/\/cgsbaleares.com\/?p=20097"},"modified":"2025-05-28T14:26:22","modified_gmt":"2025-05-28T14:26:22","slug":"la-presidenta-assisteix-al-lliurament-dels-premis-centenari-organitzats-pel-consell-general","status":"publish","type":"post","link":"https:\/\/cgsbaleares.com\/ca\/la-presidenta-assisteix-al-lliurament-dels-premis-centenari-organitzats-pel-consell-general\/","title":{"rendered":"La presidenta assisteix al lliurament dels \u00abPremis Centenari\u00bb organitzats pel Consell General"},"content":{"rendered":"\n<p>La presidenta de l\u2019Il\u00b7lustre Col\u00b7legi Oficial de Graduats Socials de les Illes Balears, Merc\u00e8 Garc\u00eda, acompanyada pels expresidents Jaume Sitjar i Jos\u00e9 Javier Bonet, va assistir, en representaci\u00f3 dels graduats i graduades socials de les Illes a la gala del Centenari dels Graduats Socials d\u2019Espanya, celebrada divendres 23 de maig a l\u2019Hotel InterContinental de Madrid i organitzada pel Consell General.<\/p>\n\n\n\n<p>L\u2019acte, presidit pel seu president, Joaqu\u00edn Merch\u00e1n Bermejo, va servir per recon\u00e8ixer la tasca d\u2019institucions clau com el Ministeri de Treball i Economia Social, el Ministeri de Just\u00edcia, el Ministeri d\u2019Inclusi\u00f3, Seguretat Social i Migracions, aix\u00ed com l\u2019empresa Telef\u00f3nica, per la seva destacada contribuci\u00f3 al desenvolupament de la professi\u00f3 i a la Just\u00edcia Social a l\u2019Estat espanyol.<\/p>\n\n\n\n<p>L\u2019esdeveniment va reunir autoritats de primer nivell: la vicepresidenta segona i ministra de Treball i Economia Social, Yolanda D\u00edaz; el ministre de la Presid\u00e8ncia, Just\u00edcia i Relacions amb les Corts, F\u00e9lix Bola\u00f1os; la presidenta del Congr\u00e9s dels Diputats, Francina Armengol; la ministra d\u2019Inclusi\u00f3, Seguretat Social i Migracions, Elma Saiz; la presidenta del Consell General del Poder Judicial, Isabel Perell\u00f3; els exministres Magdalena Valerio i Juan Carlos Aparicio, entre d\u2019altres.<\/p>\n\n\n\n<p>Yolanda D\u00edaz va recollir el guard\u00f3 destinat a Treball i va destacar la tasca essencial dels graduats socials en la defensa de l\u2019ocupaci\u00f3 i de les empreses; F\u00e9lix Bola\u00f1os va agrair el reconeixement al Ministeri de Just\u00edcia, subratllant la seva aposta per la digitalitzaci\u00f3; Elma Saiz va remarcar la cooperaci\u00f3 hist\u00f2rica amb la Seguretat Social; i Marta Machicot, directora global de Recursos Humans de Telef\u00f3nica, va reivindicar els valors compartits d\u2019innovaci\u00f3 i servei.<\/p>\n\n\n\n<p>La vetllada va incloure igualment la imposici\u00f3 de la Gran Creu de la Just\u00edcia Social als expresidents del Consell General, Ricardo Gabald\u00f3n i Jos\u00e9 Blas Fern\u00e1ndez, en reconeixement al seu lideratge i vocaci\u00f3 de servei p\u00fablic.<\/p>\n\n\n\n<p>Des del Col\u00b7legi de Graduats Socials de les Illes Balears felicitem el Consell General per l\u2019excel\u00b7lent organitzaci\u00f3 d\u2019aquest centenari i renovem el nostre comprom\u00eds amb els valors de professionalitat, di\u00e0leg i just\u00edcia social que han guiat el primer segle de la nostra professi\u00f3.<\/p>\n\n\n\n<figure class=\"wp-block-image size-large\"><img fetchpriority=\"high\" decoding=\"async\" width=\"1024\" height=\"768\" src=\"https:\/\/cgsbaleares.com\/wp-content\/uploads\/2025\/05\/IMG-20250523-WA0006-1-1024x768.jpg\" alt=\"\" class=\"wp-image-20100\" srcset=\"https:\/\/cgsbaleares.com\/wp-content\/uploads\/2025\/05\/IMG-20250523-WA0006-1-1024x768.jpg 1024w, https:\/\/cgsbaleares.com\/wp-content\/uploads\/2025\/05\/IMG-20250523-WA0006-1-300x225.jpg 300w, https:\/\/cgsbaleares.com\/wp-content\/uploads\/2025\/05\/IMG-20250523-WA0006-1-768x576.jpg 768w, https:\/\/cgsbaleares.com\/wp-content\/uploads\/2025\/05\/IMG-20250523-WA0006-1-1536x1152.jpg 1536w, https:\/\/cgsbaleares.com\/wp-content\/uploads\/2025\/05\/IMG-20250523-WA0006-1.jpg 1600w\" sizes=\"(max-width: 1024px) 100vw, 1024px\" \/><\/figure>\n","protected":false},"excerpt":{"rendered":"<p>La presidenta de l\u2019Il\u00b7lustre Col\u00b7legi Oficial de Graduats Socials de les Illes Balears, Merc\u00e8 Garc\u00eda, acompanyada pels expresidents Jaume Sitjar i Jos\u00e9 Javier Bonet, va assistir, en representaci\u00f3 dels graduats i graduades socials de les Illes a la gala del Centenari dels Graduats Socials d\u2019Espanya, celebrada divendres 23 de maig a l\u2019Hotel InterContinental de Madrid [&hellip;]<\/p>\n","protected":false},"author":677,"featured_media":20091,"comment_status":"open","ping_status":"open","sticky":false,"template":"","format":"standard","meta":{"_monsterinsights_skip_tracking":false,"footnotes":"","_members_access_role":[],"_members_access_error":""},"categories":[314],"tags":[],"class_list":["post-20097","post","type-post","status-publish","format-standard","has-post-thumbnail","hentry","category-noticies-generals"],"desde":null,"hasta":null,"texto_circular":null,"hora_envio":null,"texto_ciruclar":null,"texto-circular":null,"asunto_circular":null,"documentos":null,"lugar_del_evento":null,"texto_fechas_":null,"envio_circular":null,"enviar_newsletter":null,"fecha_envio":null,"estado_envio":null,"destinatarios":null,"demarcaciones":null,"pendiente":null,"_links":{"self":[{"href":"https:\/\/cgsbaleares.com\/ca\/wp-json\/wp\/v2\/posts\/20097","targetHints":{"allow":["GET"]}}],"collection":[{"href":"https:\/\/cgsbaleares.com\/ca\/wp-json\/wp\/v2\/posts"}],"about":[{"href":"https:\/\/cgsbaleares.com\/ca\/wp-json\/wp\/v2\/types\/post"}],"author":[{"embeddable":true,"href":"https:\/\/cgsbaleares.com\/ca\/wp-json\/wp\/v2\/users\/677"}],"replies":[{"embeddable":true,"href":"https:\/\/cgsbaleares.com\/ca\/wp-json\/wp\/v2\/comments?post=20097"}],"version-history":[{"count":3,"href":"https:\/\/cgsbaleares.com\/ca\/wp-json\/wp\/v2\/posts\/20097\/revisions"}],"predecessor-version":[{"id":20102,"href":"https:\/\/cgsbaleares.com\/ca\/wp-json\/wp\/v2\/posts\/20097\/revisions\/20102"}],"wp:featuredmedia":[{"embeddable":true,"href":"https:\/\/cgsbaleares.com\/ca\/wp-json\/wp\/v2\/media\/20091"}],"wp:attachment":[{"href":"https:\/\/cgsbaleares.com\/ca\/wp-json\/wp\/v2\/media?parent=20097"}],"wp:term":[{"taxonomy":"category","embeddable":true,"href":"https:\/\/cgsbaleares.com\/ca\/wp-json\/wp\/v2\/categories?post=20097"},{"taxonomy":"post_tag","embeddable":true,"href":"https:\/\/cgsbaleares.com\/ca\/wp-json\/wp\/v2\/tags?post=20097"}],"curies":[{"name":"wp","href":"https:\/\/api.w.org\/{rel}","templated":true}]}}