{"id":20231,"date":"2025-06-11T18:55:22","date_gmt":"2025-06-11T16:55:22","guid":{"rendered":"https:\/\/cgsbaleares.com\/?p=20231"},"modified":"2025-06-12T18:56:13","modified_gmt":"2025-06-12T16:56:13","slug":"reunio-ordinaria-del-patronat-de-la-fundacio-de-graduats-socials-de-les-illes-balears","status":"publish","type":"post","link":"https:\/\/cgsbaleares.com\/ca\/reunio-ordinaria-del-patronat-de-la-fundacio-de-graduats-socials-de-les-illes-balears\/","title":{"rendered":"Reuni\u00f3 ordin\u00e0ria del Patronat de la Fundaci\u00f3 de Graduats Socials de les Illes Balears"},"content":{"rendered":"\n<p><\/p>\n\n\n\n<p>El Patronat de la Fundaci\u00f3 de Graduats Socials de les Illes Balears va celebrar l\u201911 de juny de 2025, a la seu de l\u2019Il\u00b7lustre Col\u00b7legi Oficial de Graduats Socials de les Illes Balears, la seva reuni\u00f3 ordin\u00e0ria corresponent al primer semestre de l\u2019any.<\/p>\n\n\n\n<p>Durant la sessi\u00f3 es va presentar l\u2019informe sobre la situaci\u00f3 financera i patrimonial de l\u2019entitat, amd dades de l\u2019exercici 2024, i es van definir les principals l\u00ednies s\u2019actuaci\u00f3 en mat\u00e8ria de formaci\u00f3 i acci\u00f3 social per als pr\u00f2xims mesos.<\/p>\n\n\n\n<p>La reuni\u00f3 va ser presidida per Merc\u00e8 Garc\u00eda i va comptar amb l\u2019assist\u00e8ncia de&nbsp; les i els patrons: Adela Soriano i Francisca Rufiandis (vicepresidentes), Federico Hermosel (tresorer), Miguel \u00c1ngel Cantallops (comptador), Daniel Ruiz (secretari general), les vocals Arantxa Sitjar, Catalina Zafra, Esther Blanc i Johanny Rodr\u00edguez, l\u2019expresident i col\u00b7legiat em\u00e8rit Enrique Blanco, i els vocals no exercents Guillermo Terrasa i Rafael Estarellas.<\/p>\n","protected":false},"excerpt":{"rendered":"<p>El Patronat de la Fundaci\u00f3 de Graduats Socials de les Illes Balears va celebrar l\u201911 de juny de 2025, a la seu de l\u2019Il\u00b7lustre Col\u00b7legi Oficial de Graduats Socials de les Illes Balears, la seva reuni\u00f3 ordin\u00e0ria corresponent al primer semestre de l\u2019any. Durant la sessi\u00f3 es va presentar l\u2019informe sobre la situaci\u00f3 financera i [&hellip;]<\/p>\n","protected":false},"author":677,"featured_media":20228,"comment_status":"open","ping_status":"open","sticky":false,"template":"","format":"standard","meta":{"_monsterinsights_skip_tracking":false,"footnotes":"","_members_access_role":[],"_members_access_error":""},"categories":[314],"tags":[],"class_list":["post-20231","post","type-post","status-publish","format-standard","has-post-thumbnail","hentry","category-noticies-generals"],"desde":null,"hasta":null,"texto_circular":null,"hora_envio":null,"texto_ciruclar":null,"texto-circular":null,"asunto_circular":null,"documentos":null,"lugar_del_evento":null,"texto_fechas_":null,"envio_circular":null,"enviar_newsletter":null,"fecha_envio":null,"estado_envio":null,"destinatarios":null,"demarcaciones":null,"pendiente":null,"_links":{"self":[{"href":"https:\/\/cgsbaleares.com\/ca\/wp-json\/wp\/v2\/posts\/20231","targetHints":{"allow":["GET"]}}],"collection":[{"href":"https:\/\/cgsbaleares.com\/ca\/wp-json\/wp\/v2\/posts"}],"about":[{"href":"https:\/\/cgsbaleares.com\/ca\/wp-json\/wp\/v2\/types\/post"}],"author":[{"embeddable":true,"href":"https:\/\/cgsbaleares.com\/ca\/wp-json\/wp\/v2\/users\/677"}],"replies":[{"embeddable":true,"href":"https:\/\/cgsbaleares.com\/ca\/wp-json\/wp\/v2\/comments?post=20231"}],"version-history":[{"count":2,"href":"https:\/\/cgsbaleares.com\/ca\/wp-json\/wp\/v2\/posts\/20231\/revisions"}],"predecessor-version":[{"id":20233,"href":"https:\/\/cgsbaleares.com\/ca\/wp-json\/wp\/v2\/posts\/20231\/revisions\/20233"}],"wp:featuredmedia":[{"embeddable":true,"href":"https:\/\/cgsbaleares.com\/ca\/wp-json\/wp\/v2\/media\/20228"}],"wp:attachment":[{"href":"https:\/\/cgsbaleares.com\/ca\/wp-json\/wp\/v2\/media?parent=20231"}],"wp:term":[{"taxonomy":"category","embeddable":true,"href":"https:\/\/cgsbaleares.com\/ca\/wp-json\/wp\/v2\/categories?post=20231"},{"taxonomy":"post_tag","embeddable":true,"href":"https:\/\/cgsbaleares.com\/ca\/wp-json\/wp\/v2\/tags?post=20231"}],"curies":[{"name":"wp","href":"https:\/\/api.w.org\/{rel}","templated":true}]}}