{"id":20240,"date":"2025-06-11T19:21:27","date_gmt":"2025-06-11T17:21:27","guid":{"rendered":"https:\/\/cgsbaleares.com\/?p=20240"},"modified":"2025-06-12T19:23:34","modified_gmt":"2025-06-12T17:23:34","slug":"acte-de-lliurament-de-la-placa-collegial-a-la-collegiada-emerita-maria-isabel-vidal-vives","status":"publish","type":"post","link":"https:\/\/cgsbaleares.com\/ca\/acte-de-lliurament-de-la-placa-collegial-a-la-collegiada-emerita-maria-isabel-vidal-vives\/","title":{"rendered":"Acte de lliurament de la placa col\u00b7legial a la col\u00b7legiada em\u00e8rita Maria Isabel Vidal Vives"},"content":{"rendered":"\n<p><\/p>\n\n\n\n<p>L\u201911 de juny, l\u2019Il\u00b7lustre Col\u00b7legi Oficial de Graduats Socials de les Illes Balears va celebrar un emotiu acte institucional per lliurar la placa col\u00b7legial a la col\u00b7legiada em\u00e8rita Maria Isabel Vidal Vives, en reconeixement a la seva extensa i valuosa traject\u00f2ria professional, aix\u00ed com pel seu comprom\u00eds amb la corporaci\u00f3 i amb la professi\u00f3 al llarg de m\u00e9s de quatre d\u00e8cades.<\/p>\n\n\n\n<p>L\u2019acte va ser presidit per la presidenta del Col\u00b7legi, Merc\u00e8 Garc\u00eda, i va comptar amb l\u2019assist\u00e8ncia de la totalitat de la Junta de Govern: les vicepresidentes Adela Soriano i Francisca Rufiandis; el comptador Miguel A. Cantallops; el tresorer Federico Hermosel; el secretari general Daniel Ruiz; el vicesecretari Jose Manuel Raya; les vocals Esther Blanc, Catalina Zafra, Johanny Rodr\u00edguez i Arantxa Sitjar; aix\u00ed com els vocals no exercents Guillermo Terrasa i Rafael Estarellas.<\/p>\n\n\n\n<p>Amb aquest senzill per\u00f2 sentit homenatge, el Col\u00b7legi va voler posar en valor la dedicaci\u00f3 exemplar de Maria Isabel Vidal Vives, agraint la seva tasca com a professional i com a referent col\u00b7legial durant d\u00e8cades.<\/p>\n\n\n\n<figure class=\"wp-block-image size-large\"><img fetchpriority=\"high\" decoding=\"async\" width=\"1024\" height=\"683\" src=\"https:\/\/cgsbaleares.com\/wp-content\/uploads\/2025\/06\/web2fotoMariaIsable-VidalVives-copia-1024x683.jpg\" alt=\"\" class=\"wp-image-20241\" srcset=\"https:\/\/cgsbaleares.com\/wp-content\/uploads\/2025\/06\/web2fotoMariaIsable-VidalVives-copia-1024x683.jpg 1024w, https:\/\/cgsbaleares.com\/wp-content\/uploads\/2025\/06\/web2fotoMariaIsable-VidalVives-copia-300x200.jpg 300w, https:\/\/cgsbaleares.com\/wp-content\/uploads\/2025\/06\/web2fotoMariaIsable-VidalVives-copia-768x512.jpg 768w, https:\/\/cgsbaleares.com\/wp-content\/uploads\/2025\/06\/web2fotoMariaIsable-VidalVives-copia-1536x1024.jpg 1536w, https:\/\/cgsbaleares.com\/wp-content\/uploads\/2025\/06\/web2fotoMariaIsable-VidalVives-copia-2048x1365.jpg 2048w\" sizes=\"(max-width: 1024px) 100vw, 1024px\" \/><\/figure>\n","protected":false},"excerpt":{"rendered":"<p>L\u201911 de juny, l\u2019Il\u00b7lustre Col\u00b7legi Oficial de Graduats Socials de les Illes Balears va celebrar un emotiu acte institucional per lliurar la placa col\u00b7legial a la col\u00b7legiada em\u00e8rita Maria Isabel Vidal Vives, en reconeixement a la seva extensa i valuosa traject\u00f2ria professional, aix\u00ed com pel seu comprom\u00eds amb la corporaci\u00f3 i amb la professi\u00f3 al [&hellip;]<\/p>\n","protected":false},"author":677,"featured_media":20235,"comment_status":"open","ping_status":"open","sticky":false,"template":"","format":"standard","meta":{"_monsterinsights_skip_tracking":false,"footnotes":"","_members_access_role":[],"_members_access_error":""},"categories":[314],"tags":[],"class_list":["post-20240","post","type-post","status-publish","format-standard","has-post-thumbnail","hentry","category-noticies-generals"],"desde":null,"hasta":null,"texto_circular":null,"hora_envio":null,"texto_ciruclar":null,"texto-circular":null,"asunto_circular":null,"documentos":null,"lugar_del_evento":null,"texto_fechas_":null,"envio_circular":null,"enviar_newsletter":null,"fecha_envio":null,"estado_envio":null,"destinatarios":null,"demarcaciones":null,"pendiente":null,"_links":{"self":[{"href":"https:\/\/cgsbaleares.com\/ca\/wp-json\/wp\/v2\/posts\/20240","targetHints":{"allow":["GET"]}}],"collection":[{"href":"https:\/\/cgsbaleares.com\/ca\/wp-json\/wp\/v2\/posts"}],"about":[{"href":"https:\/\/cgsbaleares.com\/ca\/wp-json\/wp\/v2\/types\/post"}],"author":[{"embeddable":true,"href":"https:\/\/cgsbaleares.com\/ca\/wp-json\/wp\/v2\/users\/677"}],"replies":[{"embeddable":true,"href":"https:\/\/cgsbaleares.com\/ca\/wp-json\/wp\/v2\/comments?post=20240"}],"version-history":[{"count":2,"href":"https:\/\/cgsbaleares.com\/ca\/wp-json\/wp\/v2\/posts\/20240\/revisions"}],"predecessor-version":[{"id":20244,"href":"https:\/\/cgsbaleares.com\/ca\/wp-json\/wp\/v2\/posts\/20240\/revisions\/20244"}],"wp:featuredmedia":[{"embeddable":true,"href":"https:\/\/cgsbaleares.com\/ca\/wp-json\/wp\/v2\/media\/20235"}],"wp:attachment":[{"href":"https:\/\/cgsbaleares.com\/ca\/wp-json\/wp\/v2\/media?parent=20240"}],"wp:term":[{"taxonomy":"category","embeddable":true,"href":"https:\/\/cgsbaleares.com\/ca\/wp-json\/wp\/v2\/categories?post=20240"},{"taxonomy":"post_tag","embeddable":true,"href":"https:\/\/cgsbaleares.com\/ca\/wp-json\/wp\/v2\/tags?post=20240"}],"curies":[{"name":"wp","href":"https:\/\/api.w.org\/{rel}","templated":true}]}}