{"id":20415,"date":"2025-06-12T11:06:49","date_gmt":"2025-06-12T09:06:49","guid":{"rendered":"https:\/\/cgsbaleares.com\/?p=20415"},"modified":"2025-06-24T11:09:34","modified_gmt":"2025-06-24T09:09:34","slug":"presencia-institucional-del-collegi-en-lacte-de-reconeixements-dibermutua","status":"publish","type":"post","link":"https:\/\/cgsbaleares.com\/ca\/presencia-institucional-del-collegi-en-lacte-de-reconeixements-dibermutua\/","title":{"rendered":"Pres\u00e8ncia institucional del Col\u00b7legi en l\u2019acte de reconeixements d\u2019Ibermutua"},"content":{"rendered":"\n<p><\/p>\n\n\n\n<p>El passat 12 de juny va tenir lloc, al centre d\u2019Ibermutua a Palma, l\u2019acte de lliurament de reconeixements a empreses, assessories i despatxos professionals amb m\u00e9s de 25 anys de col\u00b7laboraci\u00f3 amb aquesta m\u00fatua a les Illes Balears. Un total de vuit entitats varen ser distingides per la seva fidelitat i comprom\u00eds continuat.<\/p>\n\n\n\n<p>L\u2019Il\u00b7lustre Col\u00b7legi Oficial de Graduats Socials de les Illes Balears va voler acompanyar aquest important esdeveniment institucional, amb l\u2019assist\u00e8ncia de diversos membres de la seva Junta de Govern. En representaci\u00f3 del Col\u00b7legi, hi varen participar el comptable, Miguel \u00c1ngel Cantallops Pons; la vocal, Arantxa Sitjar Mansilla, i el vocal no exercent, Guillermo Terrasa Grau.<\/p>\n\n\n\n<p>Durant l\u2019acte, \u00d3scar Jes\u00fas Paz Arcos, gerent de l\u2019Institut Balear de Seguretat i Salut Laboral (IBASSAL), va exposar les l\u00ednies d\u2019actuaci\u00f3 conjunta entre l\u2019IbSalut, l\u2019INSS i les m\u00fatues, en el marc d\u2019AMAT Balears, amb l\u2019objectiu de millorar la salut en l\u2019entorn de treball. El lliurament dels diplomes va anar a c\u00e0rrec d\u2019Eduardo Zurdo Palacios, director d\u2019Ibermutua a Balears, amb la participaci\u00f3 institucional de Mar\u00eda Rosario Rodr\u00edguez Lasheras (TGSS) i Jes\u00fas Garc\u00eda Fern\u00e1ndez (INSS).<\/p>\n\n\n\n<p>Des del Col\u00b7legi, volem destacar i agrair iniciatives com aquesta, que reforcen la col\u00b7laboraci\u00f3 entre institucions, despatxos professionals i empreses per a un entorn laboral m\u00e9s segur i saludable a les illes.<\/p>\n","protected":false},"excerpt":{"rendered":"<p>El passat 12 de juny va tenir lloc, al centre d\u2019Ibermutua a Palma, l\u2019acte de lliurament de reconeixements a empreses, assessories i despatxos professionals amb m\u00e9s de 25 anys de col\u00b7laboraci\u00f3 amb aquesta m\u00fatua a les Illes Balears. Un total de vuit entitats varen ser distingides per la seva fidelitat i comprom\u00eds continuat. L\u2019Il\u00b7lustre Col\u00b7legi [&hellip;]<\/p>\n","protected":false},"author":677,"featured_media":20411,"comment_status":"open","ping_status":"open","sticky":false,"template":"","format":"standard","meta":{"_monsterinsights_skip_tracking":false,"footnotes":"","_members_access_role":[],"_members_access_error":""},"categories":[314],"tags":[],"class_list":["post-20415","post","type-post","status-publish","format-standard","has-post-thumbnail","hentry","category-noticies-generals"],"desde":null,"hasta":null,"texto_circular":null,"hora_envio":null,"texto_ciruclar":null,"texto-circular":null,"asunto_circular":null,"documentos":null,"lugar_del_evento":null,"texto_fechas_":null,"envio_circular":null,"enviar_newsletter":null,"fecha_envio":null,"estado_envio":null,"destinatarios":null,"demarcaciones":null,"pendiente":null,"_links":{"self":[{"href":"https:\/\/cgsbaleares.com\/ca\/wp-json\/wp\/v2\/posts\/20415","targetHints":{"allow":["GET"]}}],"collection":[{"href":"https:\/\/cgsbaleares.com\/ca\/wp-json\/wp\/v2\/posts"}],"about":[{"href":"https:\/\/cgsbaleares.com\/ca\/wp-json\/wp\/v2\/types\/post"}],"author":[{"embeddable":true,"href":"https:\/\/cgsbaleares.com\/ca\/wp-json\/wp\/v2\/users\/677"}],"replies":[{"embeddable":true,"href":"https:\/\/cgsbaleares.com\/ca\/wp-json\/wp\/v2\/comments?post=20415"}],"version-history":[{"count":2,"href":"https:\/\/cgsbaleares.com\/ca\/wp-json\/wp\/v2\/posts\/20415\/revisions"}],"predecessor-version":[{"id":20417,"href":"https:\/\/cgsbaleares.com\/ca\/wp-json\/wp\/v2\/posts\/20415\/revisions\/20417"}],"wp:featuredmedia":[{"embeddable":true,"href":"https:\/\/cgsbaleares.com\/ca\/wp-json\/wp\/v2\/media\/20411"}],"wp:attachment":[{"href":"https:\/\/cgsbaleares.com\/ca\/wp-json\/wp\/v2\/media?parent=20415"}],"wp:term":[{"taxonomy":"category","embeddable":true,"href":"https:\/\/cgsbaleares.com\/ca\/wp-json\/wp\/v2\/categories?post=20415"},{"taxonomy":"post_tag","embeddable":true,"href":"https:\/\/cgsbaleares.com\/ca\/wp-json\/wp\/v2\/tags?post=20415"}],"curies":[{"name":"wp","href":"https:\/\/api.w.org\/{rel}","templated":true}]}}