{"id":20451,"date":"2025-06-25T10:48:22","date_gmt":"2025-06-25T08:48:22","guid":{"rendered":"https:\/\/cgsbaleares.com\/?p=20451"},"modified":"2025-06-25T10:50:30","modified_gmt":"2025-06-25T08:50:30","slug":"orientacio-juridica-laboral-un-servei-gratuit-per-protegir-els-drets-de-la-ciutadania","status":"publish","type":"post","link":"https:\/\/cgsbaleares.com\/ca\/orientacio-juridica-laboral-un-servei-gratuit-per-protegir-els-drets-de-la-ciutadania\/","title":{"rendered":"Orientaci\u00f3 jur\u00eddica laboral, un servei gratu\u00eft per protegir els drets de la ciutadania"},"content":{"rendered":"\n<p><\/p>\n\n\n\n<p>El Servei d\u2019Orientaci\u00f3 Jur\u00eddica Gratu\u00efta que la Fundaci\u00f3 de Graduats Socials de les Illes Balears mant\u00e9 de manera permanent va celebrar el dimarts, 24 de juny, una nova jornada d\u2019atenci\u00f3 a la seu col\u00b7legial.<\/p>\n\n\n\n<p>En aquesta ocasi\u00f3, l\u2019assessorament va anar a c\u00e0rrec de Miguel \u00c1ngel Cantallops, graduat social i comptador del Col\u00b7legi, qui va atendre consultes sobre acomiadaments, reclamacions de quantitat, jornades laborals, plans d\u2019igualtat, incapacitats, prestacions de la Seguretat Social i altres q\u00fcestions que afecten els drets laborals de persones en situaci\u00f3 de vulnerabilitat especial. Aquest servei, en funcionament des de 2011 s\u2019ofereix de manera gratu\u00efta gr\u00e0cies a la col\u00b7laboraci\u00f3 entre la Fundaci\u00f3, la Conselleria d\u2019Empresa, Ocupaci\u00f3 i Energia i el mateix Col\u00b7legi de Graduats Socials de les Illes Balears, i es presta mitjan\u00e7ant la participaci\u00f3 volunt\u00e0ria de col\u00b7legiats i col\u00b7legiades exercents.<\/p>\n","protected":false},"excerpt":{"rendered":"<p>El Servei d\u2019Orientaci\u00f3 Jur\u00eddica Gratu\u00efta que la Fundaci\u00f3 de Graduats Socials de les Illes Balears mant\u00e9 de manera permanent va celebrar el dimarts, 24 de juny, una nova jornada d\u2019atenci\u00f3 a la seu col\u00b7legial. En aquesta ocasi\u00f3, l\u2019assessorament va anar a c\u00e0rrec de Miguel \u00c1ngel Cantallops, graduat social i comptador del Col\u00b7legi, qui va atendre [&hellip;]<\/p>\n","protected":false},"author":677,"featured_media":20448,"comment_status":"open","ping_status":"open","sticky":false,"template":"","format":"standard","meta":{"_monsterinsights_skip_tracking":false,"footnotes":"","_members_access_role":[],"_members_access_error":""},"categories":[314],"tags":[],"class_list":["post-20451","post","type-post","status-publish","format-standard","has-post-thumbnail","hentry","category-noticies-generals"],"desde":null,"hasta":null,"texto_circular":null,"hora_envio":null,"texto_ciruclar":null,"texto-circular":null,"asunto_circular":null,"documentos":null,"lugar_del_evento":null,"texto_fechas_":null,"envio_circular":null,"enviar_newsletter":null,"fecha_envio":null,"estado_envio":null,"destinatarios":null,"demarcaciones":null,"pendiente":null,"_links":{"self":[{"href":"https:\/\/cgsbaleares.com\/ca\/wp-json\/wp\/v2\/posts\/20451","targetHints":{"allow":["GET"]}}],"collection":[{"href":"https:\/\/cgsbaleares.com\/ca\/wp-json\/wp\/v2\/posts"}],"about":[{"href":"https:\/\/cgsbaleares.com\/ca\/wp-json\/wp\/v2\/types\/post"}],"author":[{"embeddable":true,"href":"https:\/\/cgsbaleares.com\/ca\/wp-json\/wp\/v2\/users\/677"}],"replies":[{"embeddable":true,"href":"https:\/\/cgsbaleares.com\/ca\/wp-json\/wp\/v2\/comments?post=20451"}],"version-history":[{"count":3,"href":"https:\/\/cgsbaleares.com\/ca\/wp-json\/wp\/v2\/posts\/20451\/revisions"}],"predecessor-version":[{"id":20456,"href":"https:\/\/cgsbaleares.com\/ca\/wp-json\/wp\/v2\/posts\/20451\/revisions\/20456"}],"wp:featuredmedia":[{"embeddable":true,"href":"https:\/\/cgsbaleares.com\/ca\/wp-json\/wp\/v2\/media\/20448"}],"wp:attachment":[{"href":"https:\/\/cgsbaleares.com\/ca\/wp-json\/wp\/v2\/media?parent=20451"}],"wp:term":[{"taxonomy":"category","embeddable":true,"href":"https:\/\/cgsbaleares.com\/ca\/wp-json\/wp\/v2\/categories?post=20451"},{"taxonomy":"post_tag","embeddable":true,"href":"https:\/\/cgsbaleares.com\/ca\/wp-json\/wp\/v2\/tags?post=20451"}],"curies":[{"name":"wp","href":"https:\/\/api.w.org\/{rel}","templated":true}]}}