{"id":20464,"date":"2025-06-25T13:58:06","date_gmt":"2025-06-25T11:58:06","guid":{"rendered":"https:\/\/cgsbaleares.com\/?p=20464"},"modified":"2025-06-25T14:00:37","modified_gmt":"2025-06-25T12:00:37","slug":"la-presidenta-lliura-el-siurell-de-plata-en-el-50e-aniversari-del-collegi-de-graduats-socials-de-santa-cruz-de-tenerife","status":"publish","type":"post","link":"https:\/\/cgsbaleares.com\/ca\/la-presidenta-lliura-el-siurell-de-plata-en-el-50e-aniversari-del-collegi-de-graduats-socials-de-santa-cruz-de-tenerife\/","title":{"rendered":"La presidenta lliura el \u201cSiurell de Plata\u201d en el 50\u00e8 aniversari del Col\u00b7legi de Graduats Socials de Santa Cruz de Tenerife"},"content":{"rendered":"\n<p><\/p>\n\n\n\n<p>La presidenta de l\u2019Il\u00b7lustre Col\u00b7legi Oficial de Graduats Socials de les Illes Balears, Merc\u00e8 Garc\u00eda Mill\u00e1n, va assistir en representaci\u00f3 de la nostra instituci\u00f3 als actes del 50\u00e8 aniversari del Col\u00b7legi de Graduats Socials de Santa Cruz de Tenerife i a la III Jornada Laboralista de Can\u00e0ries.<\/p>\n\n\n\n<p>Durant la cerim\u00f2nia, va fer el lliurament del \u201cSiurell de Plata\u201d, s\u00edmbol de la nostra terra que representa l\u2019afecte i la col\u00b7laboraci\u00f3 entre corporacions. L\u2019obsequi fou recollit per la presidenta amfitriona, Mercedes Leonor Morales.<\/p>\n\n\n\n<p>La trobada va reunir nombroses autoritats i figures rellevants de l\u2019\u00e0mbit jur\u00eddic-laboral, entre les quals el president del Consell General de Graduats Socials d\u2019Espanya, Joaqu\u00edn Merch\u00e1n Bermejo, qui va encoratjar a \u201ccontinuar construint el futur de la professi\u00f3 sobre la s\u00f2lida base d\u2019aquests cinquanta anys d\u2019hist\u00f2ria\u201d.<\/p>\n\n\n\n<p>El Col\u00b7legi de Graduats Socials de les Illes Balears felicita p\u00fablicament el Col\u00b7legi de Graduats Socials de Santa Cruz de Tenerife per aquestes cinc d\u00e8cades de traject\u00f2ria i agraeix la cordial acollida.<\/p>\n\n\n\n<p><\/p>\n","protected":false},"excerpt":{"rendered":"<p>La presidenta de l\u2019Il\u00b7lustre Col\u00b7legi Oficial de Graduats Socials de les Illes Balears, Merc\u00e8 Garc\u00eda Mill\u00e1n, va assistir en representaci\u00f3 de la nostra instituci\u00f3 als actes del 50\u00e8 aniversari del Col\u00b7legi de Graduats Socials de Santa Cruz de Tenerife i a la III Jornada Laboralista de Can\u00e0ries. Durant la cerim\u00f2nia, va fer el lliurament del [&hellip;]<\/p>\n","protected":false},"author":677,"featured_media":20461,"comment_status":"closed","ping_status":"closed","sticky":false,"template":"","format":"standard","meta":{"_monsterinsights_skip_tracking":false,"footnotes":"","_members_access_role":[],"_members_access_error":""},"categories":[314],"tags":[],"class_list":["post-20464","post","type-post","status-publish","format-standard","has-post-thumbnail","hentry","category-noticies-generals"],"desde":null,"hasta":null,"texto_circular":null,"hora_envio":null,"texto_ciruclar":null,"texto-circular":null,"asunto_circular":null,"documentos":null,"lugar_del_evento":null,"texto_fechas_":null,"envio_circular":null,"enviar_newsletter":null,"fecha_envio":null,"estado_envio":null,"destinatarios":null,"demarcaciones":null,"pendiente":null,"_links":{"self":[{"href":"https:\/\/cgsbaleares.com\/ca\/wp-json\/wp\/v2\/posts\/20464","targetHints":{"allow":["GET"]}}],"collection":[{"href":"https:\/\/cgsbaleares.com\/ca\/wp-json\/wp\/v2\/posts"}],"about":[{"href":"https:\/\/cgsbaleares.com\/ca\/wp-json\/wp\/v2\/types\/post"}],"author":[{"embeddable":true,"href":"https:\/\/cgsbaleares.com\/ca\/wp-json\/wp\/v2\/users\/677"}],"replies":[{"embeddable":true,"href":"https:\/\/cgsbaleares.com\/ca\/wp-json\/wp\/v2\/comments?post=20464"}],"version-history":[{"count":2,"href":"https:\/\/cgsbaleares.com\/ca\/wp-json\/wp\/v2\/posts\/20464\/revisions"}],"predecessor-version":[{"id":20466,"href":"https:\/\/cgsbaleares.com\/ca\/wp-json\/wp\/v2\/posts\/20464\/revisions\/20466"}],"wp:featuredmedia":[{"embeddable":true,"href":"https:\/\/cgsbaleares.com\/ca\/wp-json\/wp\/v2\/media\/20461"}],"wp:attachment":[{"href":"https:\/\/cgsbaleares.com\/ca\/wp-json\/wp\/v2\/media?parent=20464"}],"wp:term":[{"taxonomy":"category","embeddable":true,"href":"https:\/\/cgsbaleares.com\/ca\/wp-json\/wp\/v2\/categories?post=20464"},{"taxonomy":"post_tag","embeddable":true,"href":"https:\/\/cgsbaleares.com\/ca\/wp-json\/wp\/v2\/tags?post=20464"}],"curies":[{"name":"wp","href":"https:\/\/api.w.org\/{rel}","templated":true}]}}