{"id":20642,"date":"2025-07-05T14:50:16","date_gmt":"2025-07-05T12:50:16","guid":{"rendered":"https:\/\/cgsbaleares.com\/?p=20642"},"modified":"2025-07-08T14:52:19","modified_gmt":"2025-07-08T12:52:19","slug":"jornada-informativa-sobre-les-noves-convocatories-del-soib","status":"publish","type":"post","link":"https:\/\/cgsbaleares.com\/ca\/jornada-informativa-sobre-les-noves-convocatories-del-soib\/","title":{"rendered":"Jornada informativa sobre les noves convocat\u00f2ries del SOIB"},"content":{"rendered":"\n<p><br><br>El divendres 4 de juliol, la seu de l\u2019Il\u00b7lustre Col\u00b7legi Oficial de Graduats Socials de les Illes Balears va acollir una xerrada informativa dedicada a les dues convocat\u00f2ries recents de subvencions publicades pel Servei d\u2019Ocupaci\u00f3 de les Illes Balears (SOIB) al BOIB:<\/p>\n\n\n\n<p>&#8211; \u00abSOIB Oportunitats d\u2019ocupaci\u00f3 per a persones Joves Qualificades al sector privat 2025\u00bb, adre\u00e7ada a persones treballadores aut\u00f2nomes.<\/p>\n\n\n\n<p>&#8211; \u00abSOIB Xec formaci\u00f3 2025-2027\u00bb, destinada a impulsar la millora de la qualificaci\u00f3 professional.<\/p>\n\n\n\n<p>La jornada, organitzada conjuntament amb el Col\u00b7legi Oficial de Gestors Administratius de les Illes Balears (COGAB) i el mateix SOIB, va comptar amb la participaci\u00f3 de col\u00b7legiats d\u2019ambdues corporacions, tant de manera presencial com a trav\u00e9s de connexi\u00f3 en l\u00ednia. L\u2019acte va ser presentat per la presidenta del Col\u00b7legi, Merc\u00e8 Garc\u00eda Mill\u00e1n, acompanyada per Bartolom\u00e9 Antich Guasp, vicepresident del COGAB.<\/p>\n\n\n\n<div class=\"wp-block-group is-nowrap is-layout-flex wp-container-core-group-is-layout-6c531013 wp-block-group-is-layout-flex\">\n<p>Les pon\u00e8ncies principals varen anar a c\u00e0rrec de Mar\u00eda de la Luz Moreno Romero, directora del SOIB, i Pilar Fuentes, cap del Servei de Planificaci\u00f3, Acreditacions i Certificats de Professionalitat del SOIB. Ambdues expertes varen detallar els requisits, procediments i terminis de les convocat\u00f2ries, resolent els dubtes plantejats pels professionals assistents.<\/p>\n<\/div>\n\n\n\n<p>Gr\u00e0cies a la implicaci\u00f3 de tots els ponents i a l\u2019inter\u00e8s mostrat pels col\u00b7legiats, la jornada va refor\u00e7ar el coneixement pr\u00e0ctic sobre aquestes subvencions, permetent als professionals oferir un servei encara m\u00e9s complet a empreses, aut\u00f2noms i particulars.<\/p>\n\n\n\n<div class=\"wp-block-group is-nowrap is-layout-flex wp-container-core-group-is-layout-6c531013 wp-block-group-is-layout-flex\">\n<figure class=\"wp-block-image size-large\"><img fetchpriority=\"high\" decoding=\"async\" width=\"1024\" height=\"683\" src=\"https:\/\/cgsbaleares.com\/wp-content\/uploads\/2025\/07\/foto2-copiaweb-2-1024x683.jpg\" alt=\"\" class=\"wp-image-20645\" srcset=\"https:\/\/cgsbaleares.com\/wp-content\/uploads\/2025\/07\/foto2-copiaweb-2-1024x683.jpg 1024w, https:\/\/cgsbaleares.com\/wp-content\/uploads\/2025\/07\/foto2-copiaweb-2-300x200.jpg 300w, https:\/\/cgsbaleares.com\/wp-content\/uploads\/2025\/07\/foto2-copiaweb-2-768x512.jpg 768w, https:\/\/cgsbaleares.com\/wp-content\/uploads\/2025\/07\/foto2-copiaweb-2-1536x1024.jpg 1536w, https:\/\/cgsbaleares.com\/wp-content\/uploads\/2025\/07\/foto2-copiaweb-2-2048x1365.jpg 2048w\" sizes=\"(max-width: 1024px) 100vw, 1024px\" \/><\/figure>\n<\/div>\n\n\n\n<p><\/p>\n","protected":false},"excerpt":{"rendered":"<p>El divendres 4 de juliol, la seu de l\u2019Il\u00b7lustre Col\u00b7legi Oficial de Graduats Socials de les Illes Balears va acollir una xerrada informativa dedicada a les dues convocat\u00f2ries recents de subvencions publicades pel Servei d\u2019Ocupaci\u00f3 de les Illes Balears (SOIB) al BOIB: &#8211; \u00abSOIB Oportunitats d\u2019ocupaci\u00f3 per a persones Joves Qualificades al sector privat 2025\u00bb, [&hellip;]<\/p>\n","protected":false},"author":677,"featured_media":20637,"comment_status":"closed","ping_status":"closed","sticky":false,"template":"","format":"standard","meta":{"_monsterinsights_skip_tracking":false,"_monsterinsights_sitenote_active":false,"_monsterinsights_sitenote_note":"","_monsterinsights_sitenote_category":0,"_uf_show_specific_survey":0,"_uf_disable_surveys":false,"_jet_sm_ready_style":"","_jet_sm_style":"","_jet_sm_controls_values":"","_jet_sm_fonts_collection":"","_jet_sm_fonts_links":"","footnotes":""},"categories":[317],"tags":[],"class_list":["post-20642","post","type-post","status-publish","format-standard","has-post-thumbnail","hentry","category-cursos-i-formacio"],"desde":null,"hasta":null,"texto_circular":null,"hora_envio":null,"texto_ciruclar":null,"texto-circular":null,"asunto_circular":null,"documentos":null,"lugar_del_evento":null,"texto_fechas_":null,"envio_circular":null,"enviar_newsletter":null,"fecha_envio":null,"estado_envio":null,"destinatarios":null,"demarcaciones":null,"pendiente":null,"yoast_head":"<!-- This site is optimized with the Yoast SEO plugin v27.5 - https:\/\/yoast.com\/product\/yoast-seo-wordpress\/ -->\n<title>Jornada informativa sobre les noves convocat\u00f2ries del SOIB - Il\u00b7lustre Col\u00b7legi Oficial de Graduats Socials de le Illes Balears<\/title>\n<meta name=\"robots\" content=\"index, follow, max-snippet:-1, max-image-preview:large, max-video-preview:-1\" \/>\n<link rel=\"canonical\" href=\"https:\/\/cgsbaleares.com\/ca\/jornada-informativa-sobre-les-noves-convocatories-del-soib\/\" \/>\n<meta property=\"og:locale\" content=\"ca_ES\" \/>\n<meta property=\"og:type\" content=\"article\" \/>\n<meta property=\"og:title\" content=\"Jornada informativa sobre les noves convocat\u00f2ries del SOIB - Il\u00b7lustre Col\u00b7legi Oficial de Graduats Socials de le Illes Balears\" \/>\n<meta property=\"og:description\" content=\"El divendres 4 de juliol, la seu de l\u2019Il\u00b7lustre Col\u00b7legi Oficial de Graduats Socials de les Illes Balears va acollir una xerrada informativa dedicada a les dues convocat\u00f2ries recents de subvencions publicades pel Servei d\u2019Ocupaci\u00f3 de les Illes Balears (SOIB) al BOIB: &#8211; \u00abSOIB Oportunitats d\u2019ocupaci\u00f3 per a persones Joves Qualificades al sector privat 2025\u00bb, [&hellip;]\" \/>\n<meta property=\"og:url\" content=\"https:\/\/cgsbaleares.com\/ca\/jornada-informativa-sobre-les-noves-convocatories-del-soib\/\" \/>\n<meta property=\"og:site_name\" content=\"Il\u00b7lustre Col\u00b7legi Oficial de Graduats Socials de le Illes Balears\" \/>\n<meta property=\"article:publisher\" content=\"https:\/\/www.facebook.com\/graduadossocialesbaleares\" \/>\n<meta property=\"article:published_time\" content=\"2025-07-05T12:50:16+00:00\" \/>\n<meta property=\"article:modified_time\" content=\"2025-07-08T12:52:19+00:00\" \/>\n<meta property=\"og:image\" content=\"https:\/\/cgsbaleares.com\/wp-content\/uploads\/2025\/07\/webfotoponentes-copia-scaled.jpg\" \/>\n\t<meta property=\"og:image:width\" content=\"2560\" \/>\n\t<meta property=\"og:image:height\" content=\"1707\" \/>\n\t<meta property=\"og:image:type\" content=\"image\/jpeg\" \/>\n<meta name=\"author\" content=\"Juan Fiol Alemany\" \/>\n<meta name=\"twitter:card\" content=\"summary_large_image\" \/>\n<meta name=\"twitter:creator\" content=\"@cgsbaleares\" \/>\n<meta name=\"twitter:site\" content=\"@cgsbaleares\" \/>\n<meta name=\"twitter:label1\" content=\"Escrit per\" \/>\n\t<meta name=\"twitter:data1\" content=\"Juan Fiol Alemany\" \/>\n\t<meta name=\"twitter:label2\" content=\"Temps estimat de lectura\" \/>\n\t<meta name=\"twitter:data2\" content=\"2 minuts\" \/>\n<script type=\"application\/ld+json\" class=\"yoast-schema-graph\">{\"@context\":\"https:\\\/\\\/schema.org\",\"@graph\":[{\"@type\":\"Article\",\"@id\":\"https:\\\/\\\/cgsbaleares.com\\\/ca\\\/jornada-informativa-sobre-les-noves-convocatories-del-soib\\\/#article\",\"isPartOf\":{\"@id\":\"https:\\\/\\\/cgsbaleares.com\\\/ca\\\/jornada-informativa-sobre-les-noves-convocatories-del-soib\\\/\"},\"author\":{\"name\":\"Juan Fiol Alemany\",\"@id\":\"http:\\\/\\\/cgsbaleares.com\\\/#\\\/schema\\\/person\\\/7b75e24dfcb0b9f1376ec78afc253cd4\"},\"headline\":\"Jornada informativa sobre les noves convocat\u00f2ries del SOIB\",\"datePublished\":\"2025-07-05T12:50:16+00:00\",\"dateModified\":\"2025-07-08T12:52:19+00:00\",\"mainEntityOfPage\":{\"@id\":\"https:\\\/\\\/cgsbaleares.com\\\/ca\\\/jornada-informativa-sobre-les-noves-convocatories-del-soib\\\/\"},\"wordCount\":259,\"publisher\":{\"@id\":\"http:\\\/\\\/cgsbaleares.com\\\/#organization\"},\"image\":{\"@id\":\"https:\\\/\\\/cgsbaleares.com\\\/ca\\\/jornada-informativa-sobre-les-noves-convocatories-del-soib\\\/#primaryimage\"},\"thumbnailUrl\":\"https:\\\/\\\/cgsbaleares.com\\\/wp-content\\\/uploads\\\/2025\\\/07\\\/webfotoponentes-copia-scaled.jpg\",\"articleSection\":[\"Cursos i formaci\u00f3\"],\"inLanguage\":\"ca\"},{\"@type\":\"WebPage\",\"@id\":\"https:\\\/\\\/cgsbaleares.com\\\/ca\\\/jornada-informativa-sobre-les-noves-convocatories-del-soib\\\/\",\"url\":\"https:\\\/\\\/cgsbaleares.com\\\/ca\\\/jornada-informativa-sobre-les-noves-convocatories-del-soib\\\/\",\"name\":\"Jornada informativa sobre les noves convocat\u00f2ries del SOIB - Il\u00b7lustre Col\u00b7legi Oficial de Graduats Socials de le Illes Balears\",\"isPartOf\":{\"@id\":\"http:\\\/\\\/cgsbaleares.com\\\/#website\"},\"primaryImageOfPage\":{\"@id\":\"https:\\\/\\\/cgsbaleares.com\\\/ca\\\/jornada-informativa-sobre-les-noves-convocatories-del-soib\\\/#primaryimage\"},\"image\":{\"@id\":\"https:\\\/\\\/cgsbaleares.com\\\/ca\\\/jornada-informativa-sobre-les-noves-convocatories-del-soib\\\/#primaryimage\"},\"thumbnailUrl\":\"https:\\\/\\\/cgsbaleares.com\\\/wp-content\\\/uploads\\\/2025\\\/07\\\/webfotoponentes-copia-scaled.jpg\",\"datePublished\":\"2025-07-05T12:50:16+00:00\",\"dateModified\":\"2025-07-08T12:52:19+00:00\",\"breadcrumb\":{\"@id\":\"https:\\\/\\\/cgsbaleares.com\\\/ca\\\/jornada-informativa-sobre-les-noves-convocatories-del-soib\\\/#breadcrumb\"},\"inLanguage\":\"ca\",\"potentialAction\":[{\"@type\":\"ReadAction\",\"target\":[\"https:\\\/\\\/cgsbaleares.com\\\/ca\\\/jornada-informativa-sobre-les-noves-convocatories-del-soib\\\/\"]}]},{\"@type\":\"ImageObject\",\"inLanguage\":\"ca\",\"@id\":\"https:\\\/\\\/cgsbaleares.com\\\/ca\\\/jornada-informativa-sobre-les-noves-convocatories-del-soib\\\/#primaryimage\",\"url\":\"https:\\\/\\\/cgsbaleares.com\\\/wp-content\\\/uploads\\\/2025\\\/07\\\/webfotoponentes-copia-scaled.jpg\",\"contentUrl\":\"https:\\\/\\\/cgsbaleares.com\\\/wp-content\\\/uploads\\\/2025\\\/07\\\/webfotoponentes-copia-scaled.jpg\",\"width\":2560,\"height\":1707},{\"@type\":\"BreadcrumbList\",\"@id\":\"https:\\\/\\\/cgsbaleares.com\\\/ca\\\/jornada-informativa-sobre-les-noves-convocatories-del-soib\\\/#breadcrumb\",\"itemListElement\":[{\"@type\":\"ListItem\",\"position\":1,\"name\":\"Portada\",\"item\":\"http:\\\/\\\/cgsbaleares.com\\\/ca\\\/\"},{\"@type\":\"ListItem\",\"position\":2,\"name\":\"Jornada informativa sobre les noves convocat\u00f2ries del SOIB\"}]},{\"@type\":\"WebSite\",\"@id\":\"http:\\\/\\\/cgsbaleares.com\\\/#website\",\"url\":\"http:\\\/\\\/cgsbaleares.com\\\/\",\"name\":\"Il\u00b7ustre Col\u00b7legi Oficial de Graduats Socials de le Illes Balears\",\"description\":\"Il\u00b7lustre Col\u00b7legi Oficial de Graduats Socials de les Illes Balears\",\"publisher\":{\"@id\":\"http:\\\/\\\/cgsbaleares.com\\\/#organization\"},\"potentialAction\":[{\"@type\":\"SearchAction\",\"target\":{\"@type\":\"EntryPoint\",\"urlTemplate\":\"http:\\\/\\\/cgsbaleares.com\\\/?s={search_term_string}\"},\"query-input\":{\"@type\":\"PropertyValueSpecification\",\"valueRequired\":true,\"valueName\":\"search_term_string\"}}],\"inLanguage\":\"ca\"},{\"@type\":\"Organization\",\"@id\":\"http:\\\/\\\/cgsbaleares.com\\\/#organization\",\"name\":\"Il\u00b7ustre Col\u00b7legi Oficial de Graduats Socials de le Illes Balears\",\"url\":\"http:\\\/\\\/cgsbaleares.com\\\/\",\"logo\":{\"@type\":\"ImageObject\",\"inLanguage\":\"ca\",\"@id\":\"http:\\\/\\\/cgsbaleares.com\\\/#\\\/schema\\\/logo\\\/image\\\/\",\"url\":\"https:\\\/\\\/cgsbaleares.com\\\/wp-content\\\/uploads\\\/2024\\\/08\\\/CGS_logo_baleares_500x152.png\",\"contentUrl\":\"https:\\\/\\\/cgsbaleares.com\\\/wp-content\\\/uploads\\\/2024\\\/08\\\/CGS_logo_baleares_500x152.png\",\"width\":500,\"height\":152,\"caption\":\"Il\u00b7ustre Col\u00b7legi Oficial de Graduats Socials de le Illes Balears\"},\"image\":{\"@id\":\"http:\\\/\\\/cgsbaleares.com\\\/#\\\/schema\\\/logo\\\/image\\\/\"},\"sameAs\":[\"https:\\\/\\\/www.facebook.com\\\/graduadossocialesbaleares\",\"https:\\\/\\\/x.com\\\/cgsbaleares\",\"https:\\\/\\\/www.instagram.com\\\/cgsbaleares\\\/\",\"https:\\\/\\\/www.linkedin.com\\\/company\\\/cgsbaleares\\\/\"]},{\"@type\":\"Person\",\"@id\":\"http:\\\/\\\/cgsbaleares.com\\\/#\\\/schema\\\/person\\\/7b75e24dfcb0b9f1376ec78afc253cd4\",\"name\":\"Juan Fiol Alemany\",\"image\":{\"@type\":\"ImageObject\",\"inLanguage\":\"ca\",\"@id\":\"https:\\\/\\\/secure.gravatar.com\\\/avatar\\\/9569b8e61fcb5be8918bb8ea705df8ad474ba356ff9e971390314751e816c08d?s=96&d=mm&r=g\",\"url\":\"https:\\\/\\\/secure.gravatar.com\\\/avatar\\\/9569b8e61fcb5be8918bb8ea705df8ad474ba356ff9e971390314751e816c08d?s=96&d=mm&r=g\",\"contentUrl\":\"https:\\\/\\\/secure.gravatar.com\\\/avatar\\\/9569b8e61fcb5be8918bb8ea705df8ad474ba356ff9e971390314751e816c08d?s=96&d=mm&r=g\",\"caption\":\"Juan Fiol Alemany\"},\"url\":\"https:\\\/\\\/cgsbaleares.com\\\/ca\\\/colegiado\\\/juan-fiol-alemany\\\/\"}]}<\/script>\n<!-- \/ Yoast SEO plugin. -->","yoast_head_json":{"title":"Jornada informativa sobre les noves convocat\u00f2ries del SOIB - Il\u00b7lustre Col\u00b7legi Oficial de Graduats Socials de le Illes Balears","robots":{"index":"index","follow":"follow","max-snippet":"max-snippet:-1","max-image-preview":"max-image-preview:large","max-video-preview":"max-video-preview:-1"},"canonical":"https:\/\/cgsbaleares.com\/ca\/jornada-informativa-sobre-les-noves-convocatories-del-soib\/","og_locale":"ca_ES","og_type":"article","og_title":"Jornada informativa sobre les noves convocat\u00f2ries del SOIB - Il\u00b7lustre Col\u00b7legi Oficial de Graduats Socials de le Illes Balears","og_description":"El divendres 4 de juliol, la seu de l\u2019Il\u00b7lustre Col\u00b7legi Oficial de Graduats Socials de les Illes Balears va acollir una xerrada informativa dedicada a les dues convocat\u00f2ries recents de subvencions publicades pel Servei d\u2019Ocupaci\u00f3 de les Illes Balears (SOIB) al BOIB: &#8211; \u00abSOIB Oportunitats d\u2019ocupaci\u00f3 per a persones Joves Qualificades al sector privat 2025\u00bb, [&hellip;]","og_url":"https:\/\/cgsbaleares.com\/ca\/jornada-informativa-sobre-les-noves-convocatories-del-soib\/","og_site_name":"Il\u00b7lustre Col\u00b7legi Oficial de Graduats Socials de le Illes Balears","article_publisher":"https:\/\/www.facebook.com\/graduadossocialesbaleares","article_published_time":"2025-07-05T12:50:16+00:00","article_modified_time":"2025-07-08T12:52:19+00:00","og_image":[{"width":2560,"height":1707,"url":"https:\/\/cgsbaleares.com\/wp-content\/uploads\/2025\/07\/webfotoponentes-copia-scaled.jpg","type":"image\/jpeg"}],"author":"Juan Fiol Alemany","twitter_card":"summary_large_image","twitter_creator":"@cgsbaleares","twitter_site":"@cgsbaleares","twitter_misc":{"Escrit per":"Juan Fiol Alemany","Temps estimat de lectura":"2 minuts"},"schema":{"@context":"https:\/\/schema.org","@graph":[{"@type":"Article","@id":"https:\/\/cgsbaleares.com\/ca\/jornada-informativa-sobre-les-noves-convocatories-del-soib\/#article","isPartOf":{"@id":"https:\/\/cgsbaleares.com\/ca\/jornada-informativa-sobre-les-noves-convocatories-del-soib\/"},"author":{"name":"Juan Fiol Alemany","@id":"http:\/\/cgsbaleares.com\/#\/schema\/person\/7b75e24dfcb0b9f1376ec78afc253cd4"},"headline":"Jornada informativa sobre les noves convocat\u00f2ries del SOIB","datePublished":"2025-07-05T12:50:16+00:00","dateModified":"2025-07-08T12:52:19+00:00","mainEntityOfPage":{"@id":"https:\/\/cgsbaleares.com\/ca\/jornada-informativa-sobre-les-noves-convocatories-del-soib\/"},"wordCount":259,"publisher":{"@id":"http:\/\/cgsbaleares.com\/#organization"},"image":{"@id":"https:\/\/cgsbaleares.com\/ca\/jornada-informativa-sobre-les-noves-convocatories-del-soib\/#primaryimage"},"thumbnailUrl":"https:\/\/cgsbaleares.com\/wp-content\/uploads\/2025\/07\/webfotoponentes-copia-scaled.jpg","articleSection":["Cursos i formaci\u00f3"],"inLanguage":"ca"},{"@type":"WebPage","@id":"https:\/\/cgsbaleares.com\/ca\/jornada-informativa-sobre-les-noves-convocatories-del-soib\/","url":"https:\/\/cgsbaleares.com\/ca\/jornada-informativa-sobre-les-noves-convocatories-del-soib\/","name":"Jornada informativa sobre les noves convocat\u00f2ries del SOIB - Il\u00b7lustre Col\u00b7legi Oficial de Graduats Socials de le Illes Balears","isPartOf":{"@id":"http:\/\/cgsbaleares.com\/#website"},"primaryImageOfPage":{"@id":"https:\/\/cgsbaleares.com\/ca\/jornada-informativa-sobre-les-noves-convocatories-del-soib\/#primaryimage"},"image":{"@id":"https:\/\/cgsbaleares.com\/ca\/jornada-informativa-sobre-les-noves-convocatories-del-soib\/#primaryimage"},"thumbnailUrl":"https:\/\/cgsbaleares.com\/wp-content\/uploads\/2025\/07\/webfotoponentes-copia-scaled.jpg","datePublished":"2025-07-05T12:50:16+00:00","dateModified":"2025-07-08T12:52:19+00:00","breadcrumb":{"@id":"https:\/\/cgsbaleares.com\/ca\/jornada-informativa-sobre-les-noves-convocatories-del-soib\/#breadcrumb"},"inLanguage":"ca","potentialAction":[{"@type":"ReadAction","target":["https:\/\/cgsbaleares.com\/ca\/jornada-informativa-sobre-les-noves-convocatories-del-soib\/"]}]},{"@type":"ImageObject","inLanguage":"ca","@id":"https:\/\/cgsbaleares.com\/ca\/jornada-informativa-sobre-les-noves-convocatories-del-soib\/#primaryimage","url":"https:\/\/cgsbaleares.com\/wp-content\/uploads\/2025\/07\/webfotoponentes-copia-scaled.jpg","contentUrl":"https:\/\/cgsbaleares.com\/wp-content\/uploads\/2025\/07\/webfotoponentes-copia-scaled.jpg","width":2560,"height":1707},{"@type":"BreadcrumbList","@id":"https:\/\/cgsbaleares.com\/ca\/jornada-informativa-sobre-les-noves-convocatories-del-soib\/#breadcrumb","itemListElement":[{"@type":"ListItem","position":1,"name":"Portada","item":"http:\/\/cgsbaleares.com\/ca\/"},{"@type":"ListItem","position":2,"name":"Jornada informativa sobre les noves convocat\u00f2ries del SOIB"}]},{"@type":"WebSite","@id":"http:\/\/cgsbaleares.com\/#website","url":"http:\/\/cgsbaleares.com\/","name":"Il\u00b7ustre Col\u00b7legi Oficial de Graduats Socials de le Illes Balears","description":"Il\u00b7lustre Col\u00b7legi Oficial de Graduats Socials de les Illes Balears","publisher":{"@id":"http:\/\/cgsbaleares.com\/#organization"},"potentialAction":[{"@type":"SearchAction","target":{"@type":"EntryPoint","urlTemplate":"http:\/\/cgsbaleares.com\/?s={search_term_string}"},"query-input":{"@type":"PropertyValueSpecification","valueRequired":true,"valueName":"search_term_string"}}],"inLanguage":"ca"},{"@type":"Organization","@id":"http:\/\/cgsbaleares.com\/#organization","name":"Il\u00b7ustre Col\u00b7legi Oficial de Graduats Socials de le Illes Balears","url":"http:\/\/cgsbaleares.com\/","logo":{"@type":"ImageObject","inLanguage":"ca","@id":"http:\/\/cgsbaleares.com\/#\/schema\/logo\/image\/","url":"https:\/\/cgsbaleares.com\/wp-content\/uploads\/2024\/08\/CGS_logo_baleares_500x152.png","contentUrl":"https:\/\/cgsbaleares.com\/wp-content\/uploads\/2024\/08\/CGS_logo_baleares_500x152.png","width":500,"height":152,"caption":"Il\u00b7ustre Col\u00b7legi Oficial de Graduats Socials de le Illes Balears"},"image":{"@id":"http:\/\/cgsbaleares.com\/#\/schema\/logo\/image\/"},"sameAs":["https:\/\/www.facebook.com\/graduadossocialesbaleares","https:\/\/x.com\/cgsbaleares","https:\/\/www.instagram.com\/cgsbaleares\/","https:\/\/www.linkedin.com\/company\/cgsbaleares\/"]},{"@type":"Person","@id":"http:\/\/cgsbaleares.com\/#\/schema\/person\/7b75e24dfcb0b9f1376ec78afc253cd4","name":"Juan Fiol Alemany","image":{"@type":"ImageObject","inLanguage":"ca","@id":"https:\/\/secure.gravatar.com\/avatar\/9569b8e61fcb5be8918bb8ea705df8ad474ba356ff9e971390314751e816c08d?s=96&d=mm&r=g","url":"https:\/\/secure.gravatar.com\/avatar\/9569b8e61fcb5be8918bb8ea705df8ad474ba356ff9e971390314751e816c08d?s=96&d=mm&r=g","contentUrl":"https:\/\/secure.gravatar.com\/avatar\/9569b8e61fcb5be8918bb8ea705df8ad474ba356ff9e971390314751e816c08d?s=96&d=mm&r=g","caption":"Juan Fiol Alemany"},"url":"https:\/\/cgsbaleares.com\/ca\/colegiado\/juan-fiol-alemany\/"}]}},"_links":{"self":[{"href":"https:\/\/cgsbaleares.com\/ca\/wp-json\/wp\/v2\/posts\/20642","targetHints":{"allow":["GET"]}}],"collection":[{"href":"https:\/\/cgsbaleares.com\/ca\/wp-json\/wp\/v2\/posts"}],"about":[{"href":"https:\/\/cgsbaleares.com\/ca\/wp-json\/wp\/v2\/types\/post"}],"author":[{"embeddable":true,"href":"https:\/\/cgsbaleares.com\/ca\/wp-json\/wp\/v2\/users\/677"}],"replies":[{"embeddable":true,"href":"https:\/\/cgsbaleares.com\/ca\/wp-json\/wp\/v2\/comments?post=20642"}],"version-history":[{"count":2,"href":"https:\/\/cgsbaleares.com\/ca\/wp-json\/wp\/v2\/posts\/20642\/revisions"}],"predecessor-version":[{"id":20648,"href":"https:\/\/cgsbaleares.com\/ca\/wp-json\/wp\/v2\/posts\/20642\/revisions\/20648"}],"wp:featuredmedia":[{"embeddable":true,"href":"https:\/\/cgsbaleares.com\/ca\/wp-json\/wp\/v2\/media\/20637"}],"wp:attachment":[{"href":"https:\/\/cgsbaleares.com\/ca\/wp-json\/wp\/v2\/media?parent=20642"}],"wp:term":[{"taxonomy":"category","embeddable":true,"href":"https:\/\/cgsbaleares.com\/ca\/wp-json\/wp\/v2\/categories?post=20642"},{"taxonomy":"post_tag","embeddable":true,"href":"https:\/\/cgsbaleares.com\/ca\/wp-json\/wp\/v2\/tags?post=20642"}],"curies":[{"name":"wp","href":"https:\/\/api.w.org\/{rel}","templated":true}]}}