{"id":20935,"date":"2025-07-28T10:54:19","date_gmt":"2025-07-28T08:54:19","guid":{"rendered":"https:\/\/cgsbaleares.com\/el-consejo-general-denuncia-la-sobrecarga-normativa-y-la-presion-en-la-profesion\/"},"modified":"2025-08-07T17:24:51","modified_gmt":"2025-08-07T15:24:51","slug":"el-consejo-general-denuncia-la-sobrecarga-normativa-y-la-presion-en-la-profesion","status":"publish","type":"post","link":"https:\/\/cgsbaleares.com\/ca\/el-consejo-general-denuncia-la-sobrecarga-normativa-y-la-presion-en-la-profesion\/","title":{"rendered":"El Consell General denuncia la sobrec\u00e0rrega normativa i la pressi\u00f3 sobre la professi\u00f3"},"content":{"rendered":"\n<p>L\u2019Il\u00b7lustre Col\u00b7legi Oficial de Graduats Socials de les Illes Balears d\u00f3na suport sense reserves a la den\u00fancia p\u00fablica formulada pel <strong>Consell General de Graduats Socials d\u2019Espanya<\/strong> davant la <strong>sobrec\u00e0rrega normativa<\/strong>, la <strong>multiplicaci\u00f3 de notificacions<\/strong> i els <strong>terminis impossibles<\/strong> que estan abocant la professi\u00f3 a una situaci\u00f3 l\u00edmit. \u00ab<strong>No estem desbordats: estem tips i exhausts<\/strong>\u00bb, ha declarat el seu president, <strong>Joaqu\u00edn Merch\u00e1n Bermejo<\/strong>. Ho compartim plenament: no \u00e9s cap exageraci\u00f3, \u00e9s el dia a dia dels nostres despatxos.<\/p>\n\n\n\n<p>La publicaci\u00f3 constant de noves normes, sense per\u00edodes d\u2019adaptaci\u00f3 suficients, ha convertit la nostra feina en una cursa d\u2019obstacles. La implantaci\u00f3 de <strong>NOTES i DEHU<\/strong> despr\u00e9s de l\u2019entrada en vigor del <strong>BNR 8\/2025<\/strong> ha disparat les notificacions autom\u00e0tiques, moltes d\u2019elles fora de l\u2019horari laboral, saturant els sistemes i escur\u00e7ant els terminis h\u00e0bils de resposta. La digitalitzaci\u00f3, tal com est\u00e0 dissenyada, confon velocitat amb efic\u00e0cia i deixa els professionals sense marge, sense dret a l\u2019error i sense descans.<\/p>\n\n\n\n<div style=\"height:8px\" aria-hidden=\"true\" class=\"wp-block-spacer\"><\/div>\n\n\n\n<p class=\"has-text-color has-link-color has-medium-font-size wp-elements-91c2939cbf78c41e65720de1009a03cd\" style=\"color:#3871e0\">\u00abReivindiquem una desconnexi\u00f3 digital efectiva, notificacions dins l\u2019horari laboral, terminis raonables i una <em>vacatio legis<\/em> real que ens permeti aplicar amb seguretat cada canvi normatiu\u00bb.\u00a0<\/p>\n\n\n\n<div style=\"height:8px\" aria-hidden=\"true\" class=\"wp-block-spacer\"><\/div>\n\n\n\n<p>A m\u00e9s, sol\u00b7licitam reobrir el debat sobre l\u2019ampliaci\u00f3 a <strong>sis dies naturals<\/strong> del termini per comunicar baixes i variacions de dades, una proposta rebutjada enguany malgrat el seu evident sentit pr\u00e0ctic. Automatitzar processos no pot equivaler a retallar garanties a qui vetlam pel compliment de la legalitat per a empreses, treballadors, aut\u00f2noms i ciutadania.<\/p>\n\n\n\n<p>El Consell General ja ha fet la seva part: ha constitu\u00eft una <strong>taula de treball<\/strong> amb la Tresoreria General de la Seguretat Social i ha promogut una <strong>Proposici\u00f3 No de Llei<\/strong> registrada al Congr\u00e9s. Ara correspon als poders p\u00fablics escoltar, corregir i legislar amb previsi\u00f3. No demanam privilegis: demanam regles clares, terminis humans i sistemes que funcionin.<br><br><\/p>\n\n\n\n<div class=\"wp-block-columns is-layout-flex wp-container-core-columns-is-layout-28f84493 wp-block-columns-is-layout-flex\">\n<div class=\"wp-block-column is-layout-flow wp-block-column-is-layout-flow\" style=\"flex-basis:100%\">\n<figure class=\"wp-block-image size-large is-resized\"><img fetchpriority=\"high\" decoding=\"async\" width=\"1024\" height=\"576\" src=\"http:\/\/cgsbaleares.com\/wp-content\/uploads\/2025\/07\/consejo_graduados_sociales_denuncia_sobrecarga-1024x576.jpg\" alt=\"\" class=\"wp-image-20927\" style=\"width:757px;height:auto\" srcset=\"https:\/\/cgsbaleares.com\/wp-content\/uploads\/2025\/07\/consejo_graduados_sociales_denuncia_sobrecarga-1024x576.jpg 1024w, https:\/\/cgsbaleares.com\/wp-content\/uploads\/2025\/07\/consejo_graduados_sociales_denuncia_sobrecarga-300x169.jpg 300w, https:\/\/cgsbaleares.com\/wp-content\/uploads\/2025\/07\/consejo_graduados_sociales_denuncia_sobrecarga-768x432.jpg 768w, https:\/\/cgsbaleares.com\/wp-content\/uploads\/2025\/07\/consejo_graduados_sociales_denuncia_sobrecarga-1536x864.jpg 1536w, https:\/\/cgsbaleares.com\/wp-content\/uploads\/2025\/07\/consejo_graduados_sociales_denuncia_sobrecarga-2048x1152.jpg 2048w\" sizes=\"(max-width: 1024px) 100vw, 1024px\" \/><\/figure>\n<\/div>\n<\/div>\n\n\n\n<p>Des del <strong>Col\u00b7legi de Graduats Socials de les Illes Balears<\/strong> reiteram el nostre comprom\u00eds amb un model normatiu just, sostenible i veritablement hum\u00e0, en qu\u00e8 l\u2019Administraci\u00f3 recuperi el seu paper de servei al ciutad\u00e0 i en qu\u00e8 la salut laboral dels graduats socials no sigui el preu a pagar per la improvisaci\u00f3 legislativa.<br><\/p>\n\n\n\n<div style=\"height:16px\" aria-hidden=\"true\" class=\"wp-block-spacer\"><\/div>\n\n\n\n<div class=\"wp-block-buttons is-layout-flex wp-block-buttons-is-layout-flex\">\n<div class=\"wp-block-button has-custom-width wp-block-button__width-25 is-style-outline is-style-outline--1\"><a class=\"wp-block-button__link has-small-font-size has-custom-font-size wp-element-button\" href=\"https:\/\/noticias.juridicas.com\/actualidad\/noticias\/20460-el-consejo-general-de-graduados-sociales-denuncia-la-sobrecarga-normativa-y-la-presion-en-la-profesion\/\">LLEGIR NOT\u00cdCIA<\/a><\/div>\n<\/div>\n","protected":false},"excerpt":{"rendered":"<p>L\u2019Il\u00b7lustre Col\u00b7legi Oficial de Graduats Socials de les Illes Balears d\u00f3na suport sense reserves a la den\u00fancia p\u00fablica formulada pel Consell General de Graduats Socials d\u2019Espanya davant la sobrec\u00e0rrega normativa, la multiplicaci\u00f3 de notificacions i els terminis impossibles que estan abocant la professi\u00f3 a una situaci\u00f3 l\u00edmit. \u00abNo estem desbordats: estem tips i exhausts\u00bb, ha [&hellip;]<\/p>\n","protected":false},"author":680,"featured_media":20973,"comment_status":"closed","ping_status":"closed","sticky":false,"template":"","format":"standard","meta":{"_monsterinsights_skip_tracking":false,"footnotes":"","_members_access_role":[],"_members_access_error":""},"categories":[314],"tags":[],"class_list":["post-20935","post","type-post","status-publish","format-standard","has-post-thumbnail","hentry","category-noticies-generals"],"desde":null,"hasta":null,"texto_circular":null,"hora_envio":null,"texto_ciruclar":null,"texto-circular":null,"asunto_circular":null,"documentos":null,"lugar_del_evento":null,"texto_fechas_":null,"envio_circular":null,"enviar_newsletter":null,"fecha_envio":null,"estado_envio":null,"destinatarios":null,"demarcaciones":null,"pendiente":null,"_links":{"self":[{"href":"https:\/\/cgsbaleares.com\/ca\/wp-json\/wp\/v2\/posts\/20935","targetHints":{"allow":["GET"]}}],"collection":[{"href":"https:\/\/cgsbaleares.com\/ca\/wp-json\/wp\/v2\/posts"}],"about":[{"href":"https:\/\/cgsbaleares.com\/ca\/wp-json\/wp\/v2\/types\/post"}],"author":[{"embeddable":true,"href":"https:\/\/cgsbaleares.com\/ca\/wp-json\/wp\/v2\/users\/680"}],"replies":[{"embeddable":true,"href":"https:\/\/cgsbaleares.com\/ca\/wp-json\/wp\/v2\/comments?post=20935"}],"version-history":[{"count":7,"href":"https:\/\/cgsbaleares.com\/ca\/wp-json\/wp\/v2\/posts\/20935\/revisions"}],"predecessor-version":[{"id":21017,"href":"https:\/\/cgsbaleares.com\/ca\/wp-json\/wp\/v2\/posts\/20935\/revisions\/21017"}],"wp:featuredmedia":[{"embeddable":true,"href":"https:\/\/cgsbaleares.com\/ca\/wp-json\/wp\/v2\/media\/20973"}],"wp:attachment":[{"href":"https:\/\/cgsbaleares.com\/ca\/wp-json\/wp\/v2\/media?parent=20935"}],"wp:term":[{"taxonomy":"category","embeddable":true,"href":"https:\/\/cgsbaleares.com\/ca\/wp-json\/wp\/v2\/categories?post=20935"},{"taxonomy":"post_tag","embeddable":true,"href":"https:\/\/cgsbaleares.com\/ca\/wp-json\/wp\/v2\/tags?post=20935"}],"curies":[{"name":"wp","href":"https:\/\/api.w.org\/{rel}","templated":true}]}}