{"id":21121,"date":"2025-09-05T09:40:40","date_gmt":"2025-09-05T07:40:40","guid":{"rendered":"https:\/\/cgsbaleares.com\/?p=21121"},"modified":"2025-09-05T09:43:11","modified_gmt":"2025-09-05T07:43:11","slug":"reunio-institucional-amb-la-direccio-general-de-treball-i-salut-laboral","status":"publish","type":"post","link":"https:\/\/cgsbaleares.com\/ca\/reunio-institucional-amb-la-direccio-general-de-treball-i-salut-laboral\/","title":{"rendered":"Reuni\u00f3 institucional amb la Direcci\u00f3 General de Treball i Salut Laboral"},"content":{"rendered":"\n<p>El dijous 4 de setembre, l\u2019Il\u00b7lustre Col\u00b7legi Oficial de Graduats Socials de les Illes Balears va celebrar el seu primer acte institucional despr\u00e9s de l\u2019estiu amb una reuni\u00f3 amb la Direcci\u00f3 General de Treball i Salut Laboral.<\/p>\n\n\n\n<p>A la trobada hi participaren, per part del Col\u00b7legi, la presidenta Merc\u00e8 Garc\u00eda, la vicepresidenta Francisca Rufiandis i el tresorer Federico Hermosel. Per part de l\u2019Administraci\u00f3 hi assist\u00ed la directora general de Treball i Funci\u00f3 P\u00fablica, Mari Luz Moreno, qui ha assumit recentment aquesta nova responsabilitat institucional.<\/p>\n\n\n\n<p>La reuni\u00f3 tenia com a objectiu establir un primer contacte institucional amb la directora general en la seva nova responsabilitat, iva permetre refor\u00e7ar la col\u00b7laboraci\u00f3 entre ambdues institucions aix\u00ed com tractar abordar temes d\u2019inter\u00e8s com\u00fa en mat\u00e8ria laboral i de funci\u00f3 p\u00fablica.<\/p>\n\n\n\n<p><\/p>\n","protected":false},"excerpt":{"rendered":"<p>El dijous 4 de setembre, l\u2019Il\u00b7lustre Col\u00b7legi Oficial de Graduats Socials de les Illes Balears va celebrar el seu primer acte institucional despr\u00e9s de l\u2019estiu amb una reuni\u00f3 amb la Direcci\u00f3 General de Treball i Salut Laboral. A la trobada hi participaren, per part del Col\u00b7legi, la presidenta Merc\u00e8 Garc\u00eda, la vicepresidenta Francisca Rufiandis i [&hellip;]<\/p>\n","protected":false},"author":677,"featured_media":21140,"comment_status":"open","ping_status":"open","sticky":false,"template":"","format":"standard","meta":{"_monsterinsights_skip_tracking":false,"footnotes":"","_members_access_role":[],"_members_access_error":""},"categories":[314],"tags":[],"class_list":["post-21121","post","type-post","status-publish","format-standard","has-post-thumbnail","hentry","category-noticies-generals"],"desde":null,"hasta":null,"texto_circular":null,"hora_envio":null,"texto_ciruclar":null,"texto-circular":null,"asunto_circular":null,"documentos":null,"lugar_del_evento":null,"texto_fechas_":null,"envio_circular":null,"enviar_newsletter":null,"fecha_envio":null,"estado_envio":null,"destinatarios":null,"demarcaciones":null,"pendiente":null,"_links":{"self":[{"href":"https:\/\/cgsbaleares.com\/ca\/wp-json\/wp\/v2\/posts\/21121","targetHints":{"allow":["GET"]}}],"collection":[{"href":"https:\/\/cgsbaleares.com\/ca\/wp-json\/wp\/v2\/posts"}],"about":[{"href":"https:\/\/cgsbaleares.com\/ca\/wp-json\/wp\/v2\/types\/post"}],"author":[{"embeddable":true,"href":"https:\/\/cgsbaleares.com\/ca\/wp-json\/wp\/v2\/users\/677"}],"replies":[{"embeddable":true,"href":"https:\/\/cgsbaleares.com\/ca\/wp-json\/wp\/v2\/comments?post=21121"}],"version-history":[{"count":2,"href":"https:\/\/cgsbaleares.com\/ca\/wp-json\/wp\/v2\/posts\/21121\/revisions"}],"predecessor-version":[{"id":21123,"href":"https:\/\/cgsbaleares.com\/ca\/wp-json\/wp\/v2\/posts\/21121\/revisions\/21123"}],"wp:featuredmedia":[{"embeddable":true,"href":"https:\/\/cgsbaleares.com\/ca\/wp-json\/wp\/v2\/media\/21140"}],"wp:attachment":[{"href":"https:\/\/cgsbaleares.com\/ca\/wp-json\/wp\/v2\/media?parent=21121"}],"wp:term":[{"taxonomy":"category","embeddable":true,"href":"https:\/\/cgsbaleares.com\/ca\/wp-json\/wp\/v2\/categories?post=21121"},{"taxonomy":"post_tag","embeddable":true,"href":"https:\/\/cgsbaleares.com\/ca\/wp-json\/wp\/v2\/tags?post=21121"}],"curies":[{"name":"wp","href":"https:\/\/api.w.org\/{rel}","templated":true}]}}