{"id":21467,"date":"2025-09-11T09:09:55","date_gmt":"2025-09-11T07:09:55","guid":{"rendered":"https:\/\/cgsbaleares.com\/?p=21467"},"modified":"2025-09-12T09:12:38","modified_gmt":"2025-09-12T07:12:38","slug":"la-presidenta-assisteix-a-la-seu-de-lorganitzacio-internacional-del-treball-a-ginebra","status":"publish","type":"post","link":"https:\/\/cgsbaleares.com\/ca\/la-presidenta-assisteix-a-la-seu-de-lorganitzacio-internacional-del-treball-a-ginebra\/","title":{"rendered":"La presidenta assisteix a la seu de l\u2019Organitzaci\u00f3 Internacional del Treball a Ginebra"},"content":{"rendered":"\n<p><\/p>\n\n\n\n<p>En el marc del Centenari de la professi\u00f3, la presidenta de l\u2019Il\u00b7lustre Col\u00b7legi Oficial de Graduats Socials de les Illes Balears, Merc\u00e8 Garc\u00eda Mill\u00e1n, va participar el 10 de setembre a Ginebra en la visita institucional a la seu de l\u2019Organitzaci\u00f3 Internacional del Treball (OIT). La delegaci\u00f3 va estar encap\u00e7alada pel president del Consell General, Joaqu\u00edn Merch\u00e1n Bermejo, i integrada per membres de la Comissi\u00f3 Permanent i presidents de Col\u00b7legis de tot Espanya.<\/p>\n\n\n\n<p>Aquest acte, de car\u00e0cter hist\u00f2ric, suposa la primera intervenci\u00f3 oficial dels Graduats Socials davant l\u2019OIT, instituci\u00f3 de refer\u00e8ncia mundial en mat\u00e8ria de relacions laborals i just\u00edcia social. La delegaci\u00f3 va presentar una agenda compartida orientada al treball decent, la just\u00edcia social, la igualtat d\u2019oportunitats, la conciliaci\u00f3 i la modernitzaci\u00f3 del mercat laboral, amb especial atenci\u00f3 als reptes derivats de la digitalitzaci\u00f3 i de les noves formes d\u2019ocupaci\u00f3.<\/p>\n\n\n\n<p>La visita subratlla la projecci\u00f3 internacional de la professi\u00f3 en l\u2019any del Centenari i recorda que la tasca del Graduat Social transcendeix l\u2019\u00e0mbit nacional. Dur la veu de la col\u00b7legiaci\u00f3 a Ginebra refor\u00e7a el comprom\u00eds amb la dignitat en l\u2019ocupaci\u00f3 i amb societats m\u00e9s equitatives, alineades amb els est\u00e0ndards i principis promoguts per l\u2019OIT. Tal com va subratllar Joaqu\u00edn Merch\u00e1n en la seva intervenci\u00f3, \u201cel treball decent \u00e9s el paradigma de la just\u00edcia social, i els Graduats Socials en som els defensors\u201d.<\/p>\n\n\n\n<figure class=\"wp-block-image size-large\"><img fetchpriority=\"high\" decoding=\"async\" width=\"1024\" height=\"537\" src=\"https:\/\/cgsbaleares.com\/wp-content\/uploads\/2025\/09\/foto2-1-1024x537.jpg\" alt=\"\" class=\"wp-image-21468\" srcset=\"https:\/\/cgsbaleares.com\/wp-content\/uploads\/2025\/09\/foto2-1-1024x537.jpg 1024w, https:\/\/cgsbaleares.com\/wp-content\/uploads\/2025\/09\/foto2-1-300x157.jpg 300w, https:\/\/cgsbaleares.com\/wp-content\/uploads\/2025\/09\/foto2-1-768x403.jpg 768w, https:\/\/cgsbaleares.com\/wp-content\/uploads\/2025\/09\/foto2-1-1536x805.jpg 1536w, https:\/\/cgsbaleares.com\/wp-content\/uploads\/2025\/09\/foto2-1.jpg 1600w\" sizes=\"(max-width: 1024px) 100vw, 1024px\" \/><\/figure>\n","protected":false},"excerpt":{"rendered":"<p>En el marc del Centenari de la professi\u00f3, la presidenta de l\u2019Il\u00b7lustre Col\u00b7legi Oficial de Graduats Socials de les Illes Balears, Merc\u00e8 Garc\u00eda Mill\u00e1n, va participar el 10 de setembre a Ginebra en la visita institucional a la seu de l\u2019Organitzaci\u00f3 Internacional del Treball (OIT). La delegaci\u00f3 va estar encap\u00e7alada pel president del Consell General, [&hellip;]<\/p>\n","protected":false},"author":677,"featured_media":21462,"comment_status":"open","ping_status":"open","sticky":false,"template":"","format":"standard","meta":{"_monsterinsights_skip_tracking":false,"footnotes":"","_members_access_role":[],"_members_access_error":""},"categories":[314],"tags":[],"class_list":["post-21467","post","type-post","status-publish","format-standard","has-post-thumbnail","hentry","category-noticies-generals"],"desde":null,"hasta":null,"texto_circular":null,"hora_envio":null,"texto_ciruclar":null,"texto-circular":null,"asunto_circular":null,"documentos":null,"lugar_del_evento":null,"texto_fechas_":null,"envio_circular":null,"enviar_newsletter":null,"fecha_envio":null,"estado_envio":null,"destinatarios":null,"demarcaciones":null,"pendiente":null,"_links":{"self":[{"href":"https:\/\/cgsbaleares.com\/ca\/wp-json\/wp\/v2\/posts\/21467","targetHints":{"allow":["GET"]}}],"collection":[{"href":"https:\/\/cgsbaleares.com\/ca\/wp-json\/wp\/v2\/posts"}],"about":[{"href":"https:\/\/cgsbaleares.com\/ca\/wp-json\/wp\/v2\/types\/post"}],"author":[{"embeddable":true,"href":"https:\/\/cgsbaleares.com\/ca\/wp-json\/wp\/v2\/users\/677"}],"replies":[{"embeddable":true,"href":"https:\/\/cgsbaleares.com\/ca\/wp-json\/wp\/v2\/comments?post=21467"}],"version-history":[{"count":2,"href":"https:\/\/cgsbaleares.com\/ca\/wp-json\/wp\/v2\/posts\/21467\/revisions"}],"predecessor-version":[{"id":21471,"href":"https:\/\/cgsbaleares.com\/ca\/wp-json\/wp\/v2\/posts\/21467\/revisions\/21471"}],"wp:featuredmedia":[{"embeddable":true,"href":"https:\/\/cgsbaleares.com\/ca\/wp-json\/wp\/v2\/media\/21462"}],"wp:attachment":[{"href":"https:\/\/cgsbaleares.com\/ca\/wp-json\/wp\/v2\/media?parent=21467"}],"wp:term":[{"taxonomy":"category","embeddable":true,"href":"https:\/\/cgsbaleares.com\/ca\/wp-json\/wp\/v2\/categories?post=21467"},{"taxonomy":"post_tag","embeddable":true,"href":"https:\/\/cgsbaleares.com\/ca\/wp-json\/wp\/v2\/tags?post=21467"}],"curies":[{"name":"wp","href":"https:\/\/api.w.org\/{rel}","templated":true}]}}