{"id":21500,"date":"2025-09-12T13:54:54","date_gmt":"2025-09-12T11:54:54","guid":{"rendered":"https:\/\/cgsbaleares.com\/?p=21500"},"modified":"2025-09-12T14:03:08","modified_gmt":"2025-09-12T12:03:08","slug":"acte-de-presentacio-de-la-comissio-digualtat","status":"publish","type":"post","link":"https:\/\/cgsbaleares.com\/ca\/acte-de-presentacio-de-la-comissio-digualtat\/","title":{"rendered":"Acte de presentaci\u00f3 de la Comissi\u00f3 d\u2019Igualtat"},"content":{"rendered":"\n<p>L\u2019Il\u00b7lustre Col\u00b7legi Oficial de Graduats Socials de les Illes Balears t\u00e9 el plaer d\u2019anunciar la celebraci\u00f3 de l\u2019acte de presentaci\u00f3 de la Comissi\u00f3 d\u2019Igualtat, que tindr\u00e0 lloc el proper dijous, 18 de setembre de 2025, a la seu col\u00b7legial (c\/ Parellades 12-A, Palma), de 16.30 h a 18.30 h.<\/p>\n\n\n\n<p>La jornada comptar\u00e0 amb dos ponents de gran prestigi: la Dra. Caterina Canyelles i Gamund\u00ed, antrop\u00f2loga i professora, que presentar\u00e0 el seu llibre \u00abMachismo y cultura jur\u00eddica\u00bb, i el magistrat de l\u2019Audi\u00e8ncia de Balears, Carlos Alberto Izquierdo T\u00e9llez, que participar\u00e0 a la taula rodona posterior.<\/p>\n\n\n\n<p>Programa<\/p>\n\n\n\n<ul class=\"wp-block-list\">\n<li>Inauguraci\u00f3 i benvinguda de la Comissi\u00f3 d\u2019Igualtat.<\/li>\n\n\n\n<li>Presentaci\u00f3 del llibre \u00abMachismo y cultura jur\u00eddica\u00bb, de Caterina Canyelles i Gamund\u00ed.<\/li>\n\n\n\n<li>Taula rodona sobre el llibre i la situaci\u00f3 actual de la Igualtat en refer\u00e8ncia als Graduats Socials a Balears.<\/li>\n<\/ul>\n\n\n\n<p>Aquest acte, obert a tot el p\u00fablic i en modalitat exclusivament presencial, ser\u00e0 gratu\u00eft.<\/p>\n\n\n\n<p>Amb aquesta iniciativa, el Col\u00b7legi de Graduats Socials de Balears referma el seu comprom\u00eds amb la igualtat d\u2019oportunitats, la reflexi\u00f3 cr\u00edtica i l\u2019impuls d\u2019un espai de di\u00e0leg en benefici de la professi\u00f3 i de la societat.<\/p>\n","protected":false},"excerpt":{"rendered":"<p>L\u2019Il\u00b7lustre Col\u00b7legi Oficial de Graduats Socials de les Illes Balears t\u00e9 el plaer d\u2019anunciar la celebraci\u00f3 de l\u2019acte de presentaci\u00f3 de la Comissi\u00f3 d\u2019Igualtat, que tindr\u00e0 lloc el proper dijous, 18 de setembre de 2025, a la seu col\u00b7legial (c\/ Parellades 12-A, Palma), de 16.30 h a 18.30 h. La jornada comptar\u00e0 amb dos ponents [&hellip;]<\/p>\n","protected":false},"author":677,"featured_media":22168,"comment_status":"closed","ping_status":"closed","sticky":false,"template":"","format":"standard","meta":{"_monsterinsights_skip_tracking":false,"_monsterinsights_sitenote_active":false,"_monsterinsights_sitenote_note":"","_monsterinsights_sitenote_category":0,"_uf_show_specific_survey":0,"_uf_disable_surveys":false,"_jet_sm_ready_style":"","_jet_sm_style":"","_jet_sm_controls_values":"","_jet_sm_fonts_collection":"","_jet_sm_fonts_links":"","footnotes":""},"categories":[317],"tags":[],"class_list":["post-21500","post","type-post","status-publish","format-standard","has-post-thumbnail","hentry","category-cursos-i-formacio"],"desde":null,"hasta":null,"texto_circular":null,"hora_envio":null,"texto_ciruclar":null,"texto-circular":null,"asunto_circular":null,"documentos":null,"lugar_del_evento":null,"texto_fechas_":null,"envio_circular":null,"enviar_newsletter":null,"fecha_envio":null,"estado_envio":null,"destinatarios":null,"demarcaciones":null,"pendiente":null,"yoast_head":"<!-- This site is optimized with the Yoast SEO plugin v27.5 - https:\/\/yoast.com\/product\/yoast-seo-wordpress\/ -->\n<title>Acte de presentaci\u00f3 de la Comissi\u00f3 d\u2019Igualtat - Il\u00b7lustre Col\u00b7legi Oficial de Graduats Socials de le Illes Balears<\/title>\n<meta name=\"robots\" content=\"index, follow, max-snippet:-1, max-image-preview:large, max-video-preview:-1\" \/>\n<link rel=\"canonical\" href=\"https:\/\/cgsbaleares.com\/ca\/acte-de-presentacio-de-la-comissio-digualtat\/\" \/>\n<meta property=\"og:locale\" content=\"ca_ES\" \/>\n<meta property=\"og:type\" content=\"article\" \/>\n<meta property=\"og:title\" content=\"Acte de presentaci\u00f3 de la Comissi\u00f3 d\u2019Igualtat - Il\u00b7lustre Col\u00b7legi Oficial de Graduats Socials de le Illes Balears\" \/>\n<meta property=\"og:description\" content=\"L\u2019Il\u00b7lustre Col\u00b7legi Oficial de Graduats Socials de les Illes Balears t\u00e9 el plaer d\u2019anunciar la celebraci\u00f3 de l\u2019acte de presentaci\u00f3 de la Comissi\u00f3 d\u2019Igualtat, que tindr\u00e0 lloc el proper dijous, 18 de setembre de 2025, a la seu col\u00b7legial (c\/ Parellades 12-A, Palma), de 16.30 h a 18.30 h. La jornada comptar\u00e0 amb dos ponents [&hellip;]\" \/>\n<meta property=\"og:url\" content=\"https:\/\/cgsbaleares.com\/ca\/acte-de-presentacio-de-la-comissio-digualtat\/\" \/>\n<meta property=\"og:site_name\" content=\"Il\u00b7lustre Col\u00b7legi Oficial de Graduats Socials de le Illes Balears\" \/>\n<meta property=\"article:publisher\" content=\"https:\/\/www.facebook.com\/graduadossocialesbaleares\" \/>\n<meta property=\"article:published_time\" content=\"2025-09-12T11:54:54+00:00\" \/>\n<meta property=\"article:modified_time\" content=\"2025-09-12T12:03:08+00:00\" \/>\n<meta property=\"og:image\" content=\"https:\/\/cgsbaleares.com\/wp-content\/uploads\/2025\/09\/18-septiembre_conferencia_igualdad_GSIB.jpg\" \/>\n\t<meta property=\"og:image:width\" content=\"1600\" \/>\n\t<meta property=\"og:image:height\" content=\"1071\" \/>\n\t<meta property=\"og:image:type\" content=\"image\/jpeg\" \/>\n<meta name=\"author\" content=\"Juan Fiol Alemany\" \/>\n<meta name=\"twitter:card\" content=\"summary_large_image\" \/>\n<meta name=\"twitter:creator\" content=\"@cgsbaleares\" \/>\n<meta name=\"twitter:site\" content=\"@cgsbaleares\" \/>\n<meta name=\"twitter:label1\" content=\"Escrit per\" \/>\n\t<meta name=\"twitter:data1\" content=\"Juan Fiol Alemany\" \/>\n\t<meta name=\"twitter:label2\" content=\"Temps estimat de lectura\" \/>\n\t<meta name=\"twitter:data2\" content=\"2 minuts\" \/>\n<script type=\"application\/ld+json\" class=\"yoast-schema-graph\">{\"@context\":\"https:\\\/\\\/schema.org\",\"@graph\":[{\"@type\":\"Article\",\"@id\":\"https:\\\/\\\/cgsbaleares.com\\\/ca\\\/acte-de-presentacio-de-la-comissio-digualtat\\\/#article\",\"isPartOf\":{\"@id\":\"https:\\\/\\\/cgsbaleares.com\\\/ca\\\/acte-de-presentacio-de-la-comissio-digualtat\\\/\"},\"author\":{\"name\":\"Juan Fiol Alemany\",\"@id\":\"http:\\\/\\\/cgsbaleares.com\\\/#\\\/schema\\\/person\\\/7b75e24dfcb0b9f1376ec78afc253cd4\"},\"headline\":\"Acte de presentaci\u00f3 de la Comissi\u00f3 d\u2019Igualtat\",\"datePublished\":\"2025-09-12T11:54:54+00:00\",\"dateModified\":\"2025-09-12T12:03:08+00:00\",\"mainEntityOfPage\":{\"@id\":\"https:\\\/\\\/cgsbaleares.com\\\/ca\\\/acte-de-presentacio-de-la-comissio-digualtat\\\/\"},\"wordCount\":211,\"publisher\":{\"@id\":\"http:\\\/\\\/cgsbaleares.com\\\/#organization\"},\"image\":{\"@id\":\"https:\\\/\\\/cgsbaleares.com\\\/ca\\\/acte-de-presentacio-de-la-comissio-digualtat\\\/#primaryimage\"},\"thumbnailUrl\":\"https:\\\/\\\/cgsbaleares.com\\\/wp-content\\\/uploads\\\/2025\\\/09\\\/18-septiembre_conferencia_igualdad_GSIB.jpg\",\"articleSection\":[\"Cursos i formaci\u00f3\"],\"inLanguage\":\"ca\"},{\"@type\":\"WebPage\",\"@id\":\"https:\\\/\\\/cgsbaleares.com\\\/ca\\\/acte-de-presentacio-de-la-comissio-digualtat\\\/\",\"url\":\"https:\\\/\\\/cgsbaleares.com\\\/ca\\\/acte-de-presentacio-de-la-comissio-digualtat\\\/\",\"name\":\"Acte de presentaci\u00f3 de la Comissi\u00f3 d\u2019Igualtat - Il\u00b7lustre Col\u00b7legi Oficial de Graduats Socials de le Illes Balears\",\"isPartOf\":{\"@id\":\"http:\\\/\\\/cgsbaleares.com\\\/#website\"},\"primaryImageOfPage\":{\"@id\":\"https:\\\/\\\/cgsbaleares.com\\\/ca\\\/acte-de-presentacio-de-la-comissio-digualtat\\\/#primaryimage\"},\"image\":{\"@id\":\"https:\\\/\\\/cgsbaleares.com\\\/ca\\\/acte-de-presentacio-de-la-comissio-digualtat\\\/#primaryimage\"},\"thumbnailUrl\":\"https:\\\/\\\/cgsbaleares.com\\\/wp-content\\\/uploads\\\/2025\\\/09\\\/18-septiembre_conferencia_igualdad_GSIB.jpg\",\"datePublished\":\"2025-09-12T11:54:54+00:00\",\"dateModified\":\"2025-09-12T12:03:08+00:00\",\"breadcrumb\":{\"@id\":\"https:\\\/\\\/cgsbaleares.com\\\/ca\\\/acte-de-presentacio-de-la-comissio-digualtat\\\/#breadcrumb\"},\"inLanguage\":\"ca\",\"potentialAction\":[{\"@type\":\"ReadAction\",\"target\":[\"https:\\\/\\\/cgsbaleares.com\\\/ca\\\/acte-de-presentacio-de-la-comissio-digualtat\\\/\"]}]},{\"@type\":\"ImageObject\",\"inLanguage\":\"ca\",\"@id\":\"https:\\\/\\\/cgsbaleares.com\\\/ca\\\/acte-de-presentacio-de-la-comissio-digualtat\\\/#primaryimage\",\"url\":\"https:\\\/\\\/cgsbaleares.com\\\/wp-content\\\/uploads\\\/2025\\\/09\\\/18-septiembre_conferencia_igualdad_GSIB.jpg\",\"contentUrl\":\"https:\\\/\\\/cgsbaleares.com\\\/wp-content\\\/uploads\\\/2025\\\/09\\\/18-septiembre_conferencia_igualdad_GSIB.jpg\",\"width\":1600,\"height\":1071},{\"@type\":\"BreadcrumbList\",\"@id\":\"https:\\\/\\\/cgsbaleares.com\\\/ca\\\/acte-de-presentacio-de-la-comissio-digualtat\\\/#breadcrumb\",\"itemListElement\":[{\"@type\":\"ListItem\",\"position\":1,\"name\":\"Portada\",\"item\":\"http:\\\/\\\/cgsbaleares.com\\\/ca\\\/\"},{\"@type\":\"ListItem\",\"position\":2,\"name\":\"Acte de presentaci\u00f3 de la Comissi\u00f3 d\u2019Igualtat\"}]},{\"@type\":\"WebSite\",\"@id\":\"http:\\\/\\\/cgsbaleares.com\\\/#website\",\"url\":\"http:\\\/\\\/cgsbaleares.com\\\/\",\"name\":\"Il\u00b7ustre Col\u00b7legi Oficial de Graduats Socials de le Illes Balears\",\"description\":\"Il\u00b7lustre Col\u00b7legi Oficial de Graduats Socials de les Illes Balears\",\"publisher\":{\"@id\":\"http:\\\/\\\/cgsbaleares.com\\\/#organization\"},\"potentialAction\":[{\"@type\":\"SearchAction\",\"target\":{\"@type\":\"EntryPoint\",\"urlTemplate\":\"http:\\\/\\\/cgsbaleares.com\\\/?s={search_term_string}\"},\"query-input\":{\"@type\":\"PropertyValueSpecification\",\"valueRequired\":true,\"valueName\":\"search_term_string\"}}],\"inLanguage\":\"ca\"},{\"@type\":\"Organization\",\"@id\":\"http:\\\/\\\/cgsbaleares.com\\\/#organization\",\"name\":\"Il\u00b7ustre Col\u00b7legi Oficial de Graduats Socials de le Illes Balears\",\"url\":\"http:\\\/\\\/cgsbaleares.com\\\/\",\"logo\":{\"@type\":\"ImageObject\",\"inLanguage\":\"ca\",\"@id\":\"http:\\\/\\\/cgsbaleares.com\\\/#\\\/schema\\\/logo\\\/image\\\/\",\"url\":\"https:\\\/\\\/cgsbaleares.com\\\/wp-content\\\/uploads\\\/2024\\\/08\\\/CGS_logo_baleares_500x152.png\",\"contentUrl\":\"https:\\\/\\\/cgsbaleares.com\\\/wp-content\\\/uploads\\\/2024\\\/08\\\/CGS_logo_baleares_500x152.png\",\"width\":500,\"height\":152,\"caption\":\"Il\u00b7ustre Col\u00b7legi Oficial de Graduats Socials de le Illes Balears\"},\"image\":{\"@id\":\"http:\\\/\\\/cgsbaleares.com\\\/#\\\/schema\\\/logo\\\/image\\\/\"},\"sameAs\":[\"https:\\\/\\\/www.facebook.com\\\/graduadossocialesbaleares\",\"https:\\\/\\\/x.com\\\/cgsbaleares\",\"https:\\\/\\\/www.instagram.com\\\/cgsbaleares\\\/\",\"https:\\\/\\\/www.linkedin.com\\\/company\\\/cgsbaleares\\\/\"]},{\"@type\":\"Person\",\"@id\":\"http:\\\/\\\/cgsbaleares.com\\\/#\\\/schema\\\/person\\\/7b75e24dfcb0b9f1376ec78afc253cd4\",\"name\":\"Juan Fiol Alemany\",\"image\":{\"@type\":\"ImageObject\",\"inLanguage\":\"ca\",\"@id\":\"https:\\\/\\\/secure.gravatar.com\\\/avatar\\\/9569b8e61fcb5be8918bb8ea705df8ad474ba356ff9e971390314751e816c08d?s=96&d=mm&r=g\",\"url\":\"https:\\\/\\\/secure.gravatar.com\\\/avatar\\\/9569b8e61fcb5be8918bb8ea705df8ad474ba356ff9e971390314751e816c08d?s=96&d=mm&r=g\",\"contentUrl\":\"https:\\\/\\\/secure.gravatar.com\\\/avatar\\\/9569b8e61fcb5be8918bb8ea705df8ad474ba356ff9e971390314751e816c08d?s=96&d=mm&r=g\",\"caption\":\"Juan Fiol Alemany\"},\"url\":\"https:\\\/\\\/cgsbaleares.com\\\/ca\\\/colegiado\\\/juan-fiol-alemany\\\/\"}]}<\/script>\n<!-- \/ Yoast SEO plugin. -->","yoast_head_json":{"title":"Acte de presentaci\u00f3 de la Comissi\u00f3 d\u2019Igualtat - Il\u00b7lustre Col\u00b7legi Oficial de Graduats Socials de le Illes Balears","robots":{"index":"index","follow":"follow","max-snippet":"max-snippet:-1","max-image-preview":"max-image-preview:large","max-video-preview":"max-video-preview:-1"},"canonical":"https:\/\/cgsbaleares.com\/ca\/acte-de-presentacio-de-la-comissio-digualtat\/","og_locale":"ca_ES","og_type":"article","og_title":"Acte de presentaci\u00f3 de la Comissi\u00f3 d\u2019Igualtat - Il\u00b7lustre Col\u00b7legi Oficial de Graduats Socials de le Illes Balears","og_description":"L\u2019Il\u00b7lustre Col\u00b7legi Oficial de Graduats Socials de les Illes Balears t\u00e9 el plaer d\u2019anunciar la celebraci\u00f3 de l\u2019acte de presentaci\u00f3 de la Comissi\u00f3 d\u2019Igualtat, que tindr\u00e0 lloc el proper dijous, 18 de setembre de 2025, a la seu col\u00b7legial (c\/ Parellades 12-A, Palma), de 16.30 h a 18.30 h. La jornada comptar\u00e0 amb dos ponents [&hellip;]","og_url":"https:\/\/cgsbaleares.com\/ca\/acte-de-presentacio-de-la-comissio-digualtat\/","og_site_name":"Il\u00b7lustre Col\u00b7legi Oficial de Graduats Socials de le Illes Balears","article_publisher":"https:\/\/www.facebook.com\/graduadossocialesbaleares","article_published_time":"2025-09-12T11:54:54+00:00","article_modified_time":"2025-09-12T12:03:08+00:00","og_image":[{"width":1600,"height":1071,"url":"https:\/\/cgsbaleares.com\/wp-content\/uploads\/2025\/09\/18-septiembre_conferencia_igualdad_GSIB.jpg","type":"image\/jpeg"}],"author":"Juan Fiol Alemany","twitter_card":"summary_large_image","twitter_creator":"@cgsbaleares","twitter_site":"@cgsbaleares","twitter_misc":{"Escrit per":"Juan Fiol Alemany","Temps estimat de lectura":"2 minuts"},"schema":{"@context":"https:\/\/schema.org","@graph":[{"@type":"Article","@id":"https:\/\/cgsbaleares.com\/ca\/acte-de-presentacio-de-la-comissio-digualtat\/#article","isPartOf":{"@id":"https:\/\/cgsbaleares.com\/ca\/acte-de-presentacio-de-la-comissio-digualtat\/"},"author":{"name":"Juan Fiol Alemany","@id":"http:\/\/cgsbaleares.com\/#\/schema\/person\/7b75e24dfcb0b9f1376ec78afc253cd4"},"headline":"Acte de presentaci\u00f3 de la Comissi\u00f3 d\u2019Igualtat","datePublished":"2025-09-12T11:54:54+00:00","dateModified":"2025-09-12T12:03:08+00:00","mainEntityOfPage":{"@id":"https:\/\/cgsbaleares.com\/ca\/acte-de-presentacio-de-la-comissio-digualtat\/"},"wordCount":211,"publisher":{"@id":"http:\/\/cgsbaleares.com\/#organization"},"image":{"@id":"https:\/\/cgsbaleares.com\/ca\/acte-de-presentacio-de-la-comissio-digualtat\/#primaryimage"},"thumbnailUrl":"https:\/\/cgsbaleares.com\/wp-content\/uploads\/2025\/09\/18-septiembre_conferencia_igualdad_GSIB.jpg","articleSection":["Cursos i formaci\u00f3"],"inLanguage":"ca"},{"@type":"WebPage","@id":"https:\/\/cgsbaleares.com\/ca\/acte-de-presentacio-de-la-comissio-digualtat\/","url":"https:\/\/cgsbaleares.com\/ca\/acte-de-presentacio-de-la-comissio-digualtat\/","name":"Acte de presentaci\u00f3 de la Comissi\u00f3 d\u2019Igualtat - Il\u00b7lustre Col\u00b7legi Oficial de Graduats Socials de le Illes Balears","isPartOf":{"@id":"http:\/\/cgsbaleares.com\/#website"},"primaryImageOfPage":{"@id":"https:\/\/cgsbaleares.com\/ca\/acte-de-presentacio-de-la-comissio-digualtat\/#primaryimage"},"image":{"@id":"https:\/\/cgsbaleares.com\/ca\/acte-de-presentacio-de-la-comissio-digualtat\/#primaryimage"},"thumbnailUrl":"https:\/\/cgsbaleares.com\/wp-content\/uploads\/2025\/09\/18-septiembre_conferencia_igualdad_GSIB.jpg","datePublished":"2025-09-12T11:54:54+00:00","dateModified":"2025-09-12T12:03:08+00:00","breadcrumb":{"@id":"https:\/\/cgsbaleares.com\/ca\/acte-de-presentacio-de-la-comissio-digualtat\/#breadcrumb"},"inLanguage":"ca","potentialAction":[{"@type":"ReadAction","target":["https:\/\/cgsbaleares.com\/ca\/acte-de-presentacio-de-la-comissio-digualtat\/"]}]},{"@type":"ImageObject","inLanguage":"ca","@id":"https:\/\/cgsbaleares.com\/ca\/acte-de-presentacio-de-la-comissio-digualtat\/#primaryimage","url":"https:\/\/cgsbaleares.com\/wp-content\/uploads\/2025\/09\/18-septiembre_conferencia_igualdad_GSIB.jpg","contentUrl":"https:\/\/cgsbaleares.com\/wp-content\/uploads\/2025\/09\/18-septiembre_conferencia_igualdad_GSIB.jpg","width":1600,"height":1071},{"@type":"BreadcrumbList","@id":"https:\/\/cgsbaleares.com\/ca\/acte-de-presentacio-de-la-comissio-digualtat\/#breadcrumb","itemListElement":[{"@type":"ListItem","position":1,"name":"Portada","item":"http:\/\/cgsbaleares.com\/ca\/"},{"@type":"ListItem","position":2,"name":"Acte de presentaci\u00f3 de la Comissi\u00f3 d\u2019Igualtat"}]},{"@type":"WebSite","@id":"http:\/\/cgsbaleares.com\/#website","url":"http:\/\/cgsbaleares.com\/","name":"Il\u00b7ustre Col\u00b7legi Oficial de Graduats Socials de le Illes Balears","description":"Il\u00b7lustre Col\u00b7legi Oficial de Graduats Socials de les Illes Balears","publisher":{"@id":"http:\/\/cgsbaleares.com\/#organization"},"potentialAction":[{"@type":"SearchAction","target":{"@type":"EntryPoint","urlTemplate":"http:\/\/cgsbaleares.com\/?s={search_term_string}"},"query-input":{"@type":"PropertyValueSpecification","valueRequired":true,"valueName":"search_term_string"}}],"inLanguage":"ca"},{"@type":"Organization","@id":"http:\/\/cgsbaleares.com\/#organization","name":"Il\u00b7ustre Col\u00b7legi Oficial de Graduats Socials de le Illes Balears","url":"http:\/\/cgsbaleares.com\/","logo":{"@type":"ImageObject","inLanguage":"ca","@id":"http:\/\/cgsbaleares.com\/#\/schema\/logo\/image\/","url":"https:\/\/cgsbaleares.com\/wp-content\/uploads\/2024\/08\/CGS_logo_baleares_500x152.png","contentUrl":"https:\/\/cgsbaleares.com\/wp-content\/uploads\/2024\/08\/CGS_logo_baleares_500x152.png","width":500,"height":152,"caption":"Il\u00b7ustre Col\u00b7legi Oficial de Graduats Socials de le Illes Balears"},"image":{"@id":"http:\/\/cgsbaleares.com\/#\/schema\/logo\/image\/"},"sameAs":["https:\/\/www.facebook.com\/graduadossocialesbaleares","https:\/\/x.com\/cgsbaleares","https:\/\/www.instagram.com\/cgsbaleares\/","https:\/\/www.linkedin.com\/company\/cgsbaleares\/"]},{"@type":"Person","@id":"http:\/\/cgsbaleares.com\/#\/schema\/person\/7b75e24dfcb0b9f1376ec78afc253cd4","name":"Juan Fiol Alemany","image":{"@type":"ImageObject","inLanguage":"ca","@id":"https:\/\/secure.gravatar.com\/avatar\/9569b8e61fcb5be8918bb8ea705df8ad474ba356ff9e971390314751e816c08d?s=96&d=mm&r=g","url":"https:\/\/secure.gravatar.com\/avatar\/9569b8e61fcb5be8918bb8ea705df8ad474ba356ff9e971390314751e816c08d?s=96&d=mm&r=g","contentUrl":"https:\/\/secure.gravatar.com\/avatar\/9569b8e61fcb5be8918bb8ea705df8ad474ba356ff9e971390314751e816c08d?s=96&d=mm&r=g","caption":"Juan Fiol Alemany"},"url":"https:\/\/cgsbaleares.com\/ca\/colegiado\/juan-fiol-alemany\/"}]}},"_links":{"self":[{"href":"https:\/\/cgsbaleares.com\/ca\/wp-json\/wp\/v2\/posts\/21500","targetHints":{"allow":["GET"]}}],"collection":[{"href":"https:\/\/cgsbaleares.com\/ca\/wp-json\/wp\/v2\/posts"}],"about":[{"href":"https:\/\/cgsbaleares.com\/ca\/wp-json\/wp\/v2\/types\/post"}],"author":[{"embeddable":true,"href":"https:\/\/cgsbaleares.com\/ca\/wp-json\/wp\/v2\/users\/677"}],"replies":[{"embeddable":true,"href":"https:\/\/cgsbaleares.com\/ca\/wp-json\/wp\/v2\/comments?post=21500"}],"version-history":[{"count":2,"href":"https:\/\/cgsbaleares.com\/ca\/wp-json\/wp\/v2\/posts\/21500\/revisions"}],"predecessor-version":[{"id":21502,"href":"https:\/\/cgsbaleares.com\/ca\/wp-json\/wp\/v2\/posts\/21500\/revisions\/21502"}],"wp:featuredmedia":[{"embeddable":true,"href":"https:\/\/cgsbaleares.com\/ca\/wp-json\/wp\/v2\/media\/22168"}],"wp:attachment":[{"href":"https:\/\/cgsbaleares.com\/ca\/wp-json\/wp\/v2\/media?parent=21500"}],"wp:term":[{"taxonomy":"category","embeddable":true,"href":"https:\/\/cgsbaleares.com\/ca\/wp-json\/wp\/v2\/categories?post=21500"},{"taxonomy":"post_tag","embeddable":true,"href":"https:\/\/cgsbaleares.com\/ca\/wp-json\/wp\/v2\/tags?post=21500"}],"curies":[{"name":"wp","href":"https:\/\/api.w.org\/{rel}","templated":true}]}}