{"id":21512,"date":"2025-09-12T11:03:58","date_gmt":"2025-09-12T09:03:58","guid":{"rendered":"https:\/\/cgsbaleares.com\/?p=21512"},"modified":"2025-09-12T14:17:31","modified_gmt":"2025-09-12T12:17:31","slug":"el-collegi-acull-la-setena-sessio-del-xiii-forum-aranzadi-social-balears-2025","status":"publish","type":"post","link":"https:\/\/cgsbaleares.com\/ca\/el-collegi-acull-la-setena-sessio-del-xiii-forum-aranzadi-social-balears-2025\/","title":{"rendered":"El Col\u00b7legi acull la setena sessi\u00f3 del XIII F\u00f2rum Aranzadi Social Balears 2025"},"content":{"rendered":"\n<p><\/p>\n\n\n\n<p>El dijous, 11 de setembre, la seu de l\u2019Il\u00b7lustre Col\u00b7legi Oficial de Graduats Socials de les Illes Balears va acollir la setena sessi\u00f3 del XIII F\u00f2rum Aranzadi Social Balears 2025, dedicada a les \u00abQ\u00fcestions d\u2019actualitat en mat\u00e8ria de Dret del Treball\u00bb.<\/p>\n\n\n\n<p>La jornada va comptar amb la participaci\u00f3 del magistrat de la Sala IV del Tribunal Suprem i catedr\u00e0tic de Dret del Treball i de la Seguretat Social, Antonio V. Sempere Navarro, i d\u2019\u00d3scar L\u00f3pez Bermejo, magistrat especialista de la Sala Social del Tribunal Superior de Just\u00edcia d\u2019Andalusia i, actualment, de les Illes Balears, qui va abordar q\u00fcestions de dret processal laboral. Posteriorment, es va tractar la doctrina del Tribunal de Just\u00edcia de la Uni\u00f3 Europea i del Tribunal Constitucional, aix\u00ed com la jurisprud\u00e8ncia m\u00e9s recent del Tribunal Suprem. Aquesta part va comptar amb la intervenci\u00f3 de l\u2019Il\u00b7lm. Sr. Antoni Oliver Reus, president de la Sala Social del Tribunal Superior de Just\u00edcia de les Illes Balears, juntament amb Jes\u00fas Garc\u00eda Garriga, advocat de la Comunitat Aut\u00f2noma de les Illes Balears, que aportaren la seva visi\u00f3 i an\u00e0lisi sobre les resolucions m\u00e9s rellevants.<\/p>\n","protected":false},"excerpt":{"rendered":"<p>El dijous, 11 de setembre, la seu de l\u2019Il\u00b7lustre Col\u00b7legi Oficial de Graduats Socials de les Illes Balears va acollir la setena sessi\u00f3 del XIII F\u00f2rum Aranzadi Social Balears 2025, dedicada a les \u00abQ\u00fcestions d\u2019actualitat en mat\u00e8ria de Dret del Treball\u00bb. La jornada va comptar amb la participaci\u00f3 del magistrat de la Sala IV del [&hellip;]<\/p>\n","protected":false},"author":677,"featured_media":21516,"comment_status":"open","ping_status":"open","sticky":false,"template":"","format":"standard","meta":{"_monsterinsights_skip_tracking":false,"_monsterinsights_sitenote_active":false,"_monsterinsights_sitenote_note":"","_monsterinsights_sitenote_category":0,"_uf_show_specific_survey":0,"_uf_disable_surveys":false,"_jet_sm_ready_style":"","_jet_sm_style":"","_jet_sm_controls_values":"","_jet_sm_fonts_collection":"","_jet_sm_fonts_links":"","footnotes":""},"categories":[317],"tags":[],"class_list":["post-21512","post","type-post","status-publish","format-standard","has-post-thumbnail","hentry","category-cursos-i-formacio"],"desde":null,"hasta":null,"texto_circular":null,"hora_envio":null,"texto_ciruclar":null,"texto-circular":null,"asunto_circular":null,"documentos":null,"lugar_del_evento":null,"texto_fechas_":null,"envio_circular":null,"enviar_newsletter":null,"fecha_envio":null,"estado_envio":null,"destinatarios":null,"demarcaciones":null,"pendiente":null,"yoast_head":"<!-- This site is optimized with the Yoast SEO plugin v27.5 - https:\/\/yoast.com\/product\/yoast-seo-wordpress\/ -->\n<title>El Col\u00b7legi acull la setena sessi\u00f3 del XIII F\u00f2rum Aranzadi Social Balears 2025 - Il\u00b7lustre Col\u00b7legi Oficial de Graduats Socials de le Illes Balears<\/title>\n<meta name=\"robots\" content=\"index, follow, max-snippet:-1, max-image-preview:large, max-video-preview:-1\" \/>\n<link rel=\"canonical\" href=\"https:\/\/cgsbaleares.com\/ca\/el-collegi-acull-la-setena-sessio-del-xiii-forum-aranzadi-social-balears-2025\/\" \/>\n<meta property=\"og:locale\" content=\"ca_ES\" \/>\n<meta property=\"og:type\" content=\"article\" \/>\n<meta property=\"og:title\" content=\"El Col\u00b7legi acull la setena sessi\u00f3 del XIII F\u00f2rum Aranzadi Social Balears 2025 - Il\u00b7lustre Col\u00b7legi Oficial de Graduats Socials de le Illes Balears\" \/>\n<meta property=\"og:description\" content=\"El dijous, 11 de setembre, la seu de l\u2019Il\u00b7lustre Col\u00b7legi Oficial de Graduats Socials de les Illes Balears va acollir la setena sessi\u00f3 del XIII F\u00f2rum Aranzadi Social Balears 2025, dedicada a les \u00abQ\u00fcestions d\u2019actualitat en mat\u00e8ria de Dret del Treball\u00bb. La jornada va comptar amb la participaci\u00f3 del magistrat de la Sala IV del [&hellip;]\" \/>\n<meta property=\"og:url\" content=\"https:\/\/cgsbaleares.com\/ca\/el-collegi-acull-la-setena-sessio-del-xiii-forum-aranzadi-social-balears-2025\/\" \/>\n<meta property=\"og:site_name\" content=\"Il\u00b7lustre Col\u00b7legi Oficial de Graduats Socials de le Illes Balears\" \/>\n<meta property=\"article:publisher\" content=\"https:\/\/www.facebook.com\/graduadossocialesbaleares\" \/>\n<meta property=\"article:published_time\" content=\"2025-09-12T09:03:58+00:00\" \/>\n<meta property=\"article:modified_time\" content=\"2025-09-12T12:17:31+00:00\" \/>\n<meta property=\"og:image\" content=\"https:\/\/cgsbaleares.com\/wp-content\/uploads\/2025\/09\/web2.jpg\" \/>\n\t<meta property=\"og:image:width\" content=\"2048\" \/>\n\t<meta property=\"og:image:height\" content=\"1366\" \/>\n\t<meta property=\"og:image:type\" content=\"image\/jpeg\" \/>\n<meta name=\"author\" content=\"Juan Fiol Alemany\" \/>\n<meta name=\"twitter:card\" content=\"summary_large_image\" \/>\n<meta name=\"twitter:creator\" content=\"@cgsbaleares\" \/>\n<meta name=\"twitter:site\" content=\"@cgsbaleares\" \/>\n<meta name=\"twitter:label1\" content=\"Escrit per\" \/>\n\t<meta name=\"twitter:data1\" content=\"Juan Fiol Alemany\" \/>\n\t<meta name=\"twitter:label2\" content=\"Temps estimat de lectura\" \/>\n\t<meta name=\"twitter:data2\" content=\"2 minuts\" \/>\n<script type=\"application\/ld+json\" class=\"yoast-schema-graph\">{\"@context\":\"https:\\\/\\\/schema.org\",\"@graph\":[{\"@type\":\"Article\",\"@id\":\"https:\\\/\\\/cgsbaleares.com\\\/ca\\\/el-collegi-acull-la-setena-sessio-del-xiii-forum-aranzadi-social-balears-2025\\\/#article\",\"isPartOf\":{\"@id\":\"https:\\\/\\\/cgsbaleares.com\\\/ca\\\/el-collegi-acull-la-setena-sessio-del-xiii-forum-aranzadi-social-balears-2025\\\/\"},\"author\":{\"name\":\"Juan Fiol Alemany\",\"@id\":\"http:\\\/\\\/cgsbaleares.com\\\/#\\\/schema\\\/person\\\/7b75e24dfcb0b9f1376ec78afc253cd4\"},\"headline\":\"El Col\u00b7legi acull la setena sessi\u00f3 del XIII F\u00f2rum Aranzadi Social Balears 2025\",\"datePublished\":\"2025-09-12T09:03:58+00:00\",\"dateModified\":\"2025-09-12T12:17:31+00:00\",\"mainEntityOfPage\":{\"@id\":\"https:\\\/\\\/cgsbaleares.com\\\/ca\\\/el-collegi-acull-la-setena-sessio-del-xiii-forum-aranzadi-social-balears-2025\\\/\"},\"wordCount\":218,\"commentCount\":0,\"publisher\":{\"@id\":\"http:\\\/\\\/cgsbaleares.com\\\/#organization\"},\"image\":{\"@id\":\"https:\\\/\\\/cgsbaleares.com\\\/ca\\\/el-collegi-acull-la-setena-sessio-del-xiii-forum-aranzadi-social-balears-2025\\\/#primaryimage\"},\"thumbnailUrl\":\"https:\\\/\\\/cgsbaleares.com\\\/wp-content\\\/uploads\\\/2025\\\/09\\\/web2.jpg\",\"articleSection\":[\"Cursos i formaci\u00f3\"],\"inLanguage\":\"ca\",\"potentialAction\":[{\"@type\":\"CommentAction\",\"name\":\"Comment\",\"target\":[\"https:\\\/\\\/cgsbaleares.com\\\/ca\\\/el-collegi-acull-la-setena-sessio-del-xiii-forum-aranzadi-social-balears-2025\\\/#respond\"]}]},{\"@type\":\"WebPage\",\"@id\":\"https:\\\/\\\/cgsbaleares.com\\\/ca\\\/el-collegi-acull-la-setena-sessio-del-xiii-forum-aranzadi-social-balears-2025\\\/\",\"url\":\"https:\\\/\\\/cgsbaleares.com\\\/ca\\\/el-collegi-acull-la-setena-sessio-del-xiii-forum-aranzadi-social-balears-2025\\\/\",\"name\":\"El Col\u00b7legi acull la setena sessi\u00f3 del XIII F\u00f2rum Aranzadi Social Balears 2025 - Il\u00b7lustre Col\u00b7legi Oficial de Graduats Socials de le Illes Balears\",\"isPartOf\":{\"@id\":\"http:\\\/\\\/cgsbaleares.com\\\/#website\"},\"primaryImageOfPage\":{\"@id\":\"https:\\\/\\\/cgsbaleares.com\\\/ca\\\/el-collegi-acull-la-setena-sessio-del-xiii-forum-aranzadi-social-balears-2025\\\/#primaryimage\"},\"image\":{\"@id\":\"https:\\\/\\\/cgsbaleares.com\\\/ca\\\/el-collegi-acull-la-setena-sessio-del-xiii-forum-aranzadi-social-balears-2025\\\/#primaryimage\"},\"thumbnailUrl\":\"https:\\\/\\\/cgsbaleares.com\\\/wp-content\\\/uploads\\\/2025\\\/09\\\/web2.jpg\",\"datePublished\":\"2025-09-12T09:03:58+00:00\",\"dateModified\":\"2025-09-12T12:17:31+00:00\",\"breadcrumb\":{\"@id\":\"https:\\\/\\\/cgsbaleares.com\\\/ca\\\/el-collegi-acull-la-setena-sessio-del-xiii-forum-aranzadi-social-balears-2025\\\/#breadcrumb\"},\"inLanguage\":\"ca\",\"potentialAction\":[{\"@type\":\"ReadAction\",\"target\":[\"https:\\\/\\\/cgsbaleares.com\\\/ca\\\/el-collegi-acull-la-setena-sessio-del-xiii-forum-aranzadi-social-balears-2025\\\/\"]}]},{\"@type\":\"ImageObject\",\"inLanguage\":\"ca\",\"@id\":\"https:\\\/\\\/cgsbaleares.com\\\/ca\\\/el-collegi-acull-la-setena-sessio-del-xiii-forum-aranzadi-social-balears-2025\\\/#primaryimage\",\"url\":\"https:\\\/\\\/cgsbaleares.com\\\/wp-content\\\/uploads\\\/2025\\\/09\\\/web2.jpg\",\"contentUrl\":\"https:\\\/\\\/cgsbaleares.com\\\/wp-content\\\/uploads\\\/2025\\\/09\\\/web2.jpg\",\"width\":2048,\"height\":1366},{\"@type\":\"BreadcrumbList\",\"@id\":\"https:\\\/\\\/cgsbaleares.com\\\/ca\\\/el-collegi-acull-la-setena-sessio-del-xiii-forum-aranzadi-social-balears-2025\\\/#breadcrumb\",\"itemListElement\":[{\"@type\":\"ListItem\",\"position\":1,\"name\":\"Portada\",\"item\":\"http:\\\/\\\/cgsbaleares.com\\\/ca\\\/\"},{\"@type\":\"ListItem\",\"position\":2,\"name\":\"El Col\u00b7legi acull la setena sessi\u00f3 del XIII F\u00f2rum Aranzadi Social Balears 2025\"}]},{\"@type\":\"WebSite\",\"@id\":\"http:\\\/\\\/cgsbaleares.com\\\/#website\",\"url\":\"http:\\\/\\\/cgsbaleares.com\\\/\",\"name\":\"Il\u00b7ustre Col\u00b7legi Oficial de Graduats Socials de le Illes Balears\",\"description\":\"Il\u00b7lustre Col\u00b7legi Oficial de Graduats Socials de les Illes Balears\",\"publisher\":{\"@id\":\"http:\\\/\\\/cgsbaleares.com\\\/#organization\"},\"potentialAction\":[{\"@type\":\"SearchAction\",\"target\":{\"@type\":\"EntryPoint\",\"urlTemplate\":\"http:\\\/\\\/cgsbaleares.com\\\/?s={search_term_string}\"},\"query-input\":{\"@type\":\"PropertyValueSpecification\",\"valueRequired\":true,\"valueName\":\"search_term_string\"}}],\"inLanguage\":\"ca\"},{\"@type\":\"Organization\",\"@id\":\"http:\\\/\\\/cgsbaleares.com\\\/#organization\",\"name\":\"Il\u00b7ustre Col\u00b7legi Oficial de Graduats Socials de le Illes Balears\",\"url\":\"http:\\\/\\\/cgsbaleares.com\\\/\",\"logo\":{\"@type\":\"ImageObject\",\"inLanguage\":\"ca\",\"@id\":\"http:\\\/\\\/cgsbaleares.com\\\/#\\\/schema\\\/logo\\\/image\\\/\",\"url\":\"https:\\\/\\\/cgsbaleares.com\\\/wp-content\\\/uploads\\\/2024\\\/08\\\/CGS_logo_baleares_500x152.png\",\"contentUrl\":\"https:\\\/\\\/cgsbaleares.com\\\/wp-content\\\/uploads\\\/2024\\\/08\\\/CGS_logo_baleares_500x152.png\",\"width\":500,\"height\":152,\"caption\":\"Il\u00b7ustre Col\u00b7legi Oficial de Graduats Socials de le Illes Balears\"},\"image\":{\"@id\":\"http:\\\/\\\/cgsbaleares.com\\\/#\\\/schema\\\/logo\\\/image\\\/\"},\"sameAs\":[\"https:\\\/\\\/www.facebook.com\\\/graduadossocialesbaleares\",\"https:\\\/\\\/x.com\\\/cgsbaleares\",\"https:\\\/\\\/www.instagram.com\\\/cgsbaleares\\\/\",\"https:\\\/\\\/www.linkedin.com\\\/company\\\/cgsbaleares\\\/\"]},{\"@type\":\"Person\",\"@id\":\"http:\\\/\\\/cgsbaleares.com\\\/#\\\/schema\\\/person\\\/7b75e24dfcb0b9f1376ec78afc253cd4\",\"name\":\"Juan Fiol Alemany\",\"image\":{\"@type\":\"ImageObject\",\"inLanguage\":\"ca\",\"@id\":\"https:\\\/\\\/secure.gravatar.com\\\/avatar\\\/9569b8e61fcb5be8918bb8ea705df8ad474ba356ff9e971390314751e816c08d?s=96&d=mm&r=g\",\"url\":\"https:\\\/\\\/secure.gravatar.com\\\/avatar\\\/9569b8e61fcb5be8918bb8ea705df8ad474ba356ff9e971390314751e816c08d?s=96&d=mm&r=g\",\"contentUrl\":\"https:\\\/\\\/secure.gravatar.com\\\/avatar\\\/9569b8e61fcb5be8918bb8ea705df8ad474ba356ff9e971390314751e816c08d?s=96&d=mm&r=g\",\"caption\":\"Juan Fiol Alemany\"},\"url\":\"https:\\\/\\\/cgsbaleares.com\\\/ca\\\/colegiado\\\/juan-fiol-alemany\\\/\"}]}<\/script>\n<!-- \/ Yoast SEO plugin. -->","yoast_head_json":{"title":"El Col\u00b7legi acull la setena sessi\u00f3 del XIII F\u00f2rum Aranzadi Social Balears 2025 - Il\u00b7lustre Col\u00b7legi Oficial de Graduats Socials de le Illes Balears","robots":{"index":"index","follow":"follow","max-snippet":"max-snippet:-1","max-image-preview":"max-image-preview:large","max-video-preview":"max-video-preview:-1"},"canonical":"https:\/\/cgsbaleares.com\/ca\/el-collegi-acull-la-setena-sessio-del-xiii-forum-aranzadi-social-balears-2025\/","og_locale":"ca_ES","og_type":"article","og_title":"El Col\u00b7legi acull la setena sessi\u00f3 del XIII F\u00f2rum Aranzadi Social Balears 2025 - Il\u00b7lustre Col\u00b7legi Oficial de Graduats Socials de le Illes Balears","og_description":"El dijous, 11 de setembre, la seu de l\u2019Il\u00b7lustre Col\u00b7legi Oficial de Graduats Socials de les Illes Balears va acollir la setena sessi\u00f3 del XIII F\u00f2rum Aranzadi Social Balears 2025, dedicada a les \u00abQ\u00fcestions d\u2019actualitat en mat\u00e8ria de Dret del Treball\u00bb. La jornada va comptar amb la participaci\u00f3 del magistrat de la Sala IV del [&hellip;]","og_url":"https:\/\/cgsbaleares.com\/ca\/el-collegi-acull-la-setena-sessio-del-xiii-forum-aranzadi-social-balears-2025\/","og_site_name":"Il\u00b7lustre Col\u00b7legi Oficial de Graduats Socials de le Illes Balears","article_publisher":"https:\/\/www.facebook.com\/graduadossocialesbaleares","article_published_time":"2025-09-12T09:03:58+00:00","article_modified_time":"2025-09-12T12:17:31+00:00","og_image":[{"width":2048,"height":1366,"url":"https:\/\/cgsbaleares.com\/wp-content\/uploads\/2025\/09\/web2.jpg","type":"image\/jpeg"}],"author":"Juan Fiol Alemany","twitter_card":"summary_large_image","twitter_creator":"@cgsbaleares","twitter_site":"@cgsbaleares","twitter_misc":{"Escrit per":"Juan Fiol Alemany","Temps estimat de lectura":"2 minuts"},"schema":{"@context":"https:\/\/schema.org","@graph":[{"@type":"Article","@id":"https:\/\/cgsbaleares.com\/ca\/el-collegi-acull-la-setena-sessio-del-xiii-forum-aranzadi-social-balears-2025\/#article","isPartOf":{"@id":"https:\/\/cgsbaleares.com\/ca\/el-collegi-acull-la-setena-sessio-del-xiii-forum-aranzadi-social-balears-2025\/"},"author":{"name":"Juan Fiol Alemany","@id":"http:\/\/cgsbaleares.com\/#\/schema\/person\/7b75e24dfcb0b9f1376ec78afc253cd4"},"headline":"El Col\u00b7legi acull la setena sessi\u00f3 del XIII F\u00f2rum Aranzadi Social Balears 2025","datePublished":"2025-09-12T09:03:58+00:00","dateModified":"2025-09-12T12:17:31+00:00","mainEntityOfPage":{"@id":"https:\/\/cgsbaleares.com\/ca\/el-collegi-acull-la-setena-sessio-del-xiii-forum-aranzadi-social-balears-2025\/"},"wordCount":218,"commentCount":0,"publisher":{"@id":"http:\/\/cgsbaleares.com\/#organization"},"image":{"@id":"https:\/\/cgsbaleares.com\/ca\/el-collegi-acull-la-setena-sessio-del-xiii-forum-aranzadi-social-balears-2025\/#primaryimage"},"thumbnailUrl":"https:\/\/cgsbaleares.com\/wp-content\/uploads\/2025\/09\/web2.jpg","articleSection":["Cursos i formaci\u00f3"],"inLanguage":"ca","potentialAction":[{"@type":"CommentAction","name":"Comment","target":["https:\/\/cgsbaleares.com\/ca\/el-collegi-acull-la-setena-sessio-del-xiii-forum-aranzadi-social-balears-2025\/#respond"]}]},{"@type":"WebPage","@id":"https:\/\/cgsbaleares.com\/ca\/el-collegi-acull-la-setena-sessio-del-xiii-forum-aranzadi-social-balears-2025\/","url":"https:\/\/cgsbaleares.com\/ca\/el-collegi-acull-la-setena-sessio-del-xiii-forum-aranzadi-social-balears-2025\/","name":"El Col\u00b7legi acull la setena sessi\u00f3 del XIII F\u00f2rum Aranzadi Social Balears 2025 - Il\u00b7lustre Col\u00b7legi Oficial de Graduats Socials de le Illes Balears","isPartOf":{"@id":"http:\/\/cgsbaleares.com\/#website"},"primaryImageOfPage":{"@id":"https:\/\/cgsbaleares.com\/ca\/el-collegi-acull-la-setena-sessio-del-xiii-forum-aranzadi-social-balears-2025\/#primaryimage"},"image":{"@id":"https:\/\/cgsbaleares.com\/ca\/el-collegi-acull-la-setena-sessio-del-xiii-forum-aranzadi-social-balears-2025\/#primaryimage"},"thumbnailUrl":"https:\/\/cgsbaleares.com\/wp-content\/uploads\/2025\/09\/web2.jpg","datePublished":"2025-09-12T09:03:58+00:00","dateModified":"2025-09-12T12:17:31+00:00","breadcrumb":{"@id":"https:\/\/cgsbaleares.com\/ca\/el-collegi-acull-la-setena-sessio-del-xiii-forum-aranzadi-social-balears-2025\/#breadcrumb"},"inLanguage":"ca","potentialAction":[{"@type":"ReadAction","target":["https:\/\/cgsbaleares.com\/ca\/el-collegi-acull-la-setena-sessio-del-xiii-forum-aranzadi-social-balears-2025\/"]}]},{"@type":"ImageObject","inLanguage":"ca","@id":"https:\/\/cgsbaleares.com\/ca\/el-collegi-acull-la-setena-sessio-del-xiii-forum-aranzadi-social-balears-2025\/#primaryimage","url":"https:\/\/cgsbaleares.com\/wp-content\/uploads\/2025\/09\/web2.jpg","contentUrl":"https:\/\/cgsbaleares.com\/wp-content\/uploads\/2025\/09\/web2.jpg","width":2048,"height":1366},{"@type":"BreadcrumbList","@id":"https:\/\/cgsbaleares.com\/ca\/el-collegi-acull-la-setena-sessio-del-xiii-forum-aranzadi-social-balears-2025\/#breadcrumb","itemListElement":[{"@type":"ListItem","position":1,"name":"Portada","item":"http:\/\/cgsbaleares.com\/ca\/"},{"@type":"ListItem","position":2,"name":"El Col\u00b7legi acull la setena sessi\u00f3 del XIII F\u00f2rum Aranzadi Social Balears 2025"}]},{"@type":"WebSite","@id":"http:\/\/cgsbaleares.com\/#website","url":"http:\/\/cgsbaleares.com\/","name":"Il\u00b7ustre Col\u00b7legi Oficial de Graduats Socials de le Illes Balears","description":"Il\u00b7lustre Col\u00b7legi Oficial de Graduats Socials de les Illes Balears","publisher":{"@id":"http:\/\/cgsbaleares.com\/#organization"},"potentialAction":[{"@type":"SearchAction","target":{"@type":"EntryPoint","urlTemplate":"http:\/\/cgsbaleares.com\/?s={search_term_string}"},"query-input":{"@type":"PropertyValueSpecification","valueRequired":true,"valueName":"search_term_string"}}],"inLanguage":"ca"},{"@type":"Organization","@id":"http:\/\/cgsbaleares.com\/#organization","name":"Il\u00b7ustre Col\u00b7legi Oficial de Graduats Socials de le Illes Balears","url":"http:\/\/cgsbaleares.com\/","logo":{"@type":"ImageObject","inLanguage":"ca","@id":"http:\/\/cgsbaleares.com\/#\/schema\/logo\/image\/","url":"https:\/\/cgsbaleares.com\/wp-content\/uploads\/2024\/08\/CGS_logo_baleares_500x152.png","contentUrl":"https:\/\/cgsbaleares.com\/wp-content\/uploads\/2024\/08\/CGS_logo_baleares_500x152.png","width":500,"height":152,"caption":"Il\u00b7ustre Col\u00b7legi Oficial de Graduats Socials de le Illes Balears"},"image":{"@id":"http:\/\/cgsbaleares.com\/#\/schema\/logo\/image\/"},"sameAs":["https:\/\/www.facebook.com\/graduadossocialesbaleares","https:\/\/x.com\/cgsbaleares","https:\/\/www.instagram.com\/cgsbaleares\/","https:\/\/www.linkedin.com\/company\/cgsbaleares\/"]},{"@type":"Person","@id":"http:\/\/cgsbaleares.com\/#\/schema\/person\/7b75e24dfcb0b9f1376ec78afc253cd4","name":"Juan Fiol Alemany","image":{"@type":"ImageObject","inLanguage":"ca","@id":"https:\/\/secure.gravatar.com\/avatar\/9569b8e61fcb5be8918bb8ea705df8ad474ba356ff9e971390314751e816c08d?s=96&d=mm&r=g","url":"https:\/\/secure.gravatar.com\/avatar\/9569b8e61fcb5be8918bb8ea705df8ad474ba356ff9e971390314751e816c08d?s=96&d=mm&r=g","contentUrl":"https:\/\/secure.gravatar.com\/avatar\/9569b8e61fcb5be8918bb8ea705df8ad474ba356ff9e971390314751e816c08d?s=96&d=mm&r=g","caption":"Juan Fiol Alemany"},"url":"https:\/\/cgsbaleares.com\/ca\/colegiado\/juan-fiol-alemany\/"}]}},"_links":{"self":[{"href":"https:\/\/cgsbaleares.com\/ca\/wp-json\/wp\/v2\/posts\/21512","targetHints":{"allow":["GET"]}}],"collection":[{"href":"https:\/\/cgsbaleares.com\/ca\/wp-json\/wp\/v2\/posts"}],"about":[{"href":"https:\/\/cgsbaleares.com\/ca\/wp-json\/wp\/v2\/types\/post"}],"author":[{"embeddable":true,"href":"https:\/\/cgsbaleares.com\/ca\/wp-json\/wp\/v2\/users\/677"}],"replies":[{"embeddable":true,"href":"https:\/\/cgsbaleares.com\/ca\/wp-json\/wp\/v2\/comments?post=21512"}],"version-history":[{"count":2,"href":"https:\/\/cgsbaleares.com\/ca\/wp-json\/wp\/v2\/posts\/21512\/revisions"}],"predecessor-version":[{"id":21514,"href":"https:\/\/cgsbaleares.com\/ca\/wp-json\/wp\/v2\/posts\/21512\/revisions\/21514"}],"wp:featuredmedia":[{"embeddable":true,"href":"https:\/\/cgsbaleares.com\/ca\/wp-json\/wp\/v2\/media\/21516"}],"wp:attachment":[{"href":"https:\/\/cgsbaleares.com\/ca\/wp-json\/wp\/v2\/media?parent=21512"}],"wp:term":[{"taxonomy":"category","embeddable":true,"href":"https:\/\/cgsbaleares.com\/ca\/wp-json\/wp\/v2\/categories?post=21512"},{"taxonomy":"post_tag","embeddable":true,"href":"https:\/\/cgsbaleares.com\/ca\/wp-json\/wp\/v2\/tags?post=21512"}],"curies":[{"name":"wp","href":"https:\/\/api.w.org\/{rel}","templated":true}]}}