{"id":22589,"date":"2025-09-19T11:17:46","date_gmt":"2025-09-19T09:17:46","guid":{"rendered":"https:\/\/cgsbaleares.com\/?p=22589"},"modified":"2025-09-19T11:36:36","modified_gmt":"2025-09-19T09:36:36","slug":"el-collegi-assisteix-a-les-vi-jornades-sobre-el-control-jurisdiccional-de-les-administracions-publiques","status":"publish","type":"post","link":"https:\/\/cgsbaleares.com\/ca\/el-collegi-assisteix-a-les-vi-jornades-sobre-el-control-jurisdiccional-de-les-administracions-publiques\/","title":{"rendered":"El Col\u00b7legi assisteix a les VI Jornades sobre el Control Jurisdiccional de les Administracions P\u00fabliques"},"content":{"rendered":"\n<p><\/p>\n\n\n\n<p>Els dies 18 i 19 de setembre, l\u2019Il\u00b7lustre Col\u00b7legi Oficial de Graduats Socials de les Illes Balears va ser present a les VI Jornades sobre el Control Jurisdiccional de les Administracions P\u00fabliques, celebrades a la seu de l\u2019Il\u00b7lustre Col\u00b7legi d\u2019Advocats de les Illes Balears (ICAIB) i organitzades per la Direcci\u00f3 de l\u2019Advocacia de la Comunitat Aut\u00f2noma i pel mateix ICAIB.<\/p>\n\n\n\n<p>En representaci\u00f3 del Col\u00b7legi hi van assistir la presidenta, Merc\u00e8 Garc\u00eda, i el secretari general, Daniel Ruiz.<\/p>\n\n\n\n<p>Des de l\u2019\u00f2ptica professional dels Graduats Socials, aquestes jornades resulten especialment rellevants pel seu impacte en mat\u00e8ries sensibles per al dia a dia: ocupaci\u00f3 p\u00fablica i relacions laborals al sector p\u00fablic, procediments i terminis, contractaci\u00f3 i control de l\u2019activitat administrativa i, en definitiva, la correcta tutela judicial davant de decisions que afecten persones treballadores, empreses i entitats.<\/p>\n\n\n\n<p><\/p>\n","protected":false},"excerpt":{"rendered":"<p>Els dies 18 i 19 de setembre, l\u2019Il\u00b7lustre Col\u00b7legi Oficial de Graduats Socials de les Illes Balears va ser present a les VI Jornades sobre el Control Jurisdiccional de les Administracions P\u00fabliques, celebrades a la seu de l\u2019Il\u00b7lustre Col\u00b7legi d\u2019Advocats de les Illes Balears (ICAIB) i organitzades per la Direcci\u00f3 de l\u2019Advocacia de la Comunitat [&hellip;]<\/p>\n","protected":false},"author":677,"featured_media":22586,"comment_status":"open","ping_status":"open","sticky":false,"template":"","format":"standard","meta":{"_monsterinsights_skip_tracking":false,"footnotes":"","_members_access_role":[],"_members_access_error":""},"categories":[314],"tags":[],"class_list":["post-22589","post","type-post","status-publish","format-standard","has-post-thumbnail","hentry","category-noticies-generals"],"desde":null,"hasta":null,"texto_circular":null,"hora_envio":null,"texto_ciruclar":null,"texto-circular":null,"asunto_circular":null,"documentos":null,"lugar_del_evento":null,"texto_fechas_":null,"envio_circular":null,"enviar_newsletter":null,"fecha_envio":null,"estado_envio":null,"destinatarios":null,"demarcaciones":null,"pendiente":null,"_links":{"self":[{"href":"https:\/\/cgsbaleares.com\/ca\/wp-json\/wp\/v2\/posts\/22589","targetHints":{"allow":["GET"]}}],"collection":[{"href":"https:\/\/cgsbaleares.com\/ca\/wp-json\/wp\/v2\/posts"}],"about":[{"href":"https:\/\/cgsbaleares.com\/ca\/wp-json\/wp\/v2\/types\/post"}],"author":[{"embeddable":true,"href":"https:\/\/cgsbaleares.com\/ca\/wp-json\/wp\/v2\/users\/677"}],"replies":[{"embeddable":true,"href":"https:\/\/cgsbaleares.com\/ca\/wp-json\/wp\/v2\/comments?post=22589"}],"version-history":[{"count":3,"href":"https:\/\/cgsbaleares.com\/ca\/wp-json\/wp\/v2\/posts\/22589\/revisions"}],"predecessor-version":[{"id":22597,"href":"https:\/\/cgsbaleares.com\/ca\/wp-json\/wp\/v2\/posts\/22589\/revisions\/22597"}],"wp:featuredmedia":[{"embeddable":true,"href":"https:\/\/cgsbaleares.com\/ca\/wp-json\/wp\/v2\/media\/22586"}],"wp:attachment":[{"href":"https:\/\/cgsbaleares.com\/ca\/wp-json\/wp\/v2\/media?parent=22589"}],"wp:term":[{"taxonomy":"category","embeddable":true,"href":"https:\/\/cgsbaleares.com\/ca\/wp-json\/wp\/v2\/categories?post=22589"},{"taxonomy":"post_tag","embeddable":true,"href":"https:\/\/cgsbaleares.com\/ca\/wp-json\/wp\/v2\/tags?post=22589"}],"curies":[{"name":"wp","href":"https:\/\/api.w.org\/{rel}","templated":true}]}}