{"id":22612,"date":"2025-09-19T13:54:24","date_gmt":"2025-09-19T11:54:24","guid":{"rendered":"https:\/\/cgsbaleares.com\/?p=22612"},"modified":"2025-09-19T13:58:54","modified_gmt":"2025-09-19T11:58:54","slug":"presentacio-de-la-comissio-d-igualtat-de-lillustre-collegi-oficial-de-graduats-socials-de-les-illes-balears","status":"publish","type":"post","link":"https:\/\/cgsbaleares.com\/ca\/presentacio-de-la-comissio-d-igualtat-de-lillustre-collegi-oficial-de-graduats-socials-de-les-illes-balears\/","title":{"rendered":"Presentaci\u00f3 de la Comissi\u00f3 d\u2019 Igualtat de l\u2019Il\u00b7lustre Col\u00b7legi Oficial de Graduats Socials de les Illes Balears"},"content":{"rendered":"\n<p><br><br>El 18 de setembre, la seu col\u00b7legial va acollir la presentaci\u00f3 oficial de la Comissi\u00f3 d\u2019Igualtat de l\u2019Il\u00b7lustre Col\u00b7legi Oficial de Graduats Socials de les Illes Balears, en un acte que va reunir representants de la professi\u00f3, de l\u2019\u00e0mbit judicial i institucional.<\/p>\n\n\n\n<p>La jornada va comptar amb la intervenci\u00f3 de la Dra. Caterina Canyelles i Gamund\u00ed, antrop\u00f2loga i professora, que va presentar el seu llibre \u201cMachismo y cultura jur\u00eddica\u201d, una obra que ja constitueix una refer\u00e8ncia per comprendre i q\u00fcestionar els biaixos de g\u00e8nere en l\u2019\u00e0mbit jur\u00eddic. Posteriorment, es va celebrar una taula rodona amb la participaci\u00f3 del magistrat de l\u2019Audi\u00e8ncia Provincial de Balears, Carlos Alberto Izquierdo T\u00e9llez, en la qual es va abordar tant el contingut del llibre com la situaci\u00f3 actual de la igualtat en relaci\u00f3 amb els Graduats i Graduades Socials a les Illes Balears.<\/p>\n\n\n\n<p>L\u2019acte va ser presentat per la presidenta del Col\u00b7legi, Merc\u00e8 Garc\u00eda, i pel coordinador de la Comissi\u00f3 d\u2019Igualtat, Miquel \u00c0ngel Cantallops. La jornada va comptar tamb\u00e9 amb la intervenci\u00f3 de M\u00f3nica Sala, integrant de la comissi\u00f3 i responsable de l\u2019Oficina d\u2019Orientaci\u00f3 en Mat\u00e8ria d\u2019Igualtat, qui va exposar la problem\u00e0tica habitual que es detecta entre les persones que acudeixen a l\u2019oficina, destacant situacions reals de desigualtat en l\u2019entorn laboral que requereixen una atenci\u00f3 especial i una sensibilitzaci\u00f3 per part de les empreses i dels professionals del sector.<br><br>La jornada va comptar, a m\u00e9s, amb l\u2019assist\u00e8ncia i suport institucional de la nova directora general de Treball, Funci\u00f3 P\u00fablica i Di\u00e0leg Social, Mari Luz Moreno Romero; de Margalida Darder Bover, directora general de Conciliaci\u00f3 i d\u2019Igualtat en l\u2019\u00c0mbit Laboral del Govern de les Illes Balears; aix\u00ed com de la Direcci\u00f3 Insular de Fam\u00edlies del Consell de Mallorca, representada per Ana Ferriol Font, que va participar activament en el desenvolupament de l\u2019acte. La seva pres\u00e8ncia va subratllar la import\u00e0ncia de treballar conjuntament entre institucions i agents socials per avan\u00e7ar cap a una igualtat efectiva en l\u2019\u00e0mbit laboral.<\/p>\n\n\n\n<p>En la cloenda, Miquel \u00c0ngel Cantallops va destacar que aquest era el \u201csus\u201d d\u2019un projecte al qual cal donar visibilitat i que encara t\u00e9 recorregut per davant. Des del Col\u00b7legi de Graduats Socials de Balears continuarem treballant perqu\u00e8 la igualtat laboral real no sigui una opci\u00f3, sin\u00f3 un dret efectiu. El nostre prop\u00f2sit \u00e9s traduir aquest comprom\u00eds en millores tangibles als despatxos i a les organitzacions amb qu\u00e8 col\u00b7laboram cada dia.<\/p>\n\n\n\n<figure class=\"wp-block-image size-large\"><img fetchpriority=\"high\" decoding=\"async\" width=\"1024\" height=\"683\" src=\"https:\/\/cgsbaleares.com\/wp-content\/uploads\/2025\/09\/foto2-copiaweb-1-1024x683.jpg\" alt=\"\" class=\"wp-image-22613\" srcset=\"https:\/\/cgsbaleares.com\/wp-content\/uploads\/2025\/09\/foto2-copiaweb-1-1024x683.jpg 1024w, https:\/\/cgsbaleares.com\/wp-content\/uploads\/2025\/09\/foto2-copiaweb-1-300x200.jpg 300w, https:\/\/cgsbaleares.com\/wp-content\/uploads\/2025\/09\/foto2-copiaweb-1-768x512.jpg 768w, https:\/\/cgsbaleares.com\/wp-content\/uploads\/2025\/09\/foto2-copiaweb-1-1536x1024.jpg 1536w, https:\/\/cgsbaleares.com\/wp-content\/uploads\/2025\/09\/foto2-copiaweb-1-2048x1365.jpg 2048w\" sizes=\"(max-width: 1024px) 100vw, 1024px\" \/><\/figure>\n","protected":false},"excerpt":{"rendered":"<p>El 18 de setembre, la seu col\u00b7legial va acollir la presentaci\u00f3 oficial de la Comissi\u00f3 d\u2019Igualtat de l\u2019Il\u00b7lustre Col\u00b7legi Oficial de Graduats Socials de les Illes Balears, en un acte que va reunir representants de la professi\u00f3, de l\u2019\u00e0mbit judicial i institucional. La jornada va comptar amb la intervenci\u00f3 de la Dra. Caterina Canyelles i [&hellip;]<\/p>\n","protected":false},"author":677,"featured_media":22607,"comment_status":"closed","ping_status":"closed","sticky":false,"template":"","format":"standard","meta":{"_monsterinsights_skip_tracking":false,"_monsterinsights_sitenote_active":false,"_monsterinsights_sitenote_note":"","_monsterinsights_sitenote_category":0,"_uf_show_specific_survey":0,"_uf_disable_surveys":false,"_jet_sm_ready_style":"","_jet_sm_style":"","_jet_sm_controls_values":"","_jet_sm_fonts_collection":"","_jet_sm_fonts_links":"","footnotes":""},"categories":[317],"tags":[],"class_list":["post-22612","post","type-post","status-publish","format-standard","has-post-thumbnail","hentry","category-cursos-i-formacio"],"desde":null,"hasta":null,"texto_circular":null,"hora_envio":null,"texto_ciruclar":null,"texto-circular":null,"asunto_circular":null,"documentos":null,"lugar_del_evento":null,"texto_fechas_":null,"envio_circular":null,"enviar_newsletter":null,"fecha_envio":null,"estado_envio":null,"destinatarios":null,"demarcaciones":null,"pendiente":null,"yoast_head":"<!-- This site is optimized with the Yoast SEO plugin v27.5 - https:\/\/yoast.com\/product\/yoast-seo-wordpress\/ -->\n<title>Presentaci\u00f3 de la Comissi\u00f3 d\u2019 Igualtat de l\u2019Il\u00b7lustre Col\u00b7legi Oficial de Graduats Socials de les Illes Balears - Il\u00b7lustre Col\u00b7legi Oficial de Graduats Socials de le Illes Balears<\/title>\n<meta name=\"robots\" content=\"index, follow, max-snippet:-1, max-image-preview:large, max-video-preview:-1\" \/>\n<link rel=\"canonical\" href=\"https:\/\/cgsbaleares.com\/ca\/presentacio-de-la-comissio-d-igualtat-de-lillustre-collegi-oficial-de-graduats-socials-de-les-illes-balears\/\" \/>\n<meta property=\"og:locale\" content=\"ca_ES\" \/>\n<meta property=\"og:type\" content=\"article\" \/>\n<meta property=\"og:title\" content=\"Presentaci\u00f3 de la Comissi\u00f3 d\u2019 Igualtat de l\u2019Il\u00b7lustre Col\u00b7legi Oficial de Graduats Socials de les Illes Balears - Il\u00b7lustre Col\u00b7legi Oficial de Graduats Socials de le Illes Balears\" \/>\n<meta property=\"og:description\" content=\"El 18 de setembre, la seu col\u00b7legial va acollir la presentaci\u00f3 oficial de la Comissi\u00f3 d\u2019Igualtat de l\u2019Il\u00b7lustre Col\u00b7legi Oficial de Graduats Socials de les Illes Balears, en un acte que va reunir representants de la professi\u00f3, de l\u2019\u00e0mbit judicial i institucional. La jornada va comptar amb la intervenci\u00f3 de la Dra. Caterina Canyelles i [&hellip;]\" \/>\n<meta property=\"og:url\" content=\"https:\/\/cgsbaleares.com\/ca\/presentacio-de-la-comissio-d-igualtat-de-lillustre-collegi-oficial-de-graduats-socials-de-les-illes-balears\/\" \/>\n<meta property=\"og:site_name\" content=\"Il\u00b7lustre Col\u00b7legi Oficial de Graduats Socials de le Illes Balears\" \/>\n<meta property=\"article:publisher\" content=\"https:\/\/www.facebook.com\/graduadossocialesbaleares\" \/>\n<meta property=\"article:published_time\" content=\"2025-09-19T11:54:24+00:00\" \/>\n<meta property=\"article:modified_time\" content=\"2025-09-19T11:58:54+00:00\" \/>\n<meta property=\"og:image\" content=\"https:\/\/cgsbaleares.com\/wp-content\/uploads\/2025\/09\/foto1-copiaweb-scaled.jpg\" \/>\n\t<meta property=\"og:image:width\" content=\"2560\" \/>\n\t<meta property=\"og:image:height\" content=\"1707\" \/>\n\t<meta property=\"og:image:type\" content=\"image\/jpeg\" \/>\n<meta name=\"author\" content=\"Juan Fiol Alemany\" \/>\n<meta name=\"twitter:card\" content=\"summary_large_image\" \/>\n<meta name=\"twitter:creator\" content=\"@cgsbaleares\" \/>\n<meta name=\"twitter:site\" content=\"@cgsbaleares\" \/>\n<meta name=\"twitter:label1\" content=\"Escrit per\" \/>\n\t<meta name=\"twitter:data1\" content=\"Juan Fiol Alemany\" \/>\n\t<meta name=\"twitter:label2\" content=\"Temps estimat de lectura\" \/>\n\t<meta name=\"twitter:data2\" content=\"3 minuts\" \/>\n<script type=\"application\/ld+json\" class=\"yoast-schema-graph\">{\"@context\":\"https:\\\/\\\/schema.org\",\"@graph\":[{\"@type\":\"Article\",\"@id\":\"https:\\\/\\\/cgsbaleares.com\\\/ca\\\/presentacio-de-la-comissio-d-igualtat-de-lillustre-collegi-oficial-de-graduats-socials-de-les-illes-balears\\\/#article\",\"isPartOf\":{\"@id\":\"https:\\\/\\\/cgsbaleares.com\\\/ca\\\/presentacio-de-la-comissio-d-igualtat-de-lillustre-collegi-oficial-de-graduats-socials-de-les-illes-balears\\\/\"},\"author\":{\"name\":\"Juan Fiol Alemany\",\"@id\":\"http:\\\/\\\/cgsbaleares.com\\\/#\\\/schema\\\/person\\\/7b75e24dfcb0b9f1376ec78afc253cd4\"},\"headline\":\"Presentaci\u00f3 de la Comissi\u00f3 d\u2019 Igualtat de l\u2019Il\u00b7lustre Col\u00b7legi Oficial de Graduats Socials de les Illes Balears\",\"datePublished\":\"2025-09-19T11:54:24+00:00\",\"dateModified\":\"2025-09-19T11:58:54+00:00\",\"mainEntityOfPage\":{\"@id\":\"https:\\\/\\\/cgsbaleares.com\\\/ca\\\/presentacio-de-la-comissio-d-igualtat-de-lillustre-collegi-oficial-de-graduats-socials-de-les-illes-balears\\\/\"},\"wordCount\":457,\"publisher\":{\"@id\":\"http:\\\/\\\/cgsbaleares.com\\\/#organization\"},\"image\":{\"@id\":\"https:\\\/\\\/cgsbaleares.com\\\/ca\\\/presentacio-de-la-comissio-d-igualtat-de-lillustre-collegi-oficial-de-graduats-socials-de-les-illes-balears\\\/#primaryimage\"},\"thumbnailUrl\":\"https:\\\/\\\/cgsbaleares.com\\\/wp-content\\\/uploads\\\/2025\\\/09\\\/foto1-copiaweb-scaled.jpg\",\"articleSection\":[\"Cursos i formaci\u00f3\"],\"inLanguage\":\"ca\"},{\"@type\":\"WebPage\",\"@id\":\"https:\\\/\\\/cgsbaleares.com\\\/ca\\\/presentacio-de-la-comissio-d-igualtat-de-lillustre-collegi-oficial-de-graduats-socials-de-les-illes-balears\\\/\",\"url\":\"https:\\\/\\\/cgsbaleares.com\\\/ca\\\/presentacio-de-la-comissio-d-igualtat-de-lillustre-collegi-oficial-de-graduats-socials-de-les-illes-balears\\\/\",\"name\":\"Presentaci\u00f3 de la Comissi\u00f3 d\u2019 Igualtat de l\u2019Il\u00b7lustre Col\u00b7legi Oficial de Graduats Socials de les Illes Balears - Il\u00b7lustre Col\u00b7legi Oficial de Graduats Socials de le Illes Balears\",\"isPartOf\":{\"@id\":\"http:\\\/\\\/cgsbaleares.com\\\/#website\"},\"primaryImageOfPage\":{\"@id\":\"https:\\\/\\\/cgsbaleares.com\\\/ca\\\/presentacio-de-la-comissio-d-igualtat-de-lillustre-collegi-oficial-de-graduats-socials-de-les-illes-balears\\\/#primaryimage\"},\"image\":{\"@id\":\"https:\\\/\\\/cgsbaleares.com\\\/ca\\\/presentacio-de-la-comissio-d-igualtat-de-lillustre-collegi-oficial-de-graduats-socials-de-les-illes-balears\\\/#primaryimage\"},\"thumbnailUrl\":\"https:\\\/\\\/cgsbaleares.com\\\/wp-content\\\/uploads\\\/2025\\\/09\\\/foto1-copiaweb-scaled.jpg\",\"datePublished\":\"2025-09-19T11:54:24+00:00\",\"dateModified\":\"2025-09-19T11:58:54+00:00\",\"breadcrumb\":{\"@id\":\"https:\\\/\\\/cgsbaleares.com\\\/ca\\\/presentacio-de-la-comissio-d-igualtat-de-lillustre-collegi-oficial-de-graduats-socials-de-les-illes-balears\\\/#breadcrumb\"},\"inLanguage\":\"ca\",\"potentialAction\":[{\"@type\":\"ReadAction\",\"target\":[\"https:\\\/\\\/cgsbaleares.com\\\/ca\\\/presentacio-de-la-comissio-d-igualtat-de-lillustre-collegi-oficial-de-graduats-socials-de-les-illes-balears\\\/\"]}]},{\"@type\":\"ImageObject\",\"inLanguage\":\"ca\",\"@id\":\"https:\\\/\\\/cgsbaleares.com\\\/ca\\\/presentacio-de-la-comissio-d-igualtat-de-lillustre-collegi-oficial-de-graduats-socials-de-les-illes-balears\\\/#primaryimage\",\"url\":\"https:\\\/\\\/cgsbaleares.com\\\/wp-content\\\/uploads\\\/2025\\\/09\\\/foto1-copiaweb-scaled.jpg\",\"contentUrl\":\"https:\\\/\\\/cgsbaleares.com\\\/wp-content\\\/uploads\\\/2025\\\/09\\\/foto1-copiaweb-scaled.jpg\",\"width\":2560,\"height\":1707},{\"@type\":\"BreadcrumbList\",\"@id\":\"https:\\\/\\\/cgsbaleares.com\\\/ca\\\/presentacio-de-la-comissio-d-igualtat-de-lillustre-collegi-oficial-de-graduats-socials-de-les-illes-balears\\\/#breadcrumb\",\"itemListElement\":[{\"@type\":\"ListItem\",\"position\":1,\"name\":\"Portada\",\"item\":\"http:\\\/\\\/cgsbaleares.com\\\/ca\\\/\"},{\"@type\":\"ListItem\",\"position\":2,\"name\":\"Presentaci\u00f3 de la Comissi\u00f3 d\u2019 Igualtat de l\u2019Il\u00b7lustre Col\u00b7legi Oficial de Graduats Socials de les Illes Balears\"}]},{\"@type\":\"WebSite\",\"@id\":\"http:\\\/\\\/cgsbaleares.com\\\/#website\",\"url\":\"http:\\\/\\\/cgsbaleares.com\\\/\",\"name\":\"Il\u00b7ustre Col\u00b7legi Oficial de Graduats Socials de le Illes Balears\",\"description\":\"Il\u00b7lustre Col\u00b7legi Oficial de Graduats Socials de les Illes Balears\",\"publisher\":{\"@id\":\"http:\\\/\\\/cgsbaleares.com\\\/#organization\"},\"potentialAction\":[{\"@type\":\"SearchAction\",\"target\":{\"@type\":\"EntryPoint\",\"urlTemplate\":\"http:\\\/\\\/cgsbaleares.com\\\/?s={search_term_string}\"},\"query-input\":{\"@type\":\"PropertyValueSpecification\",\"valueRequired\":true,\"valueName\":\"search_term_string\"}}],\"inLanguage\":\"ca\"},{\"@type\":\"Organization\",\"@id\":\"http:\\\/\\\/cgsbaleares.com\\\/#organization\",\"name\":\"Il\u00b7ustre Col\u00b7legi Oficial de Graduats Socials de le Illes Balears\",\"url\":\"http:\\\/\\\/cgsbaleares.com\\\/\",\"logo\":{\"@type\":\"ImageObject\",\"inLanguage\":\"ca\",\"@id\":\"http:\\\/\\\/cgsbaleares.com\\\/#\\\/schema\\\/logo\\\/image\\\/\",\"url\":\"https:\\\/\\\/cgsbaleares.com\\\/wp-content\\\/uploads\\\/2024\\\/08\\\/CGS_logo_baleares_500x152.png\",\"contentUrl\":\"https:\\\/\\\/cgsbaleares.com\\\/wp-content\\\/uploads\\\/2024\\\/08\\\/CGS_logo_baleares_500x152.png\",\"width\":500,\"height\":152,\"caption\":\"Il\u00b7ustre Col\u00b7legi Oficial de Graduats Socials de le Illes Balears\"},\"image\":{\"@id\":\"http:\\\/\\\/cgsbaleares.com\\\/#\\\/schema\\\/logo\\\/image\\\/\"},\"sameAs\":[\"https:\\\/\\\/www.facebook.com\\\/graduadossocialesbaleares\",\"https:\\\/\\\/x.com\\\/cgsbaleares\",\"https:\\\/\\\/www.instagram.com\\\/cgsbaleares\\\/\",\"https:\\\/\\\/www.linkedin.com\\\/company\\\/cgsbaleares\\\/\"]},{\"@type\":\"Person\",\"@id\":\"http:\\\/\\\/cgsbaleares.com\\\/#\\\/schema\\\/person\\\/7b75e24dfcb0b9f1376ec78afc253cd4\",\"name\":\"Juan Fiol Alemany\",\"image\":{\"@type\":\"ImageObject\",\"inLanguage\":\"ca\",\"@id\":\"https:\\\/\\\/secure.gravatar.com\\\/avatar\\\/9569b8e61fcb5be8918bb8ea705df8ad474ba356ff9e971390314751e816c08d?s=96&d=mm&r=g\",\"url\":\"https:\\\/\\\/secure.gravatar.com\\\/avatar\\\/9569b8e61fcb5be8918bb8ea705df8ad474ba356ff9e971390314751e816c08d?s=96&d=mm&r=g\",\"contentUrl\":\"https:\\\/\\\/secure.gravatar.com\\\/avatar\\\/9569b8e61fcb5be8918bb8ea705df8ad474ba356ff9e971390314751e816c08d?s=96&d=mm&r=g\",\"caption\":\"Juan Fiol Alemany\"},\"url\":\"https:\\\/\\\/cgsbaleares.com\\\/ca\\\/colegiado\\\/juan-fiol-alemany\\\/\"}]}<\/script>\n<!-- \/ Yoast SEO plugin. -->","yoast_head_json":{"title":"Presentaci\u00f3 de la Comissi\u00f3 d\u2019 Igualtat de l\u2019Il\u00b7lustre Col\u00b7legi Oficial de Graduats Socials de les Illes Balears - Il\u00b7lustre Col\u00b7legi Oficial de Graduats Socials de le Illes Balears","robots":{"index":"index","follow":"follow","max-snippet":"max-snippet:-1","max-image-preview":"max-image-preview:large","max-video-preview":"max-video-preview:-1"},"canonical":"https:\/\/cgsbaleares.com\/ca\/presentacio-de-la-comissio-d-igualtat-de-lillustre-collegi-oficial-de-graduats-socials-de-les-illes-balears\/","og_locale":"ca_ES","og_type":"article","og_title":"Presentaci\u00f3 de la Comissi\u00f3 d\u2019 Igualtat de l\u2019Il\u00b7lustre Col\u00b7legi Oficial de Graduats Socials de les Illes Balears - Il\u00b7lustre Col\u00b7legi Oficial de Graduats Socials de le Illes Balears","og_description":"El 18 de setembre, la seu col\u00b7legial va acollir la presentaci\u00f3 oficial de la Comissi\u00f3 d\u2019Igualtat de l\u2019Il\u00b7lustre Col\u00b7legi Oficial de Graduats Socials de les Illes Balears, en un acte que va reunir representants de la professi\u00f3, de l\u2019\u00e0mbit judicial i institucional. La jornada va comptar amb la intervenci\u00f3 de la Dra. Caterina Canyelles i [&hellip;]","og_url":"https:\/\/cgsbaleares.com\/ca\/presentacio-de-la-comissio-d-igualtat-de-lillustre-collegi-oficial-de-graduats-socials-de-les-illes-balears\/","og_site_name":"Il\u00b7lustre Col\u00b7legi Oficial de Graduats Socials de le Illes Balears","article_publisher":"https:\/\/www.facebook.com\/graduadossocialesbaleares","article_published_time":"2025-09-19T11:54:24+00:00","article_modified_time":"2025-09-19T11:58:54+00:00","og_image":[{"width":2560,"height":1707,"url":"https:\/\/cgsbaleares.com\/wp-content\/uploads\/2025\/09\/foto1-copiaweb-scaled.jpg","type":"image\/jpeg"}],"author":"Juan Fiol Alemany","twitter_card":"summary_large_image","twitter_creator":"@cgsbaleares","twitter_site":"@cgsbaleares","twitter_misc":{"Escrit per":"Juan Fiol Alemany","Temps estimat de lectura":"3 minuts"},"schema":{"@context":"https:\/\/schema.org","@graph":[{"@type":"Article","@id":"https:\/\/cgsbaleares.com\/ca\/presentacio-de-la-comissio-d-igualtat-de-lillustre-collegi-oficial-de-graduats-socials-de-les-illes-balears\/#article","isPartOf":{"@id":"https:\/\/cgsbaleares.com\/ca\/presentacio-de-la-comissio-d-igualtat-de-lillustre-collegi-oficial-de-graduats-socials-de-les-illes-balears\/"},"author":{"name":"Juan Fiol Alemany","@id":"http:\/\/cgsbaleares.com\/#\/schema\/person\/7b75e24dfcb0b9f1376ec78afc253cd4"},"headline":"Presentaci\u00f3 de la Comissi\u00f3 d\u2019 Igualtat de l\u2019Il\u00b7lustre Col\u00b7legi Oficial de Graduats Socials de les Illes Balears","datePublished":"2025-09-19T11:54:24+00:00","dateModified":"2025-09-19T11:58:54+00:00","mainEntityOfPage":{"@id":"https:\/\/cgsbaleares.com\/ca\/presentacio-de-la-comissio-d-igualtat-de-lillustre-collegi-oficial-de-graduats-socials-de-les-illes-balears\/"},"wordCount":457,"publisher":{"@id":"http:\/\/cgsbaleares.com\/#organization"},"image":{"@id":"https:\/\/cgsbaleares.com\/ca\/presentacio-de-la-comissio-d-igualtat-de-lillustre-collegi-oficial-de-graduats-socials-de-les-illes-balears\/#primaryimage"},"thumbnailUrl":"https:\/\/cgsbaleares.com\/wp-content\/uploads\/2025\/09\/foto1-copiaweb-scaled.jpg","articleSection":["Cursos i formaci\u00f3"],"inLanguage":"ca"},{"@type":"WebPage","@id":"https:\/\/cgsbaleares.com\/ca\/presentacio-de-la-comissio-d-igualtat-de-lillustre-collegi-oficial-de-graduats-socials-de-les-illes-balears\/","url":"https:\/\/cgsbaleares.com\/ca\/presentacio-de-la-comissio-d-igualtat-de-lillustre-collegi-oficial-de-graduats-socials-de-les-illes-balears\/","name":"Presentaci\u00f3 de la Comissi\u00f3 d\u2019 Igualtat de l\u2019Il\u00b7lustre Col\u00b7legi Oficial de Graduats Socials de les Illes Balears - Il\u00b7lustre Col\u00b7legi Oficial de Graduats Socials de le Illes Balears","isPartOf":{"@id":"http:\/\/cgsbaleares.com\/#website"},"primaryImageOfPage":{"@id":"https:\/\/cgsbaleares.com\/ca\/presentacio-de-la-comissio-d-igualtat-de-lillustre-collegi-oficial-de-graduats-socials-de-les-illes-balears\/#primaryimage"},"image":{"@id":"https:\/\/cgsbaleares.com\/ca\/presentacio-de-la-comissio-d-igualtat-de-lillustre-collegi-oficial-de-graduats-socials-de-les-illes-balears\/#primaryimage"},"thumbnailUrl":"https:\/\/cgsbaleares.com\/wp-content\/uploads\/2025\/09\/foto1-copiaweb-scaled.jpg","datePublished":"2025-09-19T11:54:24+00:00","dateModified":"2025-09-19T11:58:54+00:00","breadcrumb":{"@id":"https:\/\/cgsbaleares.com\/ca\/presentacio-de-la-comissio-d-igualtat-de-lillustre-collegi-oficial-de-graduats-socials-de-les-illes-balears\/#breadcrumb"},"inLanguage":"ca","potentialAction":[{"@type":"ReadAction","target":["https:\/\/cgsbaleares.com\/ca\/presentacio-de-la-comissio-d-igualtat-de-lillustre-collegi-oficial-de-graduats-socials-de-les-illes-balears\/"]}]},{"@type":"ImageObject","inLanguage":"ca","@id":"https:\/\/cgsbaleares.com\/ca\/presentacio-de-la-comissio-d-igualtat-de-lillustre-collegi-oficial-de-graduats-socials-de-les-illes-balears\/#primaryimage","url":"https:\/\/cgsbaleares.com\/wp-content\/uploads\/2025\/09\/foto1-copiaweb-scaled.jpg","contentUrl":"https:\/\/cgsbaleares.com\/wp-content\/uploads\/2025\/09\/foto1-copiaweb-scaled.jpg","width":2560,"height":1707},{"@type":"BreadcrumbList","@id":"https:\/\/cgsbaleares.com\/ca\/presentacio-de-la-comissio-d-igualtat-de-lillustre-collegi-oficial-de-graduats-socials-de-les-illes-balears\/#breadcrumb","itemListElement":[{"@type":"ListItem","position":1,"name":"Portada","item":"http:\/\/cgsbaleares.com\/ca\/"},{"@type":"ListItem","position":2,"name":"Presentaci\u00f3 de la Comissi\u00f3 d\u2019 Igualtat de l\u2019Il\u00b7lustre Col\u00b7legi Oficial de Graduats Socials de les Illes Balears"}]},{"@type":"WebSite","@id":"http:\/\/cgsbaleares.com\/#website","url":"http:\/\/cgsbaleares.com\/","name":"Il\u00b7ustre Col\u00b7legi Oficial de Graduats Socials de le Illes Balears","description":"Il\u00b7lustre Col\u00b7legi Oficial de Graduats Socials de les Illes Balears","publisher":{"@id":"http:\/\/cgsbaleares.com\/#organization"},"potentialAction":[{"@type":"SearchAction","target":{"@type":"EntryPoint","urlTemplate":"http:\/\/cgsbaleares.com\/?s={search_term_string}"},"query-input":{"@type":"PropertyValueSpecification","valueRequired":true,"valueName":"search_term_string"}}],"inLanguage":"ca"},{"@type":"Organization","@id":"http:\/\/cgsbaleares.com\/#organization","name":"Il\u00b7ustre Col\u00b7legi Oficial de Graduats Socials de le Illes Balears","url":"http:\/\/cgsbaleares.com\/","logo":{"@type":"ImageObject","inLanguage":"ca","@id":"http:\/\/cgsbaleares.com\/#\/schema\/logo\/image\/","url":"https:\/\/cgsbaleares.com\/wp-content\/uploads\/2024\/08\/CGS_logo_baleares_500x152.png","contentUrl":"https:\/\/cgsbaleares.com\/wp-content\/uploads\/2024\/08\/CGS_logo_baleares_500x152.png","width":500,"height":152,"caption":"Il\u00b7ustre Col\u00b7legi Oficial de Graduats Socials de le Illes Balears"},"image":{"@id":"http:\/\/cgsbaleares.com\/#\/schema\/logo\/image\/"},"sameAs":["https:\/\/www.facebook.com\/graduadossocialesbaleares","https:\/\/x.com\/cgsbaleares","https:\/\/www.instagram.com\/cgsbaleares\/","https:\/\/www.linkedin.com\/company\/cgsbaleares\/"]},{"@type":"Person","@id":"http:\/\/cgsbaleares.com\/#\/schema\/person\/7b75e24dfcb0b9f1376ec78afc253cd4","name":"Juan Fiol Alemany","image":{"@type":"ImageObject","inLanguage":"ca","@id":"https:\/\/secure.gravatar.com\/avatar\/9569b8e61fcb5be8918bb8ea705df8ad474ba356ff9e971390314751e816c08d?s=96&d=mm&r=g","url":"https:\/\/secure.gravatar.com\/avatar\/9569b8e61fcb5be8918bb8ea705df8ad474ba356ff9e971390314751e816c08d?s=96&d=mm&r=g","contentUrl":"https:\/\/secure.gravatar.com\/avatar\/9569b8e61fcb5be8918bb8ea705df8ad474ba356ff9e971390314751e816c08d?s=96&d=mm&r=g","caption":"Juan Fiol Alemany"},"url":"https:\/\/cgsbaleares.com\/ca\/colegiado\/juan-fiol-alemany\/"}]}},"_links":{"self":[{"href":"https:\/\/cgsbaleares.com\/ca\/wp-json\/wp\/v2\/posts\/22612","targetHints":{"allow":["GET"]}}],"collection":[{"href":"https:\/\/cgsbaleares.com\/ca\/wp-json\/wp\/v2\/posts"}],"about":[{"href":"https:\/\/cgsbaleares.com\/ca\/wp-json\/wp\/v2\/types\/post"}],"author":[{"embeddable":true,"href":"https:\/\/cgsbaleares.com\/ca\/wp-json\/wp\/v2\/users\/677"}],"replies":[{"embeddable":true,"href":"https:\/\/cgsbaleares.com\/ca\/wp-json\/wp\/v2\/comments?post=22612"}],"version-history":[{"count":2,"href":"https:\/\/cgsbaleares.com\/ca\/wp-json\/wp\/v2\/posts\/22612\/revisions"}],"predecessor-version":[{"id":22616,"href":"https:\/\/cgsbaleares.com\/ca\/wp-json\/wp\/v2\/posts\/22612\/revisions\/22616"}],"wp:featuredmedia":[{"embeddable":true,"href":"https:\/\/cgsbaleares.com\/ca\/wp-json\/wp\/v2\/media\/22607"}],"wp:attachment":[{"href":"https:\/\/cgsbaleares.com\/ca\/wp-json\/wp\/v2\/media?parent=22612"}],"wp:term":[{"taxonomy":"category","embeddable":true,"href":"https:\/\/cgsbaleares.com\/ca\/wp-json\/wp\/v2\/categories?post=22612"},{"taxonomy":"post_tag","embeddable":true,"href":"https:\/\/cgsbaleares.com\/ca\/wp-json\/wp\/v2\/tags?post=22612"}],"curies":[{"name":"wp","href":"https:\/\/api.w.org\/{rel}","templated":true}]}}