{"id":23441,"date":"2025-09-25T13:42:32","date_gmt":"2025-09-25T11:42:32","guid":{"rendered":"https:\/\/cgsbaleares.com\/?p=23441"},"modified":"2025-09-25T13:50:30","modified_gmt":"2025-09-25T11:50:30","slug":"sessio-formativa-sobre-facturacio-electronica-i-verifactu-en-collaboracio-amb-el-collegi-de-gestors-administratius-de-balears","status":"publish","type":"post","link":"https:\/\/cgsbaleares.com\/ca\/sessio-formativa-sobre-facturacio-electronica-i-verifactu-en-collaboracio-amb-el-collegi-de-gestors-administratius-de-balears\/","title":{"rendered":"Sessi\u00f3 Formativa sobre \u00abFacturaci\u00f3 electr\u00f2nica i Verifactu\u00bb en col\u00b7laboraci\u00f3 amb el Col\u00b7legi de Gestors Administratius de Balears"},"content":{"rendered":"\n<p><\/p>\n\n\n\n<p>El 16 de setembre de 2025, la seu col\u00b7legial va acollir la Sessi\u00f3 Formativa \u00abFacturaci\u00f3 electr\u00f2nica i Verifactu\u00bb, organitzada per l\u2019Il\u00b7lustre Col\u00b7legi Oficial de Graduats Socials de les Illes Balears en col\u00b7laboraci\u00f3 amb l\u2019Il\u00b7lustre Col\u00b7legi de Gestors Administratius de Balears. Una convocat\u00f2ria necess\u00e0ria per aportar certeses en un moment de canvis normatius que afecten plenament els despatxos, les pimes i els aut\u00f2noms.<\/p>\n\n\n\n<p>La jornada fou presidida per Federico Hermosel, tresorer de l\u2019Il\u00b7lustre Col\u00b7legi de Graduats Socials de les Illes Balears, qui exerc\u00ed d\u2019amfitri\u00f3 durant la presentaci\u00f3 de l\u2019acte. Per part seva, Miguel \u00c1ngel Garc\u00eda, president del Col\u00b7legi de Gestors Administratius de Balears, fou l\u2019encarregat de presentar els ponents.<\/p>\n\n\n\n<p>La sessi\u00f3 compt\u00e0 amb les intervencions de Santiago Janer, associat principal del departament de Dret Tributari de Garrigues Advocats, i Antonio Soler, associat del mateix departament, qui desenvoluparem el marc te\u00f2ric de la normativa sobre facturaci\u00f3 electr\u00f2nica i el sistema Verifactu. A continuaci\u00f3, Daniel Mart\u00edn, director a Global 4, partner de refer\u00e8ncia de Wolters Kluwer, aport\u00e0 la visi\u00f3 pr\u00e0ctica, abordant l\u2019aplicaci\u00f3 real dels requisits i eines implicades en el proc\u00e9s.<\/p>\n\n\n\n<p>Es tractaren conceptes clau com ara els requisits i l\u2019\u00e0mbit d\u2019aplicaci\u00f3 de la facturaci\u00f3 electr\u00f2nica i de Verifactu, les seves difer\u00e8ncies, la configuraci\u00f3 antifrau, l\u2019\u00fas del hash a les factures, els registres de control i certificats, la informaci\u00f3 que s\u2019ha d\u2019enviar i la que no, exemples amb codis QR, riscs a evitar, l\u2019impacte en detallistes amb TPVs i balances, i una revisi\u00f3 del procediment d\u2019execuci\u00f3 for\u00e7osa (apremi).<\/p>\n\n\n\n<p>La sessi\u00f3 registr\u00e0 un gran qu\u00f2rum, tant en modalitat presencial com en l\u00ednia, i es caracteritz\u00e0 per un alt grau de participaci\u00f3 per part dels assistents. En acabar les exposicions, els ponents respongueren nombroses preguntes, generant un espai molt enriquidor de di\u00e0leg t\u00e8cnic i aclariment de dubtes.<\/p>\n\n\n\n<p>Una sessi\u00f3 interessant amb l\u2019objectiu d\u2019apropar la normativa a la seva implementaci\u00f3 real i dotar els Graduats Socials de les Illes Balears d\u2019eines per anticipar canvis i consolidar bones pr\u00e0ctiques.<\/p>\n\n\n\n<figure class=\"wp-block-image size-large\"><img fetchpriority=\"high\" decoding=\"async\" width=\"1024\" height=\"683\" src=\"https:\/\/cgsbaleares.com\/wp-content\/uploads\/2025\/09\/fotoponentes-1-1024x683.jpg\" alt=\"\" class=\"wp-image-23446\" srcset=\"https:\/\/cgsbaleares.com\/wp-content\/uploads\/2025\/09\/fotoponentes-1-1024x683.jpg 1024w, https:\/\/cgsbaleares.com\/wp-content\/uploads\/2025\/09\/fotoponentes-1-300x200.jpg 300w, https:\/\/cgsbaleares.com\/wp-content\/uploads\/2025\/09\/fotoponentes-1-768x512.jpg 768w, https:\/\/cgsbaleares.com\/wp-content\/uploads\/2025\/09\/fotoponentes-1-1536x1024.jpg 1536w, https:\/\/cgsbaleares.com\/wp-content\/uploads\/2025\/09\/fotoponentes-1-2048x1365.jpg 2048w\" sizes=\"(max-width: 1024px) 100vw, 1024px\" \/><\/figure>\n","protected":false},"excerpt":{"rendered":"<p>El 16 de setembre de 2025, la seu col\u00b7legial va acollir la Sessi\u00f3 Formativa \u00abFacturaci\u00f3 electr\u00f2nica i Verifactu\u00bb, organitzada per l\u2019Il\u00b7lustre Col\u00b7legi Oficial de Graduats Socials de les Illes Balears en col\u00b7laboraci\u00f3 amb l\u2019Il\u00b7lustre Col\u00b7legi de Gestors Administratius de Balears. Una convocat\u00f2ria necess\u00e0ria per aportar certeses en un moment de canvis normatius que afecten plenament [&hellip;]<\/p>\n","protected":false},"author":677,"featured_media":23442,"comment_status":"closed","ping_status":"closed","sticky":false,"template":"","format":"standard","meta":{"_monsterinsights_skip_tracking":false,"_monsterinsights_sitenote_active":false,"_monsterinsights_sitenote_note":"","_monsterinsights_sitenote_category":0,"_uf_show_specific_survey":0,"_uf_disable_surveys":false,"_jet_sm_ready_style":"","_jet_sm_style":"","_jet_sm_controls_values":"","_jet_sm_fonts_collection":"","_jet_sm_fonts_links":"","footnotes":""},"categories":[317],"tags":[],"class_list":["post-23441","post","type-post","status-publish","format-standard","has-post-thumbnail","hentry","category-cursos-i-formacio"],"desde":null,"hasta":null,"texto_circular":null,"hora_envio":null,"texto_ciruclar":null,"texto-circular":null,"asunto_circular":null,"documentos":null,"lugar_del_evento":null,"texto_fechas_":null,"envio_circular":null,"enviar_newsletter":null,"fecha_envio":null,"estado_envio":null,"destinatarios":null,"demarcaciones":null,"pendiente":null,"yoast_head":"<!-- This site is optimized with the Yoast SEO plugin v27.5 - https:\/\/yoast.com\/product\/yoast-seo-wordpress\/ -->\n<title>Sessi\u00f3 Formativa sobre \u00abFacturaci\u00f3 electr\u00f2nica i Verifactu\u00bb en col\u00b7laboraci\u00f3 amb el Col\u00b7legi de Gestors Administratius de Balears - Il\u00b7lustre Col\u00b7legi Oficial de Graduats Socials de le Illes Balears<\/title>\n<meta name=\"robots\" content=\"index, follow, max-snippet:-1, max-image-preview:large, max-video-preview:-1\" \/>\n<link rel=\"canonical\" href=\"https:\/\/cgsbaleares.com\/ca\/sessio-formativa-sobre-facturacio-electronica-i-verifactu-en-collaboracio-amb-el-collegi-de-gestors-administratius-de-balears\/\" \/>\n<meta property=\"og:locale\" content=\"ca_ES\" \/>\n<meta property=\"og:type\" content=\"article\" \/>\n<meta property=\"og:title\" content=\"Sessi\u00f3 Formativa sobre \u00abFacturaci\u00f3 electr\u00f2nica i Verifactu\u00bb en col\u00b7laboraci\u00f3 amb el Col\u00b7legi de Gestors Administratius de Balears - Il\u00b7lustre Col\u00b7legi Oficial de Graduats Socials de le Illes Balears\" \/>\n<meta property=\"og:description\" content=\"El 16 de setembre de 2025, la seu col\u00b7legial va acollir la Sessi\u00f3 Formativa \u00abFacturaci\u00f3 electr\u00f2nica i Verifactu\u00bb, organitzada per l\u2019Il\u00b7lustre Col\u00b7legi Oficial de Graduats Socials de les Illes Balears en col\u00b7laboraci\u00f3 amb l\u2019Il\u00b7lustre Col\u00b7legi de Gestors Administratius de Balears. Una convocat\u00f2ria necess\u00e0ria per aportar certeses en un moment de canvis normatius que afecten plenament [&hellip;]\" \/>\n<meta property=\"og:url\" content=\"https:\/\/cgsbaleares.com\/ca\/sessio-formativa-sobre-facturacio-electronica-i-verifactu-en-collaboracio-amb-el-collegi-de-gestors-administratius-de-balears\/\" \/>\n<meta property=\"og:site_name\" content=\"Il\u00b7lustre Col\u00b7legi Oficial de Graduats Socials de le Illes Balears\" \/>\n<meta property=\"article:publisher\" content=\"https:\/\/www.facebook.com\/graduadossocialesbaleares\" \/>\n<meta property=\"article:published_time\" content=\"2025-09-25T11:42:32+00:00\" \/>\n<meta property=\"article:modified_time\" content=\"2025-09-25T11:50:30+00:00\" \/>\n<meta property=\"og:image\" content=\"https:\/\/cgsbaleares.com\/wp-content\/uploads\/2025\/09\/foto3-copia.web_-1-scaled.jpg\" \/>\n\t<meta property=\"og:image:width\" content=\"2560\" \/>\n\t<meta property=\"og:image:height\" content=\"1707\" \/>\n\t<meta property=\"og:image:type\" content=\"image\/jpeg\" \/>\n<meta name=\"author\" content=\"Juan Fiol Alemany\" \/>\n<meta name=\"twitter:card\" content=\"summary_large_image\" \/>\n<meta name=\"twitter:creator\" content=\"@cgsbaleares\" \/>\n<meta name=\"twitter:site\" content=\"@cgsbaleares\" \/>\n<meta name=\"twitter:label1\" content=\"Escrit per\" \/>\n\t<meta name=\"twitter:data1\" content=\"Juan Fiol Alemany\" \/>\n\t<meta name=\"twitter:label2\" content=\"Temps estimat de lectura\" \/>\n\t<meta name=\"twitter:data2\" content=\"2 minuts\" \/>\n<script type=\"application\/ld+json\" class=\"yoast-schema-graph\">{\"@context\":\"https:\\\/\\\/schema.org\",\"@graph\":[{\"@type\":\"Article\",\"@id\":\"https:\\\/\\\/cgsbaleares.com\\\/ca\\\/sessio-formativa-sobre-facturacio-electronica-i-verifactu-en-collaboracio-amb-el-collegi-de-gestors-administratius-de-balears\\\/#article\",\"isPartOf\":{\"@id\":\"https:\\\/\\\/cgsbaleares.com\\\/ca\\\/sessio-formativa-sobre-facturacio-electronica-i-verifactu-en-collaboracio-amb-el-collegi-de-gestors-administratius-de-balears\\\/\"},\"author\":{\"name\":\"Juan Fiol Alemany\",\"@id\":\"http:\\\/\\\/cgsbaleares.com\\\/#\\\/schema\\\/person\\\/7b75e24dfcb0b9f1376ec78afc253cd4\"},\"headline\":\"Sessi\u00f3 Formativa sobre \u00abFacturaci\u00f3 electr\u00f2nica i Verifactu\u00bb en col\u00b7laboraci\u00f3 amb el Col\u00b7legi de Gestors Administratius de Balears\",\"datePublished\":\"2025-09-25T11:42:32+00:00\",\"dateModified\":\"2025-09-25T11:50:30+00:00\",\"mainEntityOfPage\":{\"@id\":\"https:\\\/\\\/cgsbaleares.com\\\/ca\\\/sessio-formativa-sobre-facturacio-electronica-i-verifactu-en-collaboracio-amb-el-collegi-de-gestors-administratius-de-balears\\\/\"},\"wordCount\":384,\"publisher\":{\"@id\":\"http:\\\/\\\/cgsbaleares.com\\\/#organization\"},\"image\":{\"@id\":\"https:\\\/\\\/cgsbaleares.com\\\/ca\\\/sessio-formativa-sobre-facturacio-electronica-i-verifactu-en-collaboracio-amb-el-collegi-de-gestors-administratius-de-balears\\\/#primaryimage\"},\"thumbnailUrl\":\"https:\\\/\\\/cgsbaleares.com\\\/wp-content\\\/uploads\\\/2025\\\/09\\\/foto3-copia.web_-1-scaled.jpg\",\"articleSection\":[\"Cursos i formaci\u00f3\"],\"inLanguage\":\"ca\"},{\"@type\":\"WebPage\",\"@id\":\"https:\\\/\\\/cgsbaleares.com\\\/ca\\\/sessio-formativa-sobre-facturacio-electronica-i-verifactu-en-collaboracio-amb-el-collegi-de-gestors-administratius-de-balears\\\/\",\"url\":\"https:\\\/\\\/cgsbaleares.com\\\/ca\\\/sessio-formativa-sobre-facturacio-electronica-i-verifactu-en-collaboracio-amb-el-collegi-de-gestors-administratius-de-balears\\\/\",\"name\":\"Sessi\u00f3 Formativa sobre \u00abFacturaci\u00f3 electr\u00f2nica i Verifactu\u00bb en col\u00b7laboraci\u00f3 amb el Col\u00b7legi de Gestors Administratius de Balears - Il\u00b7lustre Col\u00b7legi Oficial de Graduats Socials de le Illes Balears\",\"isPartOf\":{\"@id\":\"http:\\\/\\\/cgsbaleares.com\\\/#website\"},\"primaryImageOfPage\":{\"@id\":\"https:\\\/\\\/cgsbaleares.com\\\/ca\\\/sessio-formativa-sobre-facturacio-electronica-i-verifactu-en-collaboracio-amb-el-collegi-de-gestors-administratius-de-balears\\\/#primaryimage\"},\"image\":{\"@id\":\"https:\\\/\\\/cgsbaleares.com\\\/ca\\\/sessio-formativa-sobre-facturacio-electronica-i-verifactu-en-collaboracio-amb-el-collegi-de-gestors-administratius-de-balears\\\/#primaryimage\"},\"thumbnailUrl\":\"https:\\\/\\\/cgsbaleares.com\\\/wp-content\\\/uploads\\\/2025\\\/09\\\/foto3-copia.web_-1-scaled.jpg\",\"datePublished\":\"2025-09-25T11:42:32+00:00\",\"dateModified\":\"2025-09-25T11:50:30+00:00\",\"breadcrumb\":{\"@id\":\"https:\\\/\\\/cgsbaleares.com\\\/ca\\\/sessio-formativa-sobre-facturacio-electronica-i-verifactu-en-collaboracio-amb-el-collegi-de-gestors-administratius-de-balears\\\/#breadcrumb\"},\"inLanguage\":\"ca\",\"potentialAction\":[{\"@type\":\"ReadAction\",\"target\":[\"https:\\\/\\\/cgsbaleares.com\\\/ca\\\/sessio-formativa-sobre-facturacio-electronica-i-verifactu-en-collaboracio-amb-el-collegi-de-gestors-administratius-de-balears\\\/\"]}]},{\"@type\":\"ImageObject\",\"inLanguage\":\"ca\",\"@id\":\"https:\\\/\\\/cgsbaleares.com\\\/ca\\\/sessio-formativa-sobre-facturacio-electronica-i-verifactu-en-collaboracio-amb-el-collegi-de-gestors-administratius-de-balears\\\/#primaryimage\",\"url\":\"https:\\\/\\\/cgsbaleares.com\\\/wp-content\\\/uploads\\\/2025\\\/09\\\/foto3-copia.web_-1-scaled.jpg\",\"contentUrl\":\"https:\\\/\\\/cgsbaleares.com\\\/wp-content\\\/uploads\\\/2025\\\/09\\\/foto3-copia.web_-1-scaled.jpg\",\"width\":2560,\"height\":1707},{\"@type\":\"BreadcrumbList\",\"@id\":\"https:\\\/\\\/cgsbaleares.com\\\/ca\\\/sessio-formativa-sobre-facturacio-electronica-i-verifactu-en-collaboracio-amb-el-collegi-de-gestors-administratius-de-balears\\\/#breadcrumb\",\"itemListElement\":[{\"@type\":\"ListItem\",\"position\":1,\"name\":\"Portada\",\"item\":\"http:\\\/\\\/cgsbaleares.com\\\/ca\\\/\"},{\"@type\":\"ListItem\",\"position\":2,\"name\":\"Sessi\u00f3 Formativa sobre \u00abFacturaci\u00f3 electr\u00f2nica i Verifactu\u00bb en col\u00b7laboraci\u00f3 amb el Col\u00b7legi de Gestors Administratius de Balears\"}]},{\"@type\":\"WebSite\",\"@id\":\"http:\\\/\\\/cgsbaleares.com\\\/#website\",\"url\":\"http:\\\/\\\/cgsbaleares.com\\\/\",\"name\":\"Il\u00b7ustre Col\u00b7legi Oficial de Graduats Socials de le Illes Balears\",\"description\":\"Il\u00b7lustre Col\u00b7legi Oficial de Graduats Socials de les Illes Balears\",\"publisher\":{\"@id\":\"http:\\\/\\\/cgsbaleares.com\\\/#organization\"},\"potentialAction\":[{\"@type\":\"SearchAction\",\"target\":{\"@type\":\"EntryPoint\",\"urlTemplate\":\"http:\\\/\\\/cgsbaleares.com\\\/?s={search_term_string}\"},\"query-input\":{\"@type\":\"PropertyValueSpecification\",\"valueRequired\":true,\"valueName\":\"search_term_string\"}}],\"inLanguage\":\"ca\"},{\"@type\":\"Organization\",\"@id\":\"http:\\\/\\\/cgsbaleares.com\\\/#organization\",\"name\":\"Il\u00b7ustre Col\u00b7legi Oficial de Graduats Socials de le Illes Balears\",\"url\":\"http:\\\/\\\/cgsbaleares.com\\\/\",\"logo\":{\"@type\":\"ImageObject\",\"inLanguage\":\"ca\",\"@id\":\"http:\\\/\\\/cgsbaleares.com\\\/#\\\/schema\\\/logo\\\/image\\\/\",\"url\":\"https:\\\/\\\/cgsbaleares.com\\\/wp-content\\\/uploads\\\/2024\\\/08\\\/CGS_logo_baleares_500x152.png\",\"contentUrl\":\"https:\\\/\\\/cgsbaleares.com\\\/wp-content\\\/uploads\\\/2024\\\/08\\\/CGS_logo_baleares_500x152.png\",\"width\":500,\"height\":152,\"caption\":\"Il\u00b7ustre Col\u00b7legi Oficial de Graduats Socials de le Illes Balears\"},\"image\":{\"@id\":\"http:\\\/\\\/cgsbaleares.com\\\/#\\\/schema\\\/logo\\\/image\\\/\"},\"sameAs\":[\"https:\\\/\\\/www.facebook.com\\\/graduadossocialesbaleares\",\"https:\\\/\\\/x.com\\\/cgsbaleares\",\"https:\\\/\\\/www.instagram.com\\\/cgsbaleares\\\/\",\"https:\\\/\\\/www.linkedin.com\\\/company\\\/cgsbaleares\\\/\"]},{\"@type\":\"Person\",\"@id\":\"http:\\\/\\\/cgsbaleares.com\\\/#\\\/schema\\\/person\\\/7b75e24dfcb0b9f1376ec78afc253cd4\",\"name\":\"Juan Fiol Alemany\",\"image\":{\"@type\":\"ImageObject\",\"inLanguage\":\"ca\",\"@id\":\"https:\\\/\\\/secure.gravatar.com\\\/avatar\\\/9569b8e61fcb5be8918bb8ea705df8ad474ba356ff9e971390314751e816c08d?s=96&d=mm&r=g\",\"url\":\"https:\\\/\\\/secure.gravatar.com\\\/avatar\\\/9569b8e61fcb5be8918bb8ea705df8ad474ba356ff9e971390314751e816c08d?s=96&d=mm&r=g\",\"contentUrl\":\"https:\\\/\\\/secure.gravatar.com\\\/avatar\\\/9569b8e61fcb5be8918bb8ea705df8ad474ba356ff9e971390314751e816c08d?s=96&d=mm&r=g\",\"caption\":\"Juan Fiol Alemany\"},\"url\":\"https:\\\/\\\/cgsbaleares.com\\\/ca\\\/colegiado\\\/juan-fiol-alemany\\\/\"}]}<\/script>\n<!-- \/ Yoast SEO plugin. -->","yoast_head_json":{"title":"Sessi\u00f3 Formativa sobre \u00abFacturaci\u00f3 electr\u00f2nica i Verifactu\u00bb en col\u00b7laboraci\u00f3 amb el Col\u00b7legi de Gestors Administratius de Balears - Il\u00b7lustre Col\u00b7legi Oficial de Graduats Socials de le Illes Balears","robots":{"index":"index","follow":"follow","max-snippet":"max-snippet:-1","max-image-preview":"max-image-preview:large","max-video-preview":"max-video-preview:-1"},"canonical":"https:\/\/cgsbaleares.com\/ca\/sessio-formativa-sobre-facturacio-electronica-i-verifactu-en-collaboracio-amb-el-collegi-de-gestors-administratius-de-balears\/","og_locale":"ca_ES","og_type":"article","og_title":"Sessi\u00f3 Formativa sobre \u00abFacturaci\u00f3 electr\u00f2nica i Verifactu\u00bb en col\u00b7laboraci\u00f3 amb el Col\u00b7legi de Gestors Administratius de Balears - Il\u00b7lustre Col\u00b7legi Oficial de Graduats Socials de le Illes Balears","og_description":"El 16 de setembre de 2025, la seu col\u00b7legial va acollir la Sessi\u00f3 Formativa \u00abFacturaci\u00f3 electr\u00f2nica i Verifactu\u00bb, organitzada per l\u2019Il\u00b7lustre Col\u00b7legi Oficial de Graduats Socials de les Illes Balears en col\u00b7laboraci\u00f3 amb l\u2019Il\u00b7lustre Col\u00b7legi de Gestors Administratius de Balears. Una convocat\u00f2ria necess\u00e0ria per aportar certeses en un moment de canvis normatius que afecten plenament [&hellip;]","og_url":"https:\/\/cgsbaleares.com\/ca\/sessio-formativa-sobre-facturacio-electronica-i-verifactu-en-collaboracio-amb-el-collegi-de-gestors-administratius-de-balears\/","og_site_name":"Il\u00b7lustre Col\u00b7legi Oficial de Graduats Socials de le Illes Balears","article_publisher":"https:\/\/www.facebook.com\/graduadossocialesbaleares","article_published_time":"2025-09-25T11:42:32+00:00","article_modified_time":"2025-09-25T11:50:30+00:00","og_image":[{"width":2560,"height":1707,"url":"https:\/\/cgsbaleares.com\/wp-content\/uploads\/2025\/09\/foto3-copia.web_-1-scaled.jpg","type":"image\/jpeg"}],"author":"Juan Fiol Alemany","twitter_card":"summary_large_image","twitter_creator":"@cgsbaleares","twitter_site":"@cgsbaleares","twitter_misc":{"Escrit per":"Juan Fiol Alemany","Temps estimat de lectura":"2 minuts"},"schema":{"@context":"https:\/\/schema.org","@graph":[{"@type":"Article","@id":"https:\/\/cgsbaleares.com\/ca\/sessio-formativa-sobre-facturacio-electronica-i-verifactu-en-collaboracio-amb-el-collegi-de-gestors-administratius-de-balears\/#article","isPartOf":{"@id":"https:\/\/cgsbaleares.com\/ca\/sessio-formativa-sobre-facturacio-electronica-i-verifactu-en-collaboracio-amb-el-collegi-de-gestors-administratius-de-balears\/"},"author":{"name":"Juan Fiol Alemany","@id":"http:\/\/cgsbaleares.com\/#\/schema\/person\/7b75e24dfcb0b9f1376ec78afc253cd4"},"headline":"Sessi\u00f3 Formativa sobre \u00abFacturaci\u00f3 electr\u00f2nica i Verifactu\u00bb en col\u00b7laboraci\u00f3 amb el Col\u00b7legi de Gestors Administratius de Balears","datePublished":"2025-09-25T11:42:32+00:00","dateModified":"2025-09-25T11:50:30+00:00","mainEntityOfPage":{"@id":"https:\/\/cgsbaleares.com\/ca\/sessio-formativa-sobre-facturacio-electronica-i-verifactu-en-collaboracio-amb-el-collegi-de-gestors-administratius-de-balears\/"},"wordCount":384,"publisher":{"@id":"http:\/\/cgsbaleares.com\/#organization"},"image":{"@id":"https:\/\/cgsbaleares.com\/ca\/sessio-formativa-sobre-facturacio-electronica-i-verifactu-en-collaboracio-amb-el-collegi-de-gestors-administratius-de-balears\/#primaryimage"},"thumbnailUrl":"https:\/\/cgsbaleares.com\/wp-content\/uploads\/2025\/09\/foto3-copia.web_-1-scaled.jpg","articleSection":["Cursos i formaci\u00f3"],"inLanguage":"ca"},{"@type":"WebPage","@id":"https:\/\/cgsbaleares.com\/ca\/sessio-formativa-sobre-facturacio-electronica-i-verifactu-en-collaboracio-amb-el-collegi-de-gestors-administratius-de-balears\/","url":"https:\/\/cgsbaleares.com\/ca\/sessio-formativa-sobre-facturacio-electronica-i-verifactu-en-collaboracio-amb-el-collegi-de-gestors-administratius-de-balears\/","name":"Sessi\u00f3 Formativa sobre \u00abFacturaci\u00f3 electr\u00f2nica i Verifactu\u00bb en col\u00b7laboraci\u00f3 amb el Col\u00b7legi de Gestors Administratius de Balears - Il\u00b7lustre Col\u00b7legi Oficial de Graduats Socials de le Illes Balears","isPartOf":{"@id":"http:\/\/cgsbaleares.com\/#website"},"primaryImageOfPage":{"@id":"https:\/\/cgsbaleares.com\/ca\/sessio-formativa-sobre-facturacio-electronica-i-verifactu-en-collaboracio-amb-el-collegi-de-gestors-administratius-de-balears\/#primaryimage"},"image":{"@id":"https:\/\/cgsbaleares.com\/ca\/sessio-formativa-sobre-facturacio-electronica-i-verifactu-en-collaboracio-amb-el-collegi-de-gestors-administratius-de-balears\/#primaryimage"},"thumbnailUrl":"https:\/\/cgsbaleares.com\/wp-content\/uploads\/2025\/09\/foto3-copia.web_-1-scaled.jpg","datePublished":"2025-09-25T11:42:32+00:00","dateModified":"2025-09-25T11:50:30+00:00","breadcrumb":{"@id":"https:\/\/cgsbaleares.com\/ca\/sessio-formativa-sobre-facturacio-electronica-i-verifactu-en-collaboracio-amb-el-collegi-de-gestors-administratius-de-balears\/#breadcrumb"},"inLanguage":"ca","potentialAction":[{"@type":"ReadAction","target":["https:\/\/cgsbaleares.com\/ca\/sessio-formativa-sobre-facturacio-electronica-i-verifactu-en-collaboracio-amb-el-collegi-de-gestors-administratius-de-balears\/"]}]},{"@type":"ImageObject","inLanguage":"ca","@id":"https:\/\/cgsbaleares.com\/ca\/sessio-formativa-sobre-facturacio-electronica-i-verifactu-en-collaboracio-amb-el-collegi-de-gestors-administratius-de-balears\/#primaryimage","url":"https:\/\/cgsbaleares.com\/wp-content\/uploads\/2025\/09\/foto3-copia.web_-1-scaled.jpg","contentUrl":"https:\/\/cgsbaleares.com\/wp-content\/uploads\/2025\/09\/foto3-copia.web_-1-scaled.jpg","width":2560,"height":1707},{"@type":"BreadcrumbList","@id":"https:\/\/cgsbaleares.com\/ca\/sessio-formativa-sobre-facturacio-electronica-i-verifactu-en-collaboracio-amb-el-collegi-de-gestors-administratius-de-balears\/#breadcrumb","itemListElement":[{"@type":"ListItem","position":1,"name":"Portada","item":"http:\/\/cgsbaleares.com\/ca\/"},{"@type":"ListItem","position":2,"name":"Sessi\u00f3 Formativa sobre \u00abFacturaci\u00f3 electr\u00f2nica i Verifactu\u00bb en col\u00b7laboraci\u00f3 amb el Col\u00b7legi de Gestors Administratius de Balears"}]},{"@type":"WebSite","@id":"http:\/\/cgsbaleares.com\/#website","url":"http:\/\/cgsbaleares.com\/","name":"Il\u00b7ustre Col\u00b7legi Oficial de Graduats Socials de le Illes Balears","description":"Il\u00b7lustre Col\u00b7legi Oficial de Graduats Socials de les Illes Balears","publisher":{"@id":"http:\/\/cgsbaleares.com\/#organization"},"potentialAction":[{"@type":"SearchAction","target":{"@type":"EntryPoint","urlTemplate":"http:\/\/cgsbaleares.com\/?s={search_term_string}"},"query-input":{"@type":"PropertyValueSpecification","valueRequired":true,"valueName":"search_term_string"}}],"inLanguage":"ca"},{"@type":"Organization","@id":"http:\/\/cgsbaleares.com\/#organization","name":"Il\u00b7ustre Col\u00b7legi Oficial de Graduats Socials de le Illes Balears","url":"http:\/\/cgsbaleares.com\/","logo":{"@type":"ImageObject","inLanguage":"ca","@id":"http:\/\/cgsbaleares.com\/#\/schema\/logo\/image\/","url":"https:\/\/cgsbaleares.com\/wp-content\/uploads\/2024\/08\/CGS_logo_baleares_500x152.png","contentUrl":"https:\/\/cgsbaleares.com\/wp-content\/uploads\/2024\/08\/CGS_logo_baleares_500x152.png","width":500,"height":152,"caption":"Il\u00b7ustre Col\u00b7legi Oficial de Graduats Socials de le Illes Balears"},"image":{"@id":"http:\/\/cgsbaleares.com\/#\/schema\/logo\/image\/"},"sameAs":["https:\/\/www.facebook.com\/graduadossocialesbaleares","https:\/\/x.com\/cgsbaleares","https:\/\/www.instagram.com\/cgsbaleares\/","https:\/\/www.linkedin.com\/company\/cgsbaleares\/"]},{"@type":"Person","@id":"http:\/\/cgsbaleares.com\/#\/schema\/person\/7b75e24dfcb0b9f1376ec78afc253cd4","name":"Juan Fiol Alemany","image":{"@type":"ImageObject","inLanguage":"ca","@id":"https:\/\/secure.gravatar.com\/avatar\/9569b8e61fcb5be8918bb8ea705df8ad474ba356ff9e971390314751e816c08d?s=96&d=mm&r=g","url":"https:\/\/secure.gravatar.com\/avatar\/9569b8e61fcb5be8918bb8ea705df8ad474ba356ff9e971390314751e816c08d?s=96&d=mm&r=g","contentUrl":"https:\/\/secure.gravatar.com\/avatar\/9569b8e61fcb5be8918bb8ea705df8ad474ba356ff9e971390314751e816c08d?s=96&d=mm&r=g","caption":"Juan Fiol Alemany"},"url":"https:\/\/cgsbaleares.com\/ca\/colegiado\/juan-fiol-alemany\/"}]}},"_links":{"self":[{"href":"https:\/\/cgsbaleares.com\/ca\/wp-json\/wp\/v2\/posts\/23441","targetHints":{"allow":["GET"]}}],"collection":[{"href":"https:\/\/cgsbaleares.com\/ca\/wp-json\/wp\/v2\/posts"}],"about":[{"href":"https:\/\/cgsbaleares.com\/ca\/wp-json\/wp\/v2\/types\/post"}],"author":[{"embeddable":true,"href":"https:\/\/cgsbaleares.com\/ca\/wp-json\/wp\/v2\/users\/677"}],"replies":[{"embeddable":true,"href":"https:\/\/cgsbaleares.com\/ca\/wp-json\/wp\/v2\/comments?post=23441"}],"version-history":[{"count":3,"href":"https:\/\/cgsbaleares.com\/ca\/wp-json\/wp\/v2\/posts\/23441\/revisions"}],"predecessor-version":[{"id":23448,"href":"https:\/\/cgsbaleares.com\/ca\/wp-json\/wp\/v2\/posts\/23441\/revisions\/23448"}],"wp:featuredmedia":[{"embeddable":true,"href":"https:\/\/cgsbaleares.com\/ca\/wp-json\/wp\/v2\/media\/23442"}],"wp:attachment":[{"href":"https:\/\/cgsbaleares.com\/ca\/wp-json\/wp\/v2\/media?parent=23441"}],"wp:term":[{"taxonomy":"category","embeddable":true,"href":"https:\/\/cgsbaleares.com\/ca\/wp-json\/wp\/v2\/categories?post=23441"},{"taxonomy":"post_tag","embeddable":true,"href":"https:\/\/cgsbaleares.com\/ca\/wp-json\/wp\/v2\/tags?post=23441"}],"curies":[{"name":"wp","href":"https:\/\/api.w.org\/{rel}","templated":true}]}}