{"id":24055,"date":"2025-10-16T10:17:21","date_gmt":"2025-10-16T08:17:21","guid":{"rendered":"https:\/\/cgsbaleares.com\/?p=24055"},"modified":"2025-10-16T10:27:03","modified_gmt":"2025-10-16T08:27:03","slug":"aspectes-practics-duna-demanda-judicial-i-acte-de-judici-el-que-no-surt-als-llibres","status":"publish","type":"post","link":"https:\/\/cgsbaleares.com\/ca\/aspectes-practics-duna-demanda-judicial-i-acte-de-judici-el-que-no-surt-als-llibres\/","title":{"rendered":"Aspectes pr\u00e0ctics d\u2019una demanda judicial i acte de judici. El que no surt als llibres"},"content":{"rendered":"\n<p><\/p>\n\n\n\n<p>L\u2019Il\u00b7lustre Col\u00b7legi Oficial de Graduats Socials de les Illes Balears, en col\u00b7laboraci\u00f3 amb la Fundaci\u00f3 de Graduats Socials de les Illes Balears, va celebrar la sessi\u00f3 formativa <em>\u00abAspectes pr<\/em><em>\u00e0<\/em><em>ctics d<\/em><em>\u2019<\/em><em>una demanda judicial i acte de judici. Aquelles coses que no surten als llibres\u00bb<\/em>.<\/p>\n\n\n\n<p>L\u2019acte, presentat per la presidenta del Col\u00b7legi, Merc\u00e8 Garc\u00eda, va tenir com a ponent Jos\u00e9 Manuel Raya, graduat social i advocat, soci responsable de l\u2019\u00e0rea laboral a DMS Legal, qui al llarg de la sessi\u00f3 va oferir una revisi\u00f3 clara i aplicada del recorregut complet: des de la rellev\u00e0ncia de la papereta i l\u2019acte de conciliaci\u00f3 fins a la preparaci\u00f3 i defensa de la demanda, amb especial atenci\u00f3 a l\u2019enfocament, la fonamentaci\u00f3, l\u2019estructura i un petitum (suplicatori) ben constru\u00eft. Ja en el judici, va desgranar les fases i les incid\u00e8ncies m\u00e9s habituals, l\u2019\u00fas efectiu de la prova, la comunicaci\u00f3 verbal i no verbal, la manera d\u2019interrogar, la impugnaci\u00f3 oportuna i la formulaci\u00f3 de conclusions que tanquin el cas amb solidesa.<\/p>\n\n\n\n<p>Dues hores de criteris pr\u00e0ctics i recomanacions aplicables que reforcen el comprom\u00eds del Col\u00b7legi de Graduats Socials de Balears amb una formaci\u00f3 \u00fatil, propera a la realitat de l\u2019exercici professional.<\/p>\n\n\n\n<figure class=\"wp-block-image size-large\"><img fetchpriority=\"high\" decoding=\"async\" width=\"1024\" height=\"683\" src=\"https:\/\/cgsbaleares.com\/wp-content\/uploads\/2025\/10\/foto1-copiaweb-1-1024x683.jpg\" alt=\"\" class=\"wp-image-24056\" srcset=\"https:\/\/cgsbaleares.com\/wp-content\/uploads\/2025\/10\/foto1-copiaweb-1-1024x683.jpg 1024w, https:\/\/cgsbaleares.com\/wp-content\/uploads\/2025\/10\/foto1-copiaweb-1-300x200.jpg 300w, https:\/\/cgsbaleares.com\/wp-content\/uploads\/2025\/10\/foto1-copiaweb-1-768x512.jpg 768w, https:\/\/cgsbaleares.com\/wp-content\/uploads\/2025\/10\/foto1-copiaweb-1-1536x1024.jpg 1536w, https:\/\/cgsbaleares.com\/wp-content\/uploads\/2025\/10\/foto1-copiaweb-1-2048x1365.jpg 2048w\" sizes=\"(max-width: 1024px) 100vw, 1024px\" \/><\/figure>\n","protected":false},"excerpt":{"rendered":"<p>L\u2019Il\u00b7lustre Col\u00b7legi Oficial de Graduats Socials de les Illes Balears, en col\u00b7laboraci\u00f3 amb la Fundaci\u00f3 de Graduats Socials de les Illes Balears, va celebrar la sessi\u00f3 formativa \u00abAspectes pr\u00e0ctics d\u2019una demanda judicial i acte de judici. Aquelles coses que no surten als llibres\u00bb. L\u2019acte, presentat per la presidenta del Col\u00b7legi, Merc\u00e8 Garc\u00eda, va tenir com [&hellip;]<\/p>\n","protected":false},"author":677,"featured_media":24050,"comment_status":"closed","ping_status":"open","sticky":false,"template":"","format":"standard","meta":{"_monsterinsights_skip_tracking":false,"_monsterinsights_sitenote_active":false,"_monsterinsights_sitenote_note":"","_monsterinsights_sitenote_category":0,"_uf_show_specific_survey":0,"_uf_disable_surveys":false,"_jet_sm_ready_style":"","_jet_sm_style":"","_jet_sm_controls_values":"","_jet_sm_fonts_collection":"","_jet_sm_fonts_links":"","footnotes":""},"categories":[317],"tags":[],"class_list":["post-24055","post","type-post","status-publish","format-standard","has-post-thumbnail","hentry","category-cursos-i-formacio"],"desde":null,"hasta":null,"texto_circular":null,"hora_envio":null,"texto_ciruclar":null,"texto-circular":null,"asunto_circular":null,"documentos":null,"lugar_del_evento":null,"texto_fechas_":null,"envio_circular":null,"enviar_newsletter":null,"fecha_envio":null,"estado_envio":null,"destinatarios":null,"demarcaciones":null,"pendiente":null,"yoast_head":"<!-- This site is optimized with the Yoast SEO plugin v27.5 - https:\/\/yoast.com\/product\/yoast-seo-wordpress\/ -->\n<title>Aspectes pr\u00e0ctics d\u2019una demanda judicial i acte de judici. El que no surt als llibres - Il\u00b7lustre Col\u00b7legi Oficial de Graduats Socials de le Illes Balears<\/title>\n<meta name=\"robots\" content=\"index, follow, max-snippet:-1, max-image-preview:large, max-video-preview:-1\" \/>\n<link rel=\"canonical\" href=\"http:\/\/cgsbaleares.com\/ca\/aspectes-practics-duna-demanda-judicial-i-acte-de-judici-el-que-no-surt-als-llibres\/\" \/>\n<meta property=\"og:locale\" content=\"ca_ES\" \/>\n<meta property=\"og:type\" content=\"article\" \/>\n<meta property=\"og:title\" content=\"Aspectes pr\u00e0ctics d\u2019una demanda judicial i acte de judici. El que no surt als llibres - Il\u00b7lustre Col\u00b7legi Oficial de Graduats Socials de le Illes Balears\" \/>\n<meta property=\"og:description\" content=\"L\u2019Il\u00b7lustre Col\u00b7legi Oficial de Graduats Socials de les Illes Balears, en col\u00b7laboraci\u00f3 amb la Fundaci\u00f3 de Graduats Socials de les Illes Balears, va celebrar la sessi\u00f3 formativa \u00abAspectes pr\u00e0ctics d\u2019una demanda judicial i acte de judici. Aquelles coses que no surten als llibres\u00bb. L\u2019acte, presentat per la presidenta del Col\u00b7legi, Merc\u00e8 Garc\u00eda, va tenir com [&hellip;]\" \/>\n<meta property=\"og:url\" content=\"http:\/\/cgsbaleares.com\/ca\/aspectes-practics-duna-demanda-judicial-i-acte-de-judici-el-que-no-surt-als-llibres\/\" \/>\n<meta property=\"og:site_name\" content=\"Il\u00b7lustre Col\u00b7legi Oficial de Graduats Socials de le Illes Balears\" \/>\n<meta property=\"article:publisher\" content=\"https:\/\/www.facebook.com\/graduadossocialesbaleares\" \/>\n<meta property=\"article:published_time\" content=\"2025-10-16T08:17:21+00:00\" \/>\n<meta property=\"article:modified_time\" content=\"2025-10-16T08:27:03+00:00\" \/>\n<meta property=\"og:image\" content=\"http:\/\/cgsbaleares.com\/wp-content\/uploads\/2025\/10\/foto3-copiaweb-scaled.jpg\" \/>\n\t<meta property=\"og:image:width\" content=\"2560\" \/>\n\t<meta property=\"og:image:height\" content=\"1707\" \/>\n\t<meta property=\"og:image:type\" content=\"image\/jpeg\" \/>\n<meta name=\"author\" content=\"Juan Fiol Alemany\" \/>\n<meta name=\"twitter:card\" content=\"summary_large_image\" \/>\n<meta name=\"twitter:creator\" content=\"@cgsbaleares\" \/>\n<meta name=\"twitter:site\" content=\"@cgsbaleares\" \/>\n<meta name=\"twitter:label1\" content=\"Escrit per\" \/>\n\t<meta name=\"twitter:data1\" content=\"Juan Fiol Alemany\" \/>\n\t<meta name=\"twitter:label2\" content=\"Temps estimat de lectura\" \/>\n\t<meta name=\"twitter:data2\" content=\"2 minuts\" \/>\n<script type=\"application\/ld+json\" class=\"yoast-schema-graph\">{\"@context\":\"https:\\\/\\\/schema.org\",\"@graph\":[{\"@type\":\"Article\",\"@id\":\"http:\\\/\\\/cgsbaleares.com\\\/ca\\\/aspectes-practics-duna-demanda-judicial-i-acte-de-judici-el-que-no-surt-als-llibres\\\/#article\",\"isPartOf\":{\"@id\":\"http:\\\/\\\/cgsbaleares.com\\\/ca\\\/aspectes-practics-duna-demanda-judicial-i-acte-de-judici-el-que-no-surt-als-llibres\\\/\"},\"author\":{\"name\":\"Juan Fiol Alemany\",\"@id\":\"http:\\\/\\\/cgsbaleares.com\\\/#\\\/schema\\\/person\\\/7b75e24dfcb0b9f1376ec78afc253cd4\"},\"headline\":\"Aspectes pr\u00e0ctics d\u2019una demanda judicial i acte de judici. El que no surt als llibres\",\"datePublished\":\"2025-10-16T08:17:21+00:00\",\"dateModified\":\"2025-10-16T08:27:03+00:00\",\"mainEntityOfPage\":{\"@id\":\"http:\\\/\\\/cgsbaleares.com\\\/ca\\\/aspectes-practics-duna-demanda-judicial-i-acte-de-judici-el-que-no-surt-als-llibres\\\/\"},\"wordCount\":233,\"publisher\":{\"@id\":\"http:\\\/\\\/cgsbaleares.com\\\/#organization\"},\"image\":{\"@id\":\"http:\\\/\\\/cgsbaleares.com\\\/ca\\\/aspectes-practics-duna-demanda-judicial-i-acte-de-judici-el-que-no-surt-als-llibres\\\/#primaryimage\"},\"thumbnailUrl\":\"https:\\\/\\\/cgsbaleares.com\\\/wp-content\\\/uploads\\\/2025\\\/10\\\/foto3-copiaweb-scaled.jpg\",\"articleSection\":[\"Cursos i formaci\u00f3\"],\"inLanguage\":\"ca\"},{\"@type\":\"WebPage\",\"@id\":\"http:\\\/\\\/cgsbaleares.com\\\/ca\\\/aspectes-practics-duna-demanda-judicial-i-acte-de-judici-el-que-no-surt-als-llibres\\\/\",\"url\":\"http:\\\/\\\/cgsbaleares.com\\\/ca\\\/aspectes-practics-duna-demanda-judicial-i-acte-de-judici-el-que-no-surt-als-llibres\\\/\",\"name\":\"Aspectes pr\u00e0ctics d\u2019una demanda judicial i acte de judici. El que no surt als llibres - Il\u00b7lustre Col\u00b7legi Oficial de Graduats Socials de le Illes Balears\",\"isPartOf\":{\"@id\":\"http:\\\/\\\/cgsbaleares.com\\\/#website\"},\"primaryImageOfPage\":{\"@id\":\"http:\\\/\\\/cgsbaleares.com\\\/ca\\\/aspectes-practics-duna-demanda-judicial-i-acte-de-judici-el-que-no-surt-als-llibres\\\/#primaryimage\"},\"image\":{\"@id\":\"http:\\\/\\\/cgsbaleares.com\\\/ca\\\/aspectes-practics-duna-demanda-judicial-i-acte-de-judici-el-que-no-surt-als-llibres\\\/#primaryimage\"},\"thumbnailUrl\":\"https:\\\/\\\/cgsbaleares.com\\\/wp-content\\\/uploads\\\/2025\\\/10\\\/foto3-copiaweb-scaled.jpg\",\"datePublished\":\"2025-10-16T08:17:21+00:00\",\"dateModified\":\"2025-10-16T08:27:03+00:00\",\"breadcrumb\":{\"@id\":\"http:\\\/\\\/cgsbaleares.com\\\/ca\\\/aspectes-practics-duna-demanda-judicial-i-acte-de-judici-el-que-no-surt-als-llibres\\\/#breadcrumb\"},\"inLanguage\":\"ca\",\"potentialAction\":[{\"@type\":\"ReadAction\",\"target\":[\"http:\\\/\\\/cgsbaleares.com\\\/ca\\\/aspectes-practics-duna-demanda-judicial-i-acte-de-judici-el-que-no-surt-als-llibres\\\/\"]}]},{\"@type\":\"ImageObject\",\"inLanguage\":\"ca\",\"@id\":\"http:\\\/\\\/cgsbaleares.com\\\/ca\\\/aspectes-practics-duna-demanda-judicial-i-acte-de-judici-el-que-no-surt-als-llibres\\\/#primaryimage\",\"url\":\"https:\\\/\\\/cgsbaleares.com\\\/wp-content\\\/uploads\\\/2025\\\/10\\\/foto3-copiaweb-scaled.jpg\",\"contentUrl\":\"https:\\\/\\\/cgsbaleares.com\\\/wp-content\\\/uploads\\\/2025\\\/10\\\/foto3-copiaweb-scaled.jpg\",\"width\":2560,\"height\":1707},{\"@type\":\"BreadcrumbList\",\"@id\":\"http:\\\/\\\/cgsbaleares.com\\\/ca\\\/aspectes-practics-duna-demanda-judicial-i-acte-de-judici-el-que-no-surt-als-llibres\\\/#breadcrumb\",\"itemListElement\":[{\"@type\":\"ListItem\",\"position\":1,\"name\":\"Portada\",\"item\":\"http:\\\/\\\/cgsbaleares.com\\\/ca\\\/\"},{\"@type\":\"ListItem\",\"position\":2,\"name\":\"Aspectes pr\u00e0ctics d\u2019una demanda judicial i acte de judici. El que no surt als llibres\"}]},{\"@type\":\"WebSite\",\"@id\":\"http:\\\/\\\/cgsbaleares.com\\\/#website\",\"url\":\"http:\\\/\\\/cgsbaleares.com\\\/\",\"name\":\"Il\u00b7ustre Col\u00b7legi Oficial de Graduats Socials de le Illes Balears\",\"description\":\"Il\u00b7lustre Col\u00b7legi Oficial de Graduats Socials de les Illes Balears\",\"publisher\":{\"@id\":\"http:\\\/\\\/cgsbaleares.com\\\/#organization\"},\"potentialAction\":[{\"@type\":\"SearchAction\",\"target\":{\"@type\":\"EntryPoint\",\"urlTemplate\":\"http:\\\/\\\/cgsbaleares.com\\\/?s={search_term_string}\"},\"query-input\":{\"@type\":\"PropertyValueSpecification\",\"valueRequired\":true,\"valueName\":\"search_term_string\"}}],\"inLanguage\":\"ca\"},{\"@type\":\"Organization\",\"@id\":\"http:\\\/\\\/cgsbaleares.com\\\/#organization\",\"name\":\"Il\u00b7ustre Col\u00b7legi Oficial de Graduats Socials de le Illes Balears\",\"url\":\"http:\\\/\\\/cgsbaleares.com\\\/\",\"logo\":{\"@type\":\"ImageObject\",\"inLanguage\":\"ca\",\"@id\":\"http:\\\/\\\/cgsbaleares.com\\\/#\\\/schema\\\/logo\\\/image\\\/\",\"url\":\"https:\\\/\\\/cgsbaleares.com\\\/wp-content\\\/uploads\\\/2024\\\/08\\\/CGS_logo_baleares_500x152.png\",\"contentUrl\":\"https:\\\/\\\/cgsbaleares.com\\\/wp-content\\\/uploads\\\/2024\\\/08\\\/CGS_logo_baleares_500x152.png\",\"width\":500,\"height\":152,\"caption\":\"Il\u00b7ustre Col\u00b7legi Oficial de Graduats Socials de le Illes Balears\"},\"image\":{\"@id\":\"http:\\\/\\\/cgsbaleares.com\\\/#\\\/schema\\\/logo\\\/image\\\/\"},\"sameAs\":[\"https:\\\/\\\/www.facebook.com\\\/graduadossocialesbaleares\",\"https:\\\/\\\/x.com\\\/cgsbaleares\",\"https:\\\/\\\/www.instagram.com\\\/cgsbaleares\\\/\",\"https:\\\/\\\/www.linkedin.com\\\/company\\\/cgsbaleares\\\/\"]},{\"@type\":\"Person\",\"@id\":\"http:\\\/\\\/cgsbaleares.com\\\/#\\\/schema\\\/person\\\/7b75e24dfcb0b9f1376ec78afc253cd4\",\"name\":\"Juan Fiol Alemany\",\"image\":{\"@type\":\"ImageObject\",\"inLanguage\":\"ca\",\"@id\":\"https:\\\/\\\/secure.gravatar.com\\\/avatar\\\/9569b8e61fcb5be8918bb8ea705df8ad474ba356ff9e971390314751e816c08d?s=96&d=mm&r=g\",\"url\":\"https:\\\/\\\/secure.gravatar.com\\\/avatar\\\/9569b8e61fcb5be8918bb8ea705df8ad474ba356ff9e971390314751e816c08d?s=96&d=mm&r=g\",\"contentUrl\":\"https:\\\/\\\/secure.gravatar.com\\\/avatar\\\/9569b8e61fcb5be8918bb8ea705df8ad474ba356ff9e971390314751e816c08d?s=96&d=mm&r=g\",\"caption\":\"Juan Fiol Alemany\"},\"url\":\"https:\\\/\\\/cgsbaleares.com\\\/ca\\\/colegiado\\\/juan-fiol-alemany\\\/\"}]}<\/script>\n<!-- \/ Yoast SEO plugin. -->","yoast_head_json":{"title":"Aspectes pr\u00e0ctics d\u2019una demanda judicial i acte de judici. El que no surt als llibres - Il\u00b7lustre Col\u00b7legi Oficial de Graduats Socials de le Illes Balears","robots":{"index":"index","follow":"follow","max-snippet":"max-snippet:-1","max-image-preview":"max-image-preview:large","max-video-preview":"max-video-preview:-1"},"canonical":"http:\/\/cgsbaleares.com\/ca\/aspectes-practics-duna-demanda-judicial-i-acte-de-judici-el-que-no-surt-als-llibres\/","og_locale":"ca_ES","og_type":"article","og_title":"Aspectes pr\u00e0ctics d\u2019una demanda judicial i acte de judici. El que no surt als llibres - Il\u00b7lustre Col\u00b7legi Oficial de Graduats Socials de le Illes Balears","og_description":"L\u2019Il\u00b7lustre Col\u00b7legi Oficial de Graduats Socials de les Illes Balears, en col\u00b7laboraci\u00f3 amb la Fundaci\u00f3 de Graduats Socials de les Illes Balears, va celebrar la sessi\u00f3 formativa \u00abAspectes pr\u00e0ctics d\u2019una demanda judicial i acte de judici. Aquelles coses que no surten als llibres\u00bb. L\u2019acte, presentat per la presidenta del Col\u00b7legi, Merc\u00e8 Garc\u00eda, va tenir com [&hellip;]","og_url":"http:\/\/cgsbaleares.com\/ca\/aspectes-practics-duna-demanda-judicial-i-acte-de-judici-el-que-no-surt-als-llibres\/","og_site_name":"Il\u00b7lustre Col\u00b7legi Oficial de Graduats Socials de le Illes Balears","article_publisher":"https:\/\/www.facebook.com\/graduadossocialesbaleares","article_published_time":"2025-10-16T08:17:21+00:00","article_modified_time":"2025-10-16T08:27:03+00:00","og_image":[{"width":2560,"height":1707,"url":"http:\/\/cgsbaleares.com\/wp-content\/uploads\/2025\/10\/foto3-copiaweb-scaled.jpg","type":"image\/jpeg"}],"author":"Juan Fiol Alemany","twitter_card":"summary_large_image","twitter_creator":"@cgsbaleares","twitter_site":"@cgsbaleares","twitter_misc":{"Escrit per":"Juan Fiol Alemany","Temps estimat de lectura":"2 minuts"},"schema":{"@context":"https:\/\/schema.org","@graph":[{"@type":"Article","@id":"http:\/\/cgsbaleares.com\/ca\/aspectes-practics-duna-demanda-judicial-i-acte-de-judici-el-que-no-surt-als-llibres\/#article","isPartOf":{"@id":"http:\/\/cgsbaleares.com\/ca\/aspectes-practics-duna-demanda-judicial-i-acte-de-judici-el-que-no-surt-als-llibres\/"},"author":{"name":"Juan Fiol Alemany","@id":"http:\/\/cgsbaleares.com\/#\/schema\/person\/7b75e24dfcb0b9f1376ec78afc253cd4"},"headline":"Aspectes pr\u00e0ctics d\u2019una demanda judicial i acte de judici. El que no surt als llibres","datePublished":"2025-10-16T08:17:21+00:00","dateModified":"2025-10-16T08:27:03+00:00","mainEntityOfPage":{"@id":"http:\/\/cgsbaleares.com\/ca\/aspectes-practics-duna-demanda-judicial-i-acte-de-judici-el-que-no-surt-als-llibres\/"},"wordCount":233,"publisher":{"@id":"http:\/\/cgsbaleares.com\/#organization"},"image":{"@id":"http:\/\/cgsbaleares.com\/ca\/aspectes-practics-duna-demanda-judicial-i-acte-de-judici-el-que-no-surt-als-llibres\/#primaryimage"},"thumbnailUrl":"https:\/\/cgsbaleares.com\/wp-content\/uploads\/2025\/10\/foto3-copiaweb-scaled.jpg","articleSection":["Cursos i formaci\u00f3"],"inLanguage":"ca"},{"@type":"WebPage","@id":"http:\/\/cgsbaleares.com\/ca\/aspectes-practics-duna-demanda-judicial-i-acte-de-judici-el-que-no-surt-als-llibres\/","url":"http:\/\/cgsbaleares.com\/ca\/aspectes-practics-duna-demanda-judicial-i-acte-de-judici-el-que-no-surt-als-llibres\/","name":"Aspectes pr\u00e0ctics d\u2019una demanda judicial i acte de judici. El que no surt als llibres - Il\u00b7lustre Col\u00b7legi Oficial de Graduats Socials de le Illes Balears","isPartOf":{"@id":"http:\/\/cgsbaleares.com\/#website"},"primaryImageOfPage":{"@id":"http:\/\/cgsbaleares.com\/ca\/aspectes-practics-duna-demanda-judicial-i-acte-de-judici-el-que-no-surt-als-llibres\/#primaryimage"},"image":{"@id":"http:\/\/cgsbaleares.com\/ca\/aspectes-practics-duna-demanda-judicial-i-acte-de-judici-el-que-no-surt-als-llibres\/#primaryimage"},"thumbnailUrl":"https:\/\/cgsbaleares.com\/wp-content\/uploads\/2025\/10\/foto3-copiaweb-scaled.jpg","datePublished":"2025-10-16T08:17:21+00:00","dateModified":"2025-10-16T08:27:03+00:00","breadcrumb":{"@id":"http:\/\/cgsbaleares.com\/ca\/aspectes-practics-duna-demanda-judicial-i-acte-de-judici-el-que-no-surt-als-llibres\/#breadcrumb"},"inLanguage":"ca","potentialAction":[{"@type":"ReadAction","target":["http:\/\/cgsbaleares.com\/ca\/aspectes-practics-duna-demanda-judicial-i-acte-de-judici-el-que-no-surt-als-llibres\/"]}]},{"@type":"ImageObject","inLanguage":"ca","@id":"http:\/\/cgsbaleares.com\/ca\/aspectes-practics-duna-demanda-judicial-i-acte-de-judici-el-que-no-surt-als-llibres\/#primaryimage","url":"https:\/\/cgsbaleares.com\/wp-content\/uploads\/2025\/10\/foto3-copiaweb-scaled.jpg","contentUrl":"https:\/\/cgsbaleares.com\/wp-content\/uploads\/2025\/10\/foto3-copiaweb-scaled.jpg","width":2560,"height":1707},{"@type":"BreadcrumbList","@id":"http:\/\/cgsbaleares.com\/ca\/aspectes-practics-duna-demanda-judicial-i-acte-de-judici-el-que-no-surt-als-llibres\/#breadcrumb","itemListElement":[{"@type":"ListItem","position":1,"name":"Portada","item":"http:\/\/cgsbaleares.com\/ca\/"},{"@type":"ListItem","position":2,"name":"Aspectes pr\u00e0ctics d\u2019una demanda judicial i acte de judici. El que no surt als llibres"}]},{"@type":"WebSite","@id":"http:\/\/cgsbaleares.com\/#website","url":"http:\/\/cgsbaleares.com\/","name":"Il\u00b7ustre Col\u00b7legi Oficial de Graduats Socials de le Illes Balears","description":"Il\u00b7lustre Col\u00b7legi Oficial de Graduats Socials de les Illes Balears","publisher":{"@id":"http:\/\/cgsbaleares.com\/#organization"},"potentialAction":[{"@type":"SearchAction","target":{"@type":"EntryPoint","urlTemplate":"http:\/\/cgsbaleares.com\/?s={search_term_string}"},"query-input":{"@type":"PropertyValueSpecification","valueRequired":true,"valueName":"search_term_string"}}],"inLanguage":"ca"},{"@type":"Organization","@id":"http:\/\/cgsbaleares.com\/#organization","name":"Il\u00b7ustre Col\u00b7legi Oficial de Graduats Socials de le Illes Balears","url":"http:\/\/cgsbaleares.com\/","logo":{"@type":"ImageObject","inLanguage":"ca","@id":"http:\/\/cgsbaleares.com\/#\/schema\/logo\/image\/","url":"https:\/\/cgsbaleares.com\/wp-content\/uploads\/2024\/08\/CGS_logo_baleares_500x152.png","contentUrl":"https:\/\/cgsbaleares.com\/wp-content\/uploads\/2024\/08\/CGS_logo_baleares_500x152.png","width":500,"height":152,"caption":"Il\u00b7ustre Col\u00b7legi Oficial de Graduats Socials de le Illes Balears"},"image":{"@id":"http:\/\/cgsbaleares.com\/#\/schema\/logo\/image\/"},"sameAs":["https:\/\/www.facebook.com\/graduadossocialesbaleares","https:\/\/x.com\/cgsbaleares","https:\/\/www.instagram.com\/cgsbaleares\/","https:\/\/www.linkedin.com\/company\/cgsbaleares\/"]},{"@type":"Person","@id":"http:\/\/cgsbaleares.com\/#\/schema\/person\/7b75e24dfcb0b9f1376ec78afc253cd4","name":"Juan Fiol Alemany","image":{"@type":"ImageObject","inLanguage":"ca","@id":"https:\/\/secure.gravatar.com\/avatar\/9569b8e61fcb5be8918bb8ea705df8ad474ba356ff9e971390314751e816c08d?s=96&d=mm&r=g","url":"https:\/\/secure.gravatar.com\/avatar\/9569b8e61fcb5be8918bb8ea705df8ad474ba356ff9e971390314751e816c08d?s=96&d=mm&r=g","contentUrl":"https:\/\/secure.gravatar.com\/avatar\/9569b8e61fcb5be8918bb8ea705df8ad474ba356ff9e971390314751e816c08d?s=96&d=mm&r=g","caption":"Juan Fiol Alemany"},"url":"https:\/\/cgsbaleares.com\/ca\/colegiado\/juan-fiol-alemany\/"}]}},"_links":{"self":[{"href":"https:\/\/cgsbaleares.com\/ca\/wp-json\/wp\/v2\/posts\/24055","targetHints":{"allow":["GET"]}}],"collection":[{"href":"https:\/\/cgsbaleares.com\/ca\/wp-json\/wp\/v2\/posts"}],"about":[{"href":"https:\/\/cgsbaleares.com\/ca\/wp-json\/wp\/v2\/types\/post"}],"author":[{"embeddable":true,"href":"https:\/\/cgsbaleares.com\/ca\/wp-json\/wp\/v2\/users\/677"}],"replies":[{"embeddable":true,"href":"https:\/\/cgsbaleares.com\/ca\/wp-json\/wp\/v2\/comments?post=24055"}],"version-history":[{"count":2,"href":"https:\/\/cgsbaleares.com\/ca\/wp-json\/wp\/v2\/posts\/24055\/revisions"}],"predecessor-version":[{"id":24059,"href":"https:\/\/cgsbaleares.com\/ca\/wp-json\/wp\/v2\/posts\/24055\/revisions\/24059"}],"wp:featuredmedia":[{"embeddable":true,"href":"https:\/\/cgsbaleares.com\/ca\/wp-json\/wp\/v2\/media\/24050"}],"wp:attachment":[{"href":"https:\/\/cgsbaleares.com\/ca\/wp-json\/wp\/v2\/media?parent=24055"}],"wp:term":[{"taxonomy":"category","embeddable":true,"href":"https:\/\/cgsbaleares.com\/ca\/wp-json\/wp\/v2\/categories?post=24055"},{"taxonomy":"post_tag","embeddable":true,"href":"https:\/\/cgsbaleares.com\/ca\/wp-json\/wp\/v2\/tags?post=24055"}],"curies":[{"name":"wp","href":"https:\/\/api.w.org\/{rel}","templated":true}]}}