{"id":24211,"date":"2025-10-27T10:54:26","date_gmt":"2025-10-27T09:54:26","guid":{"rendered":"https:\/\/cgsbaleares.com\/?p=24211"},"modified":"2025-10-27T10:57:47","modified_gmt":"2025-10-27T09:57:47","slug":"acte-de-reconeixement-als-collegiats-emerits-marc-sabater-paula-vidal-i-tina-horrach","status":"publish","type":"post","link":"https:\/\/cgsbaleares.com\/ca\/acte-de-reconeixement-als-collegiats-emerits-marc-sabater-paula-vidal-i-tina-horrach\/","title":{"rendered":"Acte de reconeixement als col\u00b7legiats em\u00e8rits Marc Sabater, Paula Vidal i Tina Horrach"},"content":{"rendered":"\n<figure class=\"wp-block-image size-large\"><img fetchpriority=\"high\" decoding=\"async\" width=\"1024\" height=\"683\" src=\"https:\/\/cgsbaleares.com\/wp-content\/uploads\/2025\/10\/webfoto1.Sabater-copia-1-1024x683.jpg\" alt=\"\" class=\"wp-image-24212\" srcset=\"https:\/\/cgsbaleares.com\/wp-content\/uploads\/2025\/10\/webfoto1.Sabater-copia-1-1024x683.jpg 1024w, https:\/\/cgsbaleares.com\/wp-content\/uploads\/2025\/10\/webfoto1.Sabater-copia-1-300x200.jpg 300w, https:\/\/cgsbaleares.com\/wp-content\/uploads\/2025\/10\/webfoto1.Sabater-copia-1-768x512.jpg 768w, https:\/\/cgsbaleares.com\/wp-content\/uploads\/2025\/10\/webfoto1.Sabater-copia-1-1536x1024.jpg 1536w, https:\/\/cgsbaleares.com\/wp-content\/uploads\/2025\/10\/webfoto1.Sabater-copia-1-2048x1365.jpg 2048w\" sizes=\"(max-width: 1024px) 100vw, 1024px\" \/><\/figure>\n\n\n\n<p>L\u2019Il\u00b7lustre Col\u00b7legi Oficial de Graduats Socials de les Illes Balears va celebrar un emotiu acte de reconeixement als col\u00b7legiats em\u00e8rits Marc Sabater, Paula Vidal i Tina Horrach, en agra\u00efment a una traject\u00f2ria exemplar al servei de la professi\u00f3. En el transcurs de l\u2019acte se\u2019ls va fer lliurament de la placa del Col\u00b7legi, com a s\u00edmbol de respecte i gratitud per la seva dedicaci\u00f3, comprom\u00eds i bon fer.<\/p>\n\n\n\n<figure class=\"wp-block-image size-large\"><img decoding=\"async\" width=\"1024\" height=\"683\" src=\"https:\/\/cgsbaleares.com\/wp-content\/uploads\/2025\/10\/webfotoHorrach-copia-1-1024x683.jpg\" alt=\"\" class=\"wp-image-24214\" srcset=\"https:\/\/cgsbaleares.com\/wp-content\/uploads\/2025\/10\/webfotoHorrach-copia-1-1024x683.jpg 1024w, https:\/\/cgsbaleares.com\/wp-content\/uploads\/2025\/10\/webfotoHorrach-copia-1-300x200.jpg 300w, https:\/\/cgsbaleares.com\/wp-content\/uploads\/2025\/10\/webfotoHorrach-copia-1-768x512.jpg 768w, https:\/\/cgsbaleares.com\/wp-content\/uploads\/2025\/10\/webfotoHorrach-copia-1-1536x1024.jpg 1536w, https:\/\/cgsbaleares.com\/wp-content\/uploads\/2025\/10\/webfotoHorrach-copia-1-2048x1365.jpg 2048w\" sizes=\"(max-width: 1024px) 100vw, 1024px\" \/><\/figure>\n\n\n\n<p>La representaci\u00f3 institucional del Col\u00b7legi va estar encap\u00e7alada per la presidenta, Merc\u00e8 Garc\u00eda; les vicepresidentes, Adela Soriano i Francisca Rufiandis; el secretari general, Daniel Ruiz; el comptador, Miquel \u00c0ngel Cantallops; el vicesecretari, Jos\u00e9 Manuel Raya; el vocal no exercient, Rafael Estarellas; i les vocals, Esther Blanc, Catalina Zafra, Arantxa Sitjar i Johanny Rodr\u00edguez.<\/p>\n\n\n\n<figure class=\"wp-block-image size-large\"><img decoding=\"async\" width=\"1024\" height=\"683\" src=\"https:\/\/cgsbaleares.com\/wp-content\/uploads\/2025\/10\/webfotoVidal-copia-1-1024x683.jpg\" alt=\"\" class=\"wp-image-24216\" srcset=\"https:\/\/cgsbaleares.com\/wp-content\/uploads\/2025\/10\/webfotoVidal-copia-1-1024x683.jpg 1024w, https:\/\/cgsbaleares.com\/wp-content\/uploads\/2025\/10\/webfotoVidal-copia-1-300x200.jpg 300w, https:\/\/cgsbaleares.com\/wp-content\/uploads\/2025\/10\/webfotoVidal-copia-1-768x512.jpg 768w, https:\/\/cgsbaleares.com\/wp-content\/uploads\/2025\/10\/webfotoVidal-copia-1-1536x1024.jpg 1536w, https:\/\/cgsbaleares.com\/wp-content\/uploads\/2025\/10\/webfotoVidal-copia-1-2048x1365.jpg 2048w\" sizes=\"(max-width: 1024px) 100vw, 1024px\" \/><\/figure>\n\n\n\n<p>Amb aquest reconeixement, el Col\u00b7legi de Graduats Socials de Balears referma el seu comprom\u00eds amb l\u2019excel\u00b7l\u00e8ncia professional i amb el valor d\u2019aquells que, durant d\u00e8cades, han contribu\u00eft a prestigiar la figura del Graduat Social a les nostres illes.<\/p>\n\n\n\n<p><\/p>\n","protected":false},"excerpt":{"rendered":"<p>L\u2019Il\u00b7lustre Col\u00b7legi Oficial de Graduats Socials de les Illes Balears va celebrar un emotiu acte de reconeixement als col\u00b7legiats em\u00e8rits Marc Sabater, Paula Vidal i Tina Horrach, en agra\u00efment a una traject\u00f2ria exemplar al servei de la professi\u00f3. En el transcurs de l\u2019acte se\u2019ls va fer lliurament de la placa del Col\u00b7legi, com a s\u00edmbol [&hellip;]<\/p>\n","protected":false},"author":677,"featured_media":24202,"comment_status":"closed","ping_status":"open","sticky":false,"template":"","format":"standard","meta":{"_monsterinsights_skip_tracking":false,"_monsterinsights_sitenote_active":false,"_monsterinsights_sitenote_note":"","_monsterinsights_sitenote_category":0,"_uf_show_specific_survey":0,"_uf_disable_surveys":false,"_jet_sm_ready_style":"","_jet_sm_style":"","_jet_sm_controls_values":"","_jet_sm_fonts_collection":"","_jet_sm_fonts_links":"","footnotes":""},"categories":[314],"tags":[],"class_list":["post-24211","post","type-post","status-publish","format-standard","has-post-thumbnail","hentry","category-noticies-generals"],"desde":null,"hasta":null,"texto_circular":null,"hora_envio":null,"texto_ciruclar":null,"texto-circular":null,"asunto_circular":null,"documentos":null,"lugar_del_evento":null,"texto_fechas_":null,"envio_circular":null,"enviar_newsletter":null,"fecha_envio":null,"estado_envio":null,"destinatarios":null,"demarcaciones":null,"pendiente":null,"yoast_head":"<!-- This site is optimized with the Yoast SEO plugin v27.5 - https:\/\/yoast.com\/product\/yoast-seo-wordpress\/ -->\n<title>Acte de reconeixement als col\u00b7legiats em\u00e8rits Marc Sabater, Paula Vidal i Tina Horrach - Il\u00b7lustre Col\u00b7legi Oficial de Graduats Socials de le Illes Balears<\/title>\n<meta name=\"robots\" content=\"index, follow, max-snippet:-1, max-image-preview:large, max-video-preview:-1\" \/>\n<link rel=\"canonical\" href=\"https:\/\/cgsbaleares.com\/ca\/acte-de-reconeixement-als-collegiats-emerits-marc-sabater-paula-vidal-i-tina-horrach\/\" \/>\n<meta property=\"og:locale\" content=\"ca_ES\" \/>\n<meta property=\"og:type\" content=\"article\" \/>\n<meta property=\"og:title\" content=\"Acte de reconeixement als col\u00b7legiats em\u00e8rits Marc Sabater, Paula Vidal i Tina Horrach - Il\u00b7lustre Col\u00b7legi Oficial de Graduats Socials de le Illes Balears\" \/>\n<meta property=\"og:description\" content=\"L\u2019Il\u00b7lustre Col\u00b7legi Oficial de Graduats Socials de les Illes Balears va celebrar un emotiu acte de reconeixement als col\u00b7legiats em\u00e8rits Marc Sabater, Paula Vidal i Tina Horrach, en agra\u00efment a una traject\u00f2ria exemplar al servei de la professi\u00f3. En el transcurs de l\u2019acte se\u2019ls va fer lliurament de la placa del Col\u00b7legi, com a s\u00edmbol [&hellip;]\" \/>\n<meta property=\"og:url\" content=\"https:\/\/cgsbaleares.com\/ca\/acte-de-reconeixement-als-collegiats-emerits-marc-sabater-paula-vidal-i-tina-horrach\/\" \/>\n<meta property=\"og:site_name\" content=\"Il\u00b7lustre Col\u00b7legi Oficial de Graduats Socials de le Illes Balears\" \/>\n<meta property=\"article:publisher\" content=\"https:\/\/www.facebook.com\/graduadossocialesbaleares\" \/>\n<meta property=\"article:published_time\" content=\"2025-10-27T09:54:26+00:00\" \/>\n<meta property=\"article:modified_time\" content=\"2025-10-27T09:57:47+00:00\" \/>\n<meta property=\"og:image\" content=\"https:\/\/cgsbaleares.com\/wp-content\/uploads\/2025\/10\/webJuntayEmeritos-copia-scaled.jpg\" \/>\n\t<meta property=\"og:image:width\" content=\"2560\" \/>\n\t<meta property=\"og:image:height\" content=\"1707\" \/>\n\t<meta property=\"og:image:type\" content=\"image\/jpeg\" \/>\n<meta name=\"author\" content=\"Juan Fiol Alemany\" \/>\n<meta name=\"twitter:card\" content=\"summary_large_image\" \/>\n<meta name=\"twitter:creator\" content=\"@cgsbaleares\" \/>\n<meta name=\"twitter:site\" content=\"@cgsbaleares\" \/>\n<meta name=\"twitter:label1\" content=\"Escrit per\" \/>\n\t<meta name=\"twitter:data1\" content=\"Juan Fiol Alemany\" \/>\n\t<meta name=\"twitter:label2\" content=\"Temps estimat de lectura\" \/>\n\t<meta name=\"twitter:data2\" content=\"2 minuts\" \/>\n<script type=\"application\/ld+json\" class=\"yoast-schema-graph\">{\"@context\":\"https:\\\/\\\/schema.org\",\"@graph\":[{\"@type\":\"Article\",\"@id\":\"https:\\\/\\\/cgsbaleares.com\\\/ca\\\/acte-de-reconeixement-als-collegiats-emerits-marc-sabater-paula-vidal-i-tina-horrach\\\/#article\",\"isPartOf\":{\"@id\":\"https:\\\/\\\/cgsbaleares.com\\\/ca\\\/acte-de-reconeixement-als-collegiats-emerits-marc-sabater-paula-vidal-i-tina-horrach\\\/\"},\"author\":{\"name\":\"Juan Fiol Alemany\",\"@id\":\"https:\\\/\\\/cgsbaleares.com\\\/#\\\/schema\\\/person\\\/7b75e24dfcb0b9f1376ec78afc253cd4\"},\"headline\":\"Acte de reconeixement als col\u00b7legiats em\u00e8rits Marc Sabater, Paula Vidal i Tina Horrach\",\"datePublished\":\"2025-10-27T09:54:26+00:00\",\"dateModified\":\"2025-10-27T09:57:47+00:00\",\"mainEntityOfPage\":{\"@id\":\"https:\\\/\\\/cgsbaleares.com\\\/ca\\\/acte-de-reconeixement-als-collegiats-emerits-marc-sabater-paula-vidal-i-tina-horrach\\\/\"},\"wordCount\":197,\"publisher\":{\"@id\":\"https:\\\/\\\/cgsbaleares.com\\\/#organization\"},\"image\":{\"@id\":\"https:\\\/\\\/cgsbaleares.com\\\/ca\\\/acte-de-reconeixement-als-collegiats-emerits-marc-sabater-paula-vidal-i-tina-horrach\\\/#primaryimage\"},\"thumbnailUrl\":\"https:\\\/\\\/cgsbaleares.com\\\/wp-content\\\/uploads\\\/2025\\\/10\\\/webJuntayEmeritos-copia-scaled.jpg\",\"articleSection\":[\"Not\u00edcies generals\"],\"inLanguage\":\"ca\"},{\"@type\":\"WebPage\",\"@id\":\"https:\\\/\\\/cgsbaleares.com\\\/ca\\\/acte-de-reconeixement-als-collegiats-emerits-marc-sabater-paula-vidal-i-tina-horrach\\\/\",\"url\":\"https:\\\/\\\/cgsbaleares.com\\\/ca\\\/acte-de-reconeixement-als-collegiats-emerits-marc-sabater-paula-vidal-i-tina-horrach\\\/\",\"name\":\"Acte de reconeixement als col\u00b7legiats em\u00e8rits Marc Sabater, Paula Vidal i Tina Horrach - Il\u00b7lustre Col\u00b7legi Oficial de Graduats Socials de le Illes Balears\",\"isPartOf\":{\"@id\":\"https:\\\/\\\/cgsbaleares.com\\\/#website\"},\"primaryImageOfPage\":{\"@id\":\"https:\\\/\\\/cgsbaleares.com\\\/ca\\\/acte-de-reconeixement-als-collegiats-emerits-marc-sabater-paula-vidal-i-tina-horrach\\\/#primaryimage\"},\"image\":{\"@id\":\"https:\\\/\\\/cgsbaleares.com\\\/ca\\\/acte-de-reconeixement-als-collegiats-emerits-marc-sabater-paula-vidal-i-tina-horrach\\\/#primaryimage\"},\"thumbnailUrl\":\"https:\\\/\\\/cgsbaleares.com\\\/wp-content\\\/uploads\\\/2025\\\/10\\\/webJuntayEmeritos-copia-scaled.jpg\",\"datePublished\":\"2025-10-27T09:54:26+00:00\",\"dateModified\":\"2025-10-27T09:57:47+00:00\",\"breadcrumb\":{\"@id\":\"https:\\\/\\\/cgsbaleares.com\\\/ca\\\/acte-de-reconeixement-als-collegiats-emerits-marc-sabater-paula-vidal-i-tina-horrach\\\/#breadcrumb\"},\"inLanguage\":\"ca\",\"potentialAction\":[{\"@type\":\"ReadAction\",\"target\":[\"https:\\\/\\\/cgsbaleares.com\\\/ca\\\/acte-de-reconeixement-als-collegiats-emerits-marc-sabater-paula-vidal-i-tina-horrach\\\/\"]}]},{\"@type\":\"ImageObject\",\"inLanguage\":\"ca\",\"@id\":\"https:\\\/\\\/cgsbaleares.com\\\/ca\\\/acte-de-reconeixement-als-collegiats-emerits-marc-sabater-paula-vidal-i-tina-horrach\\\/#primaryimage\",\"url\":\"https:\\\/\\\/cgsbaleares.com\\\/wp-content\\\/uploads\\\/2025\\\/10\\\/webJuntayEmeritos-copia-scaled.jpg\",\"contentUrl\":\"https:\\\/\\\/cgsbaleares.com\\\/wp-content\\\/uploads\\\/2025\\\/10\\\/webJuntayEmeritos-copia-scaled.jpg\",\"width\":2560,\"height\":1707},{\"@type\":\"BreadcrumbList\",\"@id\":\"https:\\\/\\\/cgsbaleares.com\\\/ca\\\/acte-de-reconeixement-als-collegiats-emerits-marc-sabater-paula-vidal-i-tina-horrach\\\/#breadcrumb\",\"itemListElement\":[{\"@type\":\"ListItem\",\"position\":1,\"name\":\"Portada\",\"item\":\"https:\\\/\\\/cgsbaleares.com\\\/ca\\\/\"},{\"@type\":\"ListItem\",\"position\":2,\"name\":\"Acte de reconeixement als col\u00b7legiats em\u00e8rits Marc Sabater, Paula Vidal i Tina Horrach\"}]},{\"@type\":\"WebSite\",\"@id\":\"https:\\\/\\\/cgsbaleares.com\\\/#website\",\"url\":\"https:\\\/\\\/cgsbaleares.com\\\/\",\"name\":\"Il\u00b7ustre Col\u00b7legi Oficial de Graduats Socials de le Illes Balears\",\"description\":\"Il\u00b7lustre Col\u00b7legi Oficial de Graduats Socials de les Illes Balears\",\"publisher\":{\"@id\":\"https:\\\/\\\/cgsbaleares.com\\\/#organization\"},\"potentialAction\":[{\"@type\":\"SearchAction\",\"target\":{\"@type\":\"EntryPoint\",\"urlTemplate\":\"https:\\\/\\\/cgsbaleares.com\\\/?s={search_term_string}\"},\"query-input\":{\"@type\":\"PropertyValueSpecification\",\"valueRequired\":true,\"valueName\":\"search_term_string\"}}],\"inLanguage\":\"ca\"},{\"@type\":\"Organization\",\"@id\":\"https:\\\/\\\/cgsbaleares.com\\\/#organization\",\"name\":\"Il\u00b7ustre Col\u00b7legi Oficial de Graduats Socials de le Illes Balears\",\"url\":\"https:\\\/\\\/cgsbaleares.com\\\/\",\"logo\":{\"@type\":\"ImageObject\",\"inLanguage\":\"ca\",\"@id\":\"https:\\\/\\\/cgsbaleares.com\\\/#\\\/schema\\\/logo\\\/image\\\/\",\"url\":\"https:\\\/\\\/cgsbaleares.com\\\/wp-content\\\/uploads\\\/2024\\\/08\\\/CGS_logo_baleares_500x152.png\",\"contentUrl\":\"https:\\\/\\\/cgsbaleares.com\\\/wp-content\\\/uploads\\\/2024\\\/08\\\/CGS_logo_baleares_500x152.png\",\"width\":500,\"height\":152,\"caption\":\"Il\u00b7ustre Col\u00b7legi Oficial de Graduats Socials de le Illes Balears\"},\"image\":{\"@id\":\"https:\\\/\\\/cgsbaleares.com\\\/#\\\/schema\\\/logo\\\/image\\\/\"},\"sameAs\":[\"https:\\\/\\\/www.facebook.com\\\/graduadossocialesbaleares\",\"https:\\\/\\\/x.com\\\/cgsbaleares\",\"https:\\\/\\\/www.instagram.com\\\/cgsbaleares\\\/\",\"https:\\\/\\\/www.linkedin.com\\\/company\\\/cgsbaleares\\\/\"]},{\"@type\":\"Person\",\"@id\":\"https:\\\/\\\/cgsbaleares.com\\\/#\\\/schema\\\/person\\\/7b75e24dfcb0b9f1376ec78afc253cd4\",\"name\":\"Juan Fiol Alemany\",\"image\":{\"@type\":\"ImageObject\",\"inLanguage\":\"ca\",\"@id\":\"https:\\\/\\\/secure.gravatar.com\\\/avatar\\\/9569b8e61fcb5be8918bb8ea705df8ad474ba356ff9e971390314751e816c08d?s=96&d=mm&r=g\",\"url\":\"https:\\\/\\\/secure.gravatar.com\\\/avatar\\\/9569b8e61fcb5be8918bb8ea705df8ad474ba356ff9e971390314751e816c08d?s=96&d=mm&r=g\",\"contentUrl\":\"https:\\\/\\\/secure.gravatar.com\\\/avatar\\\/9569b8e61fcb5be8918bb8ea705df8ad474ba356ff9e971390314751e816c08d?s=96&d=mm&r=g\",\"caption\":\"Juan Fiol Alemany\"},\"url\":\"https:\\\/\\\/cgsbaleares.com\\\/ca\\\/colegiado\\\/juan-fiol-alemany\\\/\"}]}<\/script>\n<!-- \/ Yoast SEO plugin. -->","yoast_head_json":{"title":"Acte de reconeixement als col\u00b7legiats em\u00e8rits Marc Sabater, Paula Vidal i Tina Horrach - Il\u00b7lustre Col\u00b7legi Oficial de Graduats Socials de le Illes Balears","robots":{"index":"index","follow":"follow","max-snippet":"max-snippet:-1","max-image-preview":"max-image-preview:large","max-video-preview":"max-video-preview:-1"},"canonical":"https:\/\/cgsbaleares.com\/ca\/acte-de-reconeixement-als-collegiats-emerits-marc-sabater-paula-vidal-i-tina-horrach\/","og_locale":"ca_ES","og_type":"article","og_title":"Acte de reconeixement als col\u00b7legiats em\u00e8rits Marc Sabater, Paula Vidal i Tina Horrach - Il\u00b7lustre Col\u00b7legi Oficial de Graduats Socials de le Illes Balears","og_description":"L\u2019Il\u00b7lustre Col\u00b7legi Oficial de Graduats Socials de les Illes Balears va celebrar un emotiu acte de reconeixement als col\u00b7legiats em\u00e8rits Marc Sabater, Paula Vidal i Tina Horrach, en agra\u00efment a una traject\u00f2ria exemplar al servei de la professi\u00f3. En el transcurs de l\u2019acte se\u2019ls va fer lliurament de la placa del Col\u00b7legi, com a s\u00edmbol [&hellip;]","og_url":"https:\/\/cgsbaleares.com\/ca\/acte-de-reconeixement-als-collegiats-emerits-marc-sabater-paula-vidal-i-tina-horrach\/","og_site_name":"Il\u00b7lustre Col\u00b7legi Oficial de Graduats Socials de le Illes Balears","article_publisher":"https:\/\/www.facebook.com\/graduadossocialesbaleares","article_published_time":"2025-10-27T09:54:26+00:00","article_modified_time":"2025-10-27T09:57:47+00:00","og_image":[{"width":2560,"height":1707,"url":"https:\/\/cgsbaleares.com\/wp-content\/uploads\/2025\/10\/webJuntayEmeritos-copia-scaled.jpg","type":"image\/jpeg"}],"author":"Juan Fiol Alemany","twitter_card":"summary_large_image","twitter_creator":"@cgsbaleares","twitter_site":"@cgsbaleares","twitter_misc":{"Escrit per":"Juan Fiol Alemany","Temps estimat de lectura":"2 minuts"},"schema":{"@context":"https:\/\/schema.org","@graph":[{"@type":"Article","@id":"https:\/\/cgsbaleares.com\/ca\/acte-de-reconeixement-als-collegiats-emerits-marc-sabater-paula-vidal-i-tina-horrach\/#article","isPartOf":{"@id":"https:\/\/cgsbaleares.com\/ca\/acte-de-reconeixement-als-collegiats-emerits-marc-sabater-paula-vidal-i-tina-horrach\/"},"author":{"name":"Juan Fiol Alemany","@id":"https:\/\/cgsbaleares.com\/#\/schema\/person\/7b75e24dfcb0b9f1376ec78afc253cd4"},"headline":"Acte de reconeixement als col\u00b7legiats em\u00e8rits Marc Sabater, Paula Vidal i Tina Horrach","datePublished":"2025-10-27T09:54:26+00:00","dateModified":"2025-10-27T09:57:47+00:00","mainEntityOfPage":{"@id":"https:\/\/cgsbaleares.com\/ca\/acte-de-reconeixement-als-collegiats-emerits-marc-sabater-paula-vidal-i-tina-horrach\/"},"wordCount":197,"publisher":{"@id":"https:\/\/cgsbaleares.com\/#organization"},"image":{"@id":"https:\/\/cgsbaleares.com\/ca\/acte-de-reconeixement-als-collegiats-emerits-marc-sabater-paula-vidal-i-tina-horrach\/#primaryimage"},"thumbnailUrl":"https:\/\/cgsbaleares.com\/wp-content\/uploads\/2025\/10\/webJuntayEmeritos-copia-scaled.jpg","articleSection":["Not\u00edcies generals"],"inLanguage":"ca"},{"@type":"WebPage","@id":"https:\/\/cgsbaleares.com\/ca\/acte-de-reconeixement-als-collegiats-emerits-marc-sabater-paula-vidal-i-tina-horrach\/","url":"https:\/\/cgsbaleares.com\/ca\/acte-de-reconeixement-als-collegiats-emerits-marc-sabater-paula-vidal-i-tina-horrach\/","name":"Acte de reconeixement als col\u00b7legiats em\u00e8rits Marc Sabater, Paula Vidal i Tina Horrach - Il\u00b7lustre Col\u00b7legi Oficial de Graduats Socials de le Illes Balears","isPartOf":{"@id":"https:\/\/cgsbaleares.com\/#website"},"primaryImageOfPage":{"@id":"https:\/\/cgsbaleares.com\/ca\/acte-de-reconeixement-als-collegiats-emerits-marc-sabater-paula-vidal-i-tina-horrach\/#primaryimage"},"image":{"@id":"https:\/\/cgsbaleares.com\/ca\/acte-de-reconeixement-als-collegiats-emerits-marc-sabater-paula-vidal-i-tina-horrach\/#primaryimage"},"thumbnailUrl":"https:\/\/cgsbaleares.com\/wp-content\/uploads\/2025\/10\/webJuntayEmeritos-copia-scaled.jpg","datePublished":"2025-10-27T09:54:26+00:00","dateModified":"2025-10-27T09:57:47+00:00","breadcrumb":{"@id":"https:\/\/cgsbaleares.com\/ca\/acte-de-reconeixement-als-collegiats-emerits-marc-sabater-paula-vidal-i-tina-horrach\/#breadcrumb"},"inLanguage":"ca","potentialAction":[{"@type":"ReadAction","target":["https:\/\/cgsbaleares.com\/ca\/acte-de-reconeixement-als-collegiats-emerits-marc-sabater-paula-vidal-i-tina-horrach\/"]}]},{"@type":"ImageObject","inLanguage":"ca","@id":"https:\/\/cgsbaleares.com\/ca\/acte-de-reconeixement-als-collegiats-emerits-marc-sabater-paula-vidal-i-tina-horrach\/#primaryimage","url":"https:\/\/cgsbaleares.com\/wp-content\/uploads\/2025\/10\/webJuntayEmeritos-copia-scaled.jpg","contentUrl":"https:\/\/cgsbaleares.com\/wp-content\/uploads\/2025\/10\/webJuntayEmeritos-copia-scaled.jpg","width":2560,"height":1707},{"@type":"BreadcrumbList","@id":"https:\/\/cgsbaleares.com\/ca\/acte-de-reconeixement-als-collegiats-emerits-marc-sabater-paula-vidal-i-tina-horrach\/#breadcrumb","itemListElement":[{"@type":"ListItem","position":1,"name":"Portada","item":"https:\/\/cgsbaleares.com\/ca\/"},{"@type":"ListItem","position":2,"name":"Acte de reconeixement als col\u00b7legiats em\u00e8rits Marc Sabater, Paula Vidal i Tina Horrach"}]},{"@type":"WebSite","@id":"https:\/\/cgsbaleares.com\/#website","url":"https:\/\/cgsbaleares.com\/","name":"Il\u00b7ustre Col\u00b7legi Oficial de Graduats Socials de le Illes Balears","description":"Il\u00b7lustre Col\u00b7legi Oficial de Graduats Socials de les Illes Balears","publisher":{"@id":"https:\/\/cgsbaleares.com\/#organization"},"potentialAction":[{"@type":"SearchAction","target":{"@type":"EntryPoint","urlTemplate":"https:\/\/cgsbaleares.com\/?s={search_term_string}"},"query-input":{"@type":"PropertyValueSpecification","valueRequired":true,"valueName":"search_term_string"}}],"inLanguage":"ca"},{"@type":"Organization","@id":"https:\/\/cgsbaleares.com\/#organization","name":"Il\u00b7ustre Col\u00b7legi Oficial de Graduats Socials de le Illes Balears","url":"https:\/\/cgsbaleares.com\/","logo":{"@type":"ImageObject","inLanguage":"ca","@id":"https:\/\/cgsbaleares.com\/#\/schema\/logo\/image\/","url":"https:\/\/cgsbaleares.com\/wp-content\/uploads\/2024\/08\/CGS_logo_baleares_500x152.png","contentUrl":"https:\/\/cgsbaleares.com\/wp-content\/uploads\/2024\/08\/CGS_logo_baleares_500x152.png","width":500,"height":152,"caption":"Il\u00b7ustre Col\u00b7legi Oficial de Graduats Socials de le Illes Balears"},"image":{"@id":"https:\/\/cgsbaleares.com\/#\/schema\/logo\/image\/"},"sameAs":["https:\/\/www.facebook.com\/graduadossocialesbaleares","https:\/\/x.com\/cgsbaleares","https:\/\/www.instagram.com\/cgsbaleares\/","https:\/\/www.linkedin.com\/company\/cgsbaleares\/"]},{"@type":"Person","@id":"https:\/\/cgsbaleares.com\/#\/schema\/person\/7b75e24dfcb0b9f1376ec78afc253cd4","name":"Juan Fiol Alemany","image":{"@type":"ImageObject","inLanguage":"ca","@id":"https:\/\/secure.gravatar.com\/avatar\/9569b8e61fcb5be8918bb8ea705df8ad474ba356ff9e971390314751e816c08d?s=96&d=mm&r=g","url":"https:\/\/secure.gravatar.com\/avatar\/9569b8e61fcb5be8918bb8ea705df8ad474ba356ff9e971390314751e816c08d?s=96&d=mm&r=g","contentUrl":"https:\/\/secure.gravatar.com\/avatar\/9569b8e61fcb5be8918bb8ea705df8ad474ba356ff9e971390314751e816c08d?s=96&d=mm&r=g","caption":"Juan Fiol Alemany"},"url":"https:\/\/cgsbaleares.com\/ca\/colegiado\/juan-fiol-alemany\/"}]}},"_links":{"self":[{"href":"https:\/\/cgsbaleares.com\/ca\/wp-json\/wp\/v2\/posts\/24211","targetHints":{"allow":["GET"]}}],"collection":[{"href":"https:\/\/cgsbaleares.com\/ca\/wp-json\/wp\/v2\/posts"}],"about":[{"href":"https:\/\/cgsbaleares.com\/ca\/wp-json\/wp\/v2\/types\/post"}],"author":[{"embeddable":true,"href":"https:\/\/cgsbaleares.com\/ca\/wp-json\/wp\/v2\/users\/677"}],"replies":[{"embeddable":true,"href":"https:\/\/cgsbaleares.com\/ca\/wp-json\/wp\/v2\/comments?post=24211"}],"version-history":[{"count":2,"href":"https:\/\/cgsbaleares.com\/ca\/wp-json\/wp\/v2\/posts\/24211\/revisions"}],"predecessor-version":[{"id":24219,"href":"https:\/\/cgsbaleares.com\/ca\/wp-json\/wp\/v2\/posts\/24211\/revisions\/24219"}],"wp:featuredmedia":[{"embeddable":true,"href":"https:\/\/cgsbaleares.com\/ca\/wp-json\/wp\/v2\/media\/24202"}],"wp:attachment":[{"href":"https:\/\/cgsbaleares.com\/ca\/wp-json\/wp\/v2\/media?parent=24211"}],"wp:term":[{"taxonomy":"category","embeddable":true,"href":"https:\/\/cgsbaleares.com\/ca\/wp-json\/wp\/v2\/categories?post=24211"},{"taxonomy":"post_tag","embeddable":true,"href":"https:\/\/cgsbaleares.com\/ca\/wp-json\/wp\/v2\/tags?post=24211"}],"curies":[{"name":"wp","href":"https:\/\/api.w.org\/{rel}","templated":true}]}}