{"id":25829,"date":"2026-04-09T16:25:29","date_gmt":"2026-04-09T14:25:29","guid":{"rendered":"https:\/\/cgsbaleares.com\/?p=25829"},"modified":"2026-04-09T16:28:17","modified_gmt":"2026-04-09T14:28:17","slug":"sessio-formativa-sobre-butlletins-red-revisio-normativa-i-aplicacio-practica","status":"publish","type":"post","link":"https:\/\/cgsbaleares.com\/ca\/sessio-formativa-sobre-butlletins-red-revisio-normativa-i-aplicacio-practica\/","title":{"rendered":"Sessi\u00f3 formativa sobre Butlletins RED: revisi\u00f3 normativa i aplicaci\u00f3 pr\u00e0ctica"},"content":{"rendered":"\n<p><\/p>\n\n\n\n<p>L\u2019Il\u00b7lustre Col\u00b7legi Oficial de Graduats Socials de les Illes Balears va celebrar, a la seva seu col\u00b7legial, la sessi\u00f3 formativa \u201cButlletins de Not\u00edcies RED. Revisi\u00f3. Q\u00fcestions pr\u00e0ctiques i de procediment\u201d, organitzada en col\u00b7laboraci\u00f3 amb la Fundaci\u00f3 de Graduats Socials de les Illes Balears. La jornada va ser presentada per la presidenta del Col\u00b7legi, Merc\u00e8 Garc\u00eda.<\/p>\n\n\n\n<figure class=\"wp-block-image size-large\"><img fetchpriority=\"high\" decoding=\"async\" width=\"1024\" height=\"683\" src=\"https:\/\/cgsbaleares.com\/wp-content\/uploads\/2026\/04\/webfoto1-copia-1-1024x683.jpg\" alt=\"\" class=\"wp-image-25830\" srcset=\"https:\/\/cgsbaleares.com\/wp-content\/uploads\/2026\/04\/webfoto1-copia-1-1024x683.jpg 1024w, https:\/\/cgsbaleares.com\/wp-content\/uploads\/2026\/04\/webfoto1-copia-1-300x200.jpg 300w, https:\/\/cgsbaleares.com\/wp-content\/uploads\/2026\/04\/webfoto1-copia-1-768x512.jpg 768w, https:\/\/cgsbaleares.com\/wp-content\/uploads\/2026\/04\/webfoto1-copia-1-1536x1024.jpg 1536w, https:\/\/cgsbaleares.com\/wp-content\/uploads\/2026\/04\/webfoto1-copia-1-2048x1365.jpg 2048w\" sizes=\"(max-width: 1024px) 100vw, 1024px\" \/><\/figure>\n\n\n\n<p>La sessi\u00f3, impartida per Felipe Bravo Gonz\u00e1lez, subdirector provincial de Gesti\u00f3 Recaptat\u00f2ria de la Tresoreria General de la Seguretat Social a les Illes Balears, va abordar de manera pr\u00e0ctica les principals novetats i criteris interpretatius recollits als Butlletins de Not\u00edcies RED. Durant jornada es varen analitzar q\u00fcestions d\u2019especial rellev\u00e0ncia per a l\u2019exercici professional, com les novetats introdu\u00efdes pel RDL 1\/2023 en mat\u00e8ria de contractes de substituci\u00f3, la identificaci\u00f3 excepcional de per\u00edodes de baixa m\u00e8dica no regularitzats, la funcionalitat d\u2019afiliaci\u00f3 en l\u00ednia per a l\u2019assignaci\u00f3 del n\u00famero de la Seguretat Social, aix\u00ed com el nou tr\u00e0mit de bonificacions per a la formaci\u00f3 per a l\u2019ocupaci\u00f3.<\/p>\n\n\n\n<p>Aix\u00ed mateix, es varen tractar altres aspectes d\u2019actualitat com la nova situaci\u00f3 especial d\u2019incapacitat temporal per conting\u00e8ncies comunes per a donants en viu d\u2019\u00f2rgans o teixits, l\u2019actualitzaci\u00f3 del servei d\u2019anul\u00b7laci\u00f3 de liquidacions, la modificaci\u00f3 del tipus d\u2019inactivitat Z i les implicacions del RDL 3\/2026 en relaci\u00f3 amb l\u2019obligaci\u00f3 de comunicar el codi CNAE 2025.<br><br>La sessi\u00f3 va permetre als assistents resoldre dubtes i aprofundir en els procediments, refor\u00e7ant el comprom\u00eds del Col\u00b7legi amb una formaci\u00f3 cont\u00ednua, rigorosa i alineada amb les necessitats reals dels graduats i graduades socials.<\/p>\n","protected":false},"excerpt":{"rendered":"<p>L\u2019Il\u00b7lustre Col\u00b7legi Oficial de Graduats Socials de les Illes Balears va celebrar, a la seva seu col\u00b7legial, la sessi\u00f3 formativa \u201cButlletins de Not\u00edcies RED. Revisi\u00f3. Q\u00fcestions pr\u00e0ctiques i de procediment\u201d, organitzada en col\u00b7laboraci\u00f3 amb la Fundaci\u00f3 de Graduats Socials de les Illes Balears. La jornada va ser presentada per la presidenta del Col\u00b7legi, Merc\u00e8 Garc\u00eda. [&hellip;]<\/p>\n","protected":false},"author":677,"featured_media":25822,"comment_status":"closed","ping_status":"open","sticky":true,"template":"","format":"standard","meta":{"_monsterinsights_skip_tracking":false,"footnotes":"","_members_access_role":[],"_members_access_error":""},"categories":[317],"tags":[],"class_list":["post-25829","post","type-post","status-publish","format-standard","has-post-thumbnail","hentry","category-cursos-i-formacio"],"desde":null,"hasta":null,"texto_circular":null,"hora_envio":null,"texto_ciruclar":null,"texto-circular":null,"asunto_circular":null,"documentos":null,"lugar_del_evento":null,"texto_fechas_":null,"envio_circular":null,"enviar_newsletter":null,"fecha_envio":null,"estado_envio":null,"destinatarios":null,"demarcaciones":null,"pendiente":null,"_links":{"self":[{"href":"https:\/\/cgsbaleares.com\/ca\/wp-json\/wp\/v2\/posts\/25829","targetHints":{"allow":["GET"]}}],"collection":[{"href":"https:\/\/cgsbaleares.com\/ca\/wp-json\/wp\/v2\/posts"}],"about":[{"href":"https:\/\/cgsbaleares.com\/ca\/wp-json\/wp\/v2\/types\/post"}],"author":[{"embeddable":true,"href":"https:\/\/cgsbaleares.com\/ca\/wp-json\/wp\/v2\/users\/677"}],"replies":[{"embeddable":true,"href":"https:\/\/cgsbaleares.com\/ca\/wp-json\/wp\/v2\/comments?post=25829"}],"version-history":[{"count":2,"href":"https:\/\/cgsbaleares.com\/ca\/wp-json\/wp\/v2\/posts\/25829\/revisions"}],"predecessor-version":[{"id":25833,"href":"https:\/\/cgsbaleares.com\/ca\/wp-json\/wp\/v2\/posts\/25829\/revisions\/25833"}],"wp:featuredmedia":[{"embeddable":true,"href":"https:\/\/cgsbaleares.com\/ca\/wp-json\/wp\/v2\/media\/25822"}],"wp:attachment":[{"href":"https:\/\/cgsbaleares.com\/ca\/wp-json\/wp\/v2\/media?parent=25829"}],"wp:term":[{"taxonomy":"category","embeddable":true,"href":"https:\/\/cgsbaleares.com\/ca\/wp-json\/wp\/v2\/categories?post=25829"},{"taxonomy":"post_tag","embeddable":true,"href":"https:\/\/cgsbaleares.com\/ca\/wp-json\/wp\/v2\/tags?post=25829"}],"curies":[{"name":"wp","href":"https:\/\/api.w.org\/{rel}","templated":true}]}}