{"id":25981,"date":"2026-04-28T15:17:27","date_gmt":"2026-04-28T13:17:27","guid":{"rendered":"https:\/\/cgsbaleares.com\/?p=25981"},"modified":"2026-04-28T15:22:08","modified_gmt":"2026-04-28T13:22:08","slug":"reunio-institucional-amb-la-conselleria-deducacio-per-impulsar-la-formacio-en-rrhh-i-la-collaboracio-empresarial","status":"publish","type":"post","link":"https:\/\/cgsbaleares.com\/ca\/reunio-institucional-amb-la-conselleria-deducacio-per-impulsar-la-formacio-en-rrhh-i-la-collaboracio-empresarial\/","title":{"rendered":"Reuni\u00f3 institucional amb la Conselleria d\u2019Educaci\u00f3 per impulsar la formaci\u00f3 en RRHH i la col\u00b7laboraci\u00f3 empresarial"},"content":{"rendered":"\n<p>L\u2019Il\u00b7lustre Col\u00b7legi Oficial de Graduats Socials de les Illes Balears ha mantingut&nbsp; una reuni\u00f3 de treball a la Conselleria d\u2019Educaci\u00f3 amb l\u2019objectiu d\u2019avan\u00e7ar en noves l\u00ednies de col\u00b7laboraci\u00f3 en mat\u00e8ria formativa i d\u2019assessorament empresarial.<\/p>\n\n\n\n<p>En representaci\u00f3 del Col\u00b7legi hi han assistit Joan Pep Escandell, vocal de la Junta de Govern i coordinador de Cultura, Formaci\u00f3 i Universitats, i Marina L\u00f3pez, membre de l\u2019esmentada comissi\u00f3.<\/p>\n\n\n\n<p>Per part de la Conselleria hi han participat Maria Isabel Sala, directora general de Formaci\u00f3 Professional i Ordenaci\u00f3 Educativa; Juan A. Mart\u00edn Haces, cap de departament de Formaci\u00f3 Professional i Qualificacions Professionals; i Catalina Mas, cap del Servei de Convenis i Empresa.<\/p>\n\n\n\n<p>Durant la trobada es varen abordar dues l\u00ednies de treball principals. D\u2019una banda, la posada en marxa d\u2019un grau d\u2019especialitzaci\u00f3 en recursos humans, per al qual des de la Conselleria s\u2019ha sol\u00b7licitat al Col\u00b7legi una guia de continguts que permeti avan\u00e7ar en la seva adaptaci\u00f3 normativa. D\u2019altra banda, es va plantejar la signatura d\u2019un conveni de col\u00b7laboraci\u00f3 orientat a refor\u00e7ar l\u2019assessorament a empreses en mat\u00e8ria de contractaci\u00f3 en alternan\u00e7a.<\/p>\n\n\n\n<p>La reuni\u00f3 consolida una l\u00ednia de treball compartida orientada a adaptar la formaci\u00f3 a la realitat empresarial i millorar la capacitaci\u00f3 professional.<\/p>\n","protected":false},"excerpt":{"rendered":"<p>L\u2019Il\u00b7lustre Col\u00b7legi Oficial de Graduats Socials de les Illes Balears ha mantingut&nbsp; una reuni\u00f3 de treball a la Conselleria d\u2019Educaci\u00f3 amb l\u2019objectiu d\u2019avan\u00e7ar en noves l\u00ednies de col\u00b7laboraci\u00f3 en mat\u00e8ria formativa i d\u2019assessorament empresarial. En representaci\u00f3 del Col\u00b7legi hi han assistit Joan Pep Escandell, vocal de la Junta de Govern i coordinador de Cultura, Formaci\u00f3 [&hellip;]<\/p>\n","protected":false},"author":677,"featured_media":25978,"comment_status":"closed","ping_status":"open","sticky":true,"template":"","format":"standard","meta":{"_monsterinsights_skip_tracking":false,"_monsterinsights_sitenote_active":false,"_monsterinsights_sitenote_note":"","_monsterinsights_sitenote_category":0,"_uf_show_specific_survey":0,"_uf_disable_surveys":false,"_jet_sm_ready_style":"","_jet_sm_style":"","_jet_sm_controls_values":"","_jet_sm_fonts_collection":"","_jet_sm_fonts_links":"","footnotes":""},"categories":[314],"tags":[],"class_list":["post-25981","post","type-post","status-publish","format-standard","has-post-thumbnail","hentry","category-noticies-generals"],"desde":null,"hasta":null,"texto_circular":null,"hora_envio":null,"texto_ciruclar":null,"texto-circular":null,"asunto_circular":null,"documentos":null,"lugar_del_evento":null,"texto_fechas_":null,"envio_circular":null,"enviar_newsletter":null,"fecha_envio":null,"estado_envio":null,"destinatarios":null,"demarcaciones":null,"pendiente":null,"yoast_head":"<!-- This site is optimized with the Yoast SEO plugin v27.5 - https:\/\/yoast.com\/product\/yoast-seo-wordpress\/ -->\n<title>Reuni\u00f3 institucional amb la Conselleria d\u2019Educaci\u00f3 per impulsar la formaci\u00f3 en RRHH i la col\u00b7laboraci\u00f3 empresarial - Il\u00b7lustre Col\u00b7legi Oficial de Graduats Socials de le Illes Balears<\/title>\n<meta name=\"robots\" content=\"index, follow, max-snippet:-1, max-image-preview:large, max-video-preview:-1\" \/>\n<link rel=\"canonical\" href=\"https:\/\/cgsbaleares.com\/ca\/reunio-institucional-amb-la-conselleria-deducacio-per-impulsar-la-formacio-en-rrhh-i-la-collaboracio-empresarial\/\" \/>\n<meta property=\"og:locale\" content=\"ca_ES\" \/>\n<meta property=\"og:type\" content=\"article\" \/>\n<meta property=\"og:title\" content=\"Reuni\u00f3 institucional amb la Conselleria d\u2019Educaci\u00f3 per impulsar la formaci\u00f3 en RRHH i la col\u00b7laboraci\u00f3 empresarial - Il\u00b7lustre Col\u00b7legi Oficial de Graduats Socials de le Illes Balears\" \/>\n<meta property=\"og:description\" content=\"L\u2019Il\u00b7lustre Col\u00b7legi Oficial de Graduats Socials de les Illes Balears ha mantingut&nbsp; una reuni\u00f3 de treball a la Conselleria d\u2019Educaci\u00f3 amb l\u2019objectiu d\u2019avan\u00e7ar en noves l\u00ednies de col\u00b7laboraci\u00f3 en mat\u00e8ria formativa i d\u2019assessorament empresarial. En representaci\u00f3 del Col\u00b7legi hi han assistit Joan Pep Escandell, vocal de la Junta de Govern i coordinador de Cultura, Formaci\u00f3 [&hellip;]\" \/>\n<meta property=\"og:url\" content=\"https:\/\/cgsbaleares.com\/ca\/reunio-institucional-amb-la-conselleria-deducacio-per-impulsar-la-formacio-en-rrhh-i-la-collaboracio-empresarial\/\" \/>\n<meta property=\"og:site_name\" content=\"Il\u00b7lustre Col\u00b7legi Oficial de Graduats Socials de le Illes Balears\" \/>\n<meta property=\"article:publisher\" content=\"https:\/\/www.facebook.com\/graduadossocialesbaleares\" \/>\n<meta property=\"article:published_time\" content=\"2026-04-28T13:17:27+00:00\" \/>\n<meta property=\"article:modified_time\" content=\"2026-04-28T13:22:08+00:00\" \/>\n<meta property=\"og:image\" content=\"http:\/\/cgsbaleares.com\/wp-content\/uploads\/2026\/04\/20260428-foto-2-1.jpeg\" \/>\n\t<meta property=\"og:image:width\" content=\"2048\" \/>\n\t<meta property=\"og:image:height\" content=\"1536\" \/>\n\t<meta property=\"og:image:type\" content=\"image\/jpeg\" \/>\n<meta name=\"author\" content=\"Juan Fiol Alemany\" \/>\n<meta name=\"twitter:card\" content=\"summary_large_image\" \/>\n<meta name=\"twitter:creator\" content=\"@cgsbaleares\" \/>\n<meta name=\"twitter:site\" content=\"@cgsbaleares\" \/>\n<meta name=\"twitter:label1\" content=\"Escrit per\" \/>\n\t<meta name=\"twitter:data1\" content=\"Juan Fiol Alemany\" \/>\n\t<meta name=\"twitter:label2\" content=\"Temps estimat de lectura\" \/>\n\t<meta name=\"twitter:data2\" content=\"2 minuts\" \/>\n<script type=\"application\/ld+json\" class=\"yoast-schema-graph\">{\"@context\":\"https:\\\/\\\/schema.org\",\"@graph\":[{\"@type\":\"Article\",\"@id\":\"https:\\\/\\\/cgsbaleares.com\\\/ca\\\/reunio-institucional-amb-la-conselleria-deducacio-per-impulsar-la-formacio-en-rrhh-i-la-collaboracio-empresarial\\\/#article\",\"isPartOf\":{\"@id\":\"https:\\\/\\\/cgsbaleares.com\\\/ca\\\/reunio-institucional-amb-la-conselleria-deducacio-per-impulsar-la-formacio-en-rrhh-i-la-collaboracio-empresarial\\\/\"},\"author\":{\"name\":\"Juan Fiol Alemany\",\"@id\":\"https:\\\/\\\/cgsbaleares.com\\\/#\\\/schema\\\/person\\\/7b75e24dfcb0b9f1376ec78afc253cd4\"},\"headline\":\"Reuni\u00f3 institucional amb la Conselleria d\u2019Educaci\u00f3 per impulsar la formaci\u00f3 en RRHH i la col\u00b7laboraci\u00f3 empresarial\",\"datePublished\":\"2026-04-28T13:17:27+00:00\",\"dateModified\":\"2026-04-28T13:22:08+00:00\",\"mainEntityOfPage\":{\"@id\":\"https:\\\/\\\/cgsbaleares.com\\\/ca\\\/reunio-institucional-amb-la-conselleria-deducacio-per-impulsar-la-formacio-en-rrhh-i-la-collaboracio-empresarial\\\/\"},\"wordCount\":247,\"publisher\":{\"@id\":\"https:\\\/\\\/cgsbaleares.com\\\/#organization\"},\"image\":{\"@id\":\"https:\\\/\\\/cgsbaleares.com\\\/ca\\\/reunio-institucional-amb-la-conselleria-deducacio-per-impulsar-la-formacio-en-rrhh-i-la-collaboracio-empresarial\\\/#primaryimage\"},\"thumbnailUrl\":\"https:\\\/\\\/cgsbaleares.com\\\/wp-content\\\/uploads\\\/2026\\\/04\\\/20260428-foto-2-1.jpeg\",\"articleSection\":[\"Not\u00edcies generals\"],\"inLanguage\":\"ca\"},{\"@type\":\"WebPage\",\"@id\":\"https:\\\/\\\/cgsbaleares.com\\\/ca\\\/reunio-institucional-amb-la-conselleria-deducacio-per-impulsar-la-formacio-en-rrhh-i-la-collaboracio-empresarial\\\/\",\"url\":\"https:\\\/\\\/cgsbaleares.com\\\/ca\\\/reunio-institucional-amb-la-conselleria-deducacio-per-impulsar-la-formacio-en-rrhh-i-la-collaboracio-empresarial\\\/\",\"name\":\"Reuni\u00f3 institucional amb la Conselleria d\u2019Educaci\u00f3 per impulsar la formaci\u00f3 en RRHH i la col\u00b7laboraci\u00f3 empresarial - Il\u00b7lustre Col\u00b7legi Oficial de Graduats Socials de le Illes Balears\",\"isPartOf\":{\"@id\":\"https:\\\/\\\/cgsbaleares.com\\\/#website\"},\"primaryImageOfPage\":{\"@id\":\"https:\\\/\\\/cgsbaleares.com\\\/ca\\\/reunio-institucional-amb-la-conselleria-deducacio-per-impulsar-la-formacio-en-rrhh-i-la-collaboracio-empresarial\\\/#primaryimage\"},\"image\":{\"@id\":\"https:\\\/\\\/cgsbaleares.com\\\/ca\\\/reunio-institucional-amb-la-conselleria-deducacio-per-impulsar-la-formacio-en-rrhh-i-la-collaboracio-empresarial\\\/#primaryimage\"},\"thumbnailUrl\":\"https:\\\/\\\/cgsbaleares.com\\\/wp-content\\\/uploads\\\/2026\\\/04\\\/20260428-foto-2-1.jpeg\",\"datePublished\":\"2026-04-28T13:17:27+00:00\",\"dateModified\":\"2026-04-28T13:22:08+00:00\",\"breadcrumb\":{\"@id\":\"https:\\\/\\\/cgsbaleares.com\\\/ca\\\/reunio-institucional-amb-la-conselleria-deducacio-per-impulsar-la-formacio-en-rrhh-i-la-collaboracio-empresarial\\\/#breadcrumb\"},\"inLanguage\":\"ca\",\"potentialAction\":[{\"@type\":\"ReadAction\",\"target\":[\"https:\\\/\\\/cgsbaleares.com\\\/ca\\\/reunio-institucional-amb-la-conselleria-deducacio-per-impulsar-la-formacio-en-rrhh-i-la-collaboracio-empresarial\\\/\"]}]},{\"@type\":\"ImageObject\",\"inLanguage\":\"ca\",\"@id\":\"https:\\\/\\\/cgsbaleares.com\\\/ca\\\/reunio-institucional-amb-la-conselleria-deducacio-per-impulsar-la-formacio-en-rrhh-i-la-collaboracio-empresarial\\\/#primaryimage\",\"url\":\"https:\\\/\\\/cgsbaleares.com\\\/wp-content\\\/uploads\\\/2026\\\/04\\\/20260428-foto-2-1.jpeg\",\"contentUrl\":\"https:\\\/\\\/cgsbaleares.com\\\/wp-content\\\/uploads\\\/2026\\\/04\\\/20260428-foto-2-1.jpeg\",\"width\":2048,\"height\":1536},{\"@type\":\"BreadcrumbList\",\"@id\":\"https:\\\/\\\/cgsbaleares.com\\\/ca\\\/reunio-institucional-amb-la-conselleria-deducacio-per-impulsar-la-formacio-en-rrhh-i-la-collaboracio-empresarial\\\/#breadcrumb\",\"itemListElement\":[{\"@type\":\"ListItem\",\"position\":1,\"name\":\"Portada\",\"item\":\"https:\\\/\\\/cgsbaleares.com\\\/ca\\\/\"},{\"@type\":\"ListItem\",\"position\":2,\"name\":\"Reuni\u00f3 institucional amb la Conselleria d\u2019Educaci\u00f3 per impulsar la formaci\u00f3 en RRHH i la col\u00b7laboraci\u00f3 empresarial\"}]},{\"@type\":\"WebSite\",\"@id\":\"https:\\\/\\\/cgsbaleares.com\\\/#website\",\"url\":\"https:\\\/\\\/cgsbaleares.com\\\/\",\"name\":\"Il\u00b7ustre Col\u00b7legi Oficial de Graduats Socials de le Illes Balears\",\"description\":\"Il\u00b7lustre Col\u00b7legi Oficial de Graduats Socials de les Illes Balears\",\"publisher\":{\"@id\":\"https:\\\/\\\/cgsbaleares.com\\\/#organization\"},\"potentialAction\":[{\"@type\":\"SearchAction\",\"target\":{\"@type\":\"EntryPoint\",\"urlTemplate\":\"https:\\\/\\\/cgsbaleares.com\\\/?s={search_term_string}\"},\"query-input\":{\"@type\":\"PropertyValueSpecification\",\"valueRequired\":true,\"valueName\":\"search_term_string\"}}],\"inLanguage\":\"ca\"},{\"@type\":\"Organization\",\"@id\":\"https:\\\/\\\/cgsbaleares.com\\\/#organization\",\"name\":\"Il\u00b7ustre Col\u00b7legi Oficial de Graduats Socials de le Illes Balears\",\"url\":\"https:\\\/\\\/cgsbaleares.com\\\/\",\"logo\":{\"@type\":\"ImageObject\",\"inLanguage\":\"ca\",\"@id\":\"https:\\\/\\\/cgsbaleares.com\\\/#\\\/schema\\\/logo\\\/image\\\/\",\"url\":\"https:\\\/\\\/cgsbaleares.com\\\/wp-content\\\/uploads\\\/2024\\\/08\\\/CGS_logo_baleares_500x152.png\",\"contentUrl\":\"https:\\\/\\\/cgsbaleares.com\\\/wp-content\\\/uploads\\\/2024\\\/08\\\/CGS_logo_baleares_500x152.png\",\"width\":500,\"height\":152,\"caption\":\"Il\u00b7ustre Col\u00b7legi Oficial de Graduats Socials de le Illes Balears\"},\"image\":{\"@id\":\"https:\\\/\\\/cgsbaleares.com\\\/#\\\/schema\\\/logo\\\/image\\\/\"},\"sameAs\":[\"https:\\\/\\\/www.facebook.com\\\/graduadossocialesbaleares\",\"https:\\\/\\\/x.com\\\/cgsbaleares\",\"https:\\\/\\\/www.instagram.com\\\/cgsbaleares\\\/\",\"https:\\\/\\\/www.linkedin.com\\\/company\\\/cgsbaleares\\\/\"]},{\"@type\":\"Person\",\"@id\":\"https:\\\/\\\/cgsbaleares.com\\\/#\\\/schema\\\/person\\\/7b75e24dfcb0b9f1376ec78afc253cd4\",\"name\":\"Juan Fiol Alemany\",\"image\":{\"@type\":\"ImageObject\",\"inLanguage\":\"ca\",\"@id\":\"https:\\\/\\\/secure.gravatar.com\\\/avatar\\\/9569b8e61fcb5be8918bb8ea705df8ad474ba356ff9e971390314751e816c08d?s=96&d=mm&r=g\",\"url\":\"https:\\\/\\\/secure.gravatar.com\\\/avatar\\\/9569b8e61fcb5be8918bb8ea705df8ad474ba356ff9e971390314751e816c08d?s=96&d=mm&r=g\",\"contentUrl\":\"https:\\\/\\\/secure.gravatar.com\\\/avatar\\\/9569b8e61fcb5be8918bb8ea705df8ad474ba356ff9e971390314751e816c08d?s=96&d=mm&r=g\",\"caption\":\"Juan Fiol Alemany\"},\"url\":\"https:\\\/\\\/cgsbaleares.com\\\/ca\\\/colegiado\\\/juan-fiol-alemany\\\/\"}]}<\/script>\n<!-- \/ Yoast SEO plugin. -->","yoast_head_json":{"title":"Reuni\u00f3 institucional amb la Conselleria d\u2019Educaci\u00f3 per impulsar la formaci\u00f3 en RRHH i la col\u00b7laboraci\u00f3 empresarial - Il\u00b7lustre Col\u00b7legi Oficial de Graduats Socials de le Illes Balears","robots":{"index":"index","follow":"follow","max-snippet":"max-snippet:-1","max-image-preview":"max-image-preview:large","max-video-preview":"max-video-preview:-1"},"canonical":"https:\/\/cgsbaleares.com\/ca\/reunio-institucional-amb-la-conselleria-deducacio-per-impulsar-la-formacio-en-rrhh-i-la-collaboracio-empresarial\/","og_locale":"ca_ES","og_type":"article","og_title":"Reuni\u00f3 institucional amb la Conselleria d\u2019Educaci\u00f3 per impulsar la formaci\u00f3 en RRHH i la col\u00b7laboraci\u00f3 empresarial - Il\u00b7lustre Col\u00b7legi Oficial de Graduats Socials de le Illes Balears","og_description":"L\u2019Il\u00b7lustre Col\u00b7legi Oficial de Graduats Socials de les Illes Balears ha mantingut&nbsp; una reuni\u00f3 de treball a la Conselleria d\u2019Educaci\u00f3 amb l\u2019objectiu d\u2019avan\u00e7ar en noves l\u00ednies de col\u00b7laboraci\u00f3 en mat\u00e8ria formativa i d\u2019assessorament empresarial. En representaci\u00f3 del Col\u00b7legi hi han assistit Joan Pep Escandell, vocal de la Junta de Govern i coordinador de Cultura, Formaci\u00f3 [&hellip;]","og_url":"https:\/\/cgsbaleares.com\/ca\/reunio-institucional-amb-la-conselleria-deducacio-per-impulsar-la-formacio-en-rrhh-i-la-collaboracio-empresarial\/","og_site_name":"Il\u00b7lustre Col\u00b7legi Oficial de Graduats Socials de le Illes Balears","article_publisher":"https:\/\/www.facebook.com\/graduadossocialesbaleares","article_published_time":"2026-04-28T13:17:27+00:00","article_modified_time":"2026-04-28T13:22:08+00:00","og_image":[{"width":2048,"height":1536,"url":"http:\/\/cgsbaleares.com\/wp-content\/uploads\/2026\/04\/20260428-foto-2-1.jpeg","type":"image\/jpeg"}],"author":"Juan Fiol Alemany","twitter_card":"summary_large_image","twitter_creator":"@cgsbaleares","twitter_site":"@cgsbaleares","twitter_misc":{"Escrit per":"Juan Fiol Alemany","Temps estimat de lectura":"2 minuts"},"schema":{"@context":"https:\/\/schema.org","@graph":[{"@type":"Article","@id":"https:\/\/cgsbaleares.com\/ca\/reunio-institucional-amb-la-conselleria-deducacio-per-impulsar-la-formacio-en-rrhh-i-la-collaboracio-empresarial\/#article","isPartOf":{"@id":"https:\/\/cgsbaleares.com\/ca\/reunio-institucional-amb-la-conselleria-deducacio-per-impulsar-la-formacio-en-rrhh-i-la-collaboracio-empresarial\/"},"author":{"name":"Juan Fiol Alemany","@id":"https:\/\/cgsbaleares.com\/#\/schema\/person\/7b75e24dfcb0b9f1376ec78afc253cd4"},"headline":"Reuni\u00f3 institucional amb la Conselleria d\u2019Educaci\u00f3 per impulsar la formaci\u00f3 en RRHH i la col\u00b7laboraci\u00f3 empresarial","datePublished":"2026-04-28T13:17:27+00:00","dateModified":"2026-04-28T13:22:08+00:00","mainEntityOfPage":{"@id":"https:\/\/cgsbaleares.com\/ca\/reunio-institucional-amb-la-conselleria-deducacio-per-impulsar-la-formacio-en-rrhh-i-la-collaboracio-empresarial\/"},"wordCount":247,"publisher":{"@id":"https:\/\/cgsbaleares.com\/#organization"},"image":{"@id":"https:\/\/cgsbaleares.com\/ca\/reunio-institucional-amb-la-conselleria-deducacio-per-impulsar-la-formacio-en-rrhh-i-la-collaboracio-empresarial\/#primaryimage"},"thumbnailUrl":"https:\/\/cgsbaleares.com\/wp-content\/uploads\/2026\/04\/20260428-foto-2-1.jpeg","articleSection":["Not\u00edcies generals"],"inLanguage":"ca"},{"@type":"WebPage","@id":"https:\/\/cgsbaleares.com\/ca\/reunio-institucional-amb-la-conselleria-deducacio-per-impulsar-la-formacio-en-rrhh-i-la-collaboracio-empresarial\/","url":"https:\/\/cgsbaleares.com\/ca\/reunio-institucional-amb-la-conselleria-deducacio-per-impulsar-la-formacio-en-rrhh-i-la-collaboracio-empresarial\/","name":"Reuni\u00f3 institucional amb la Conselleria d\u2019Educaci\u00f3 per impulsar la formaci\u00f3 en RRHH i la col\u00b7laboraci\u00f3 empresarial - Il\u00b7lustre Col\u00b7legi Oficial de Graduats Socials de le Illes Balears","isPartOf":{"@id":"https:\/\/cgsbaleares.com\/#website"},"primaryImageOfPage":{"@id":"https:\/\/cgsbaleares.com\/ca\/reunio-institucional-amb-la-conselleria-deducacio-per-impulsar-la-formacio-en-rrhh-i-la-collaboracio-empresarial\/#primaryimage"},"image":{"@id":"https:\/\/cgsbaleares.com\/ca\/reunio-institucional-amb-la-conselleria-deducacio-per-impulsar-la-formacio-en-rrhh-i-la-collaboracio-empresarial\/#primaryimage"},"thumbnailUrl":"https:\/\/cgsbaleares.com\/wp-content\/uploads\/2026\/04\/20260428-foto-2-1.jpeg","datePublished":"2026-04-28T13:17:27+00:00","dateModified":"2026-04-28T13:22:08+00:00","breadcrumb":{"@id":"https:\/\/cgsbaleares.com\/ca\/reunio-institucional-amb-la-conselleria-deducacio-per-impulsar-la-formacio-en-rrhh-i-la-collaboracio-empresarial\/#breadcrumb"},"inLanguage":"ca","potentialAction":[{"@type":"ReadAction","target":["https:\/\/cgsbaleares.com\/ca\/reunio-institucional-amb-la-conselleria-deducacio-per-impulsar-la-formacio-en-rrhh-i-la-collaboracio-empresarial\/"]}]},{"@type":"ImageObject","inLanguage":"ca","@id":"https:\/\/cgsbaleares.com\/ca\/reunio-institucional-amb-la-conselleria-deducacio-per-impulsar-la-formacio-en-rrhh-i-la-collaboracio-empresarial\/#primaryimage","url":"https:\/\/cgsbaleares.com\/wp-content\/uploads\/2026\/04\/20260428-foto-2-1.jpeg","contentUrl":"https:\/\/cgsbaleares.com\/wp-content\/uploads\/2026\/04\/20260428-foto-2-1.jpeg","width":2048,"height":1536},{"@type":"BreadcrumbList","@id":"https:\/\/cgsbaleares.com\/ca\/reunio-institucional-amb-la-conselleria-deducacio-per-impulsar-la-formacio-en-rrhh-i-la-collaboracio-empresarial\/#breadcrumb","itemListElement":[{"@type":"ListItem","position":1,"name":"Portada","item":"https:\/\/cgsbaleares.com\/ca\/"},{"@type":"ListItem","position":2,"name":"Reuni\u00f3 institucional amb la Conselleria d\u2019Educaci\u00f3 per impulsar la formaci\u00f3 en RRHH i la col\u00b7laboraci\u00f3 empresarial"}]},{"@type":"WebSite","@id":"https:\/\/cgsbaleares.com\/#website","url":"https:\/\/cgsbaleares.com\/","name":"Il\u00b7ustre Col\u00b7legi Oficial de Graduats Socials de le Illes Balears","description":"Il\u00b7lustre Col\u00b7legi Oficial de Graduats Socials de les Illes Balears","publisher":{"@id":"https:\/\/cgsbaleares.com\/#organization"},"potentialAction":[{"@type":"SearchAction","target":{"@type":"EntryPoint","urlTemplate":"https:\/\/cgsbaleares.com\/?s={search_term_string}"},"query-input":{"@type":"PropertyValueSpecification","valueRequired":true,"valueName":"search_term_string"}}],"inLanguage":"ca"},{"@type":"Organization","@id":"https:\/\/cgsbaleares.com\/#organization","name":"Il\u00b7ustre Col\u00b7legi Oficial de Graduats Socials de le Illes Balears","url":"https:\/\/cgsbaleares.com\/","logo":{"@type":"ImageObject","inLanguage":"ca","@id":"https:\/\/cgsbaleares.com\/#\/schema\/logo\/image\/","url":"https:\/\/cgsbaleares.com\/wp-content\/uploads\/2024\/08\/CGS_logo_baleares_500x152.png","contentUrl":"https:\/\/cgsbaleares.com\/wp-content\/uploads\/2024\/08\/CGS_logo_baleares_500x152.png","width":500,"height":152,"caption":"Il\u00b7ustre Col\u00b7legi Oficial de Graduats Socials de le Illes Balears"},"image":{"@id":"https:\/\/cgsbaleares.com\/#\/schema\/logo\/image\/"},"sameAs":["https:\/\/www.facebook.com\/graduadossocialesbaleares","https:\/\/x.com\/cgsbaleares","https:\/\/www.instagram.com\/cgsbaleares\/","https:\/\/www.linkedin.com\/company\/cgsbaleares\/"]},{"@type":"Person","@id":"https:\/\/cgsbaleares.com\/#\/schema\/person\/7b75e24dfcb0b9f1376ec78afc253cd4","name":"Juan Fiol Alemany","image":{"@type":"ImageObject","inLanguage":"ca","@id":"https:\/\/secure.gravatar.com\/avatar\/9569b8e61fcb5be8918bb8ea705df8ad474ba356ff9e971390314751e816c08d?s=96&d=mm&r=g","url":"https:\/\/secure.gravatar.com\/avatar\/9569b8e61fcb5be8918bb8ea705df8ad474ba356ff9e971390314751e816c08d?s=96&d=mm&r=g","contentUrl":"https:\/\/secure.gravatar.com\/avatar\/9569b8e61fcb5be8918bb8ea705df8ad474ba356ff9e971390314751e816c08d?s=96&d=mm&r=g","caption":"Juan Fiol Alemany"},"url":"https:\/\/cgsbaleares.com\/ca\/colegiado\/juan-fiol-alemany\/"}]}},"_links":{"self":[{"href":"https:\/\/cgsbaleares.com\/ca\/wp-json\/wp\/v2\/posts\/25981","targetHints":{"allow":["GET"]}}],"collection":[{"href":"https:\/\/cgsbaleares.com\/ca\/wp-json\/wp\/v2\/posts"}],"about":[{"href":"https:\/\/cgsbaleares.com\/ca\/wp-json\/wp\/v2\/types\/post"}],"author":[{"embeddable":true,"href":"https:\/\/cgsbaleares.com\/ca\/wp-json\/wp\/v2\/users\/677"}],"replies":[{"embeddable":true,"href":"https:\/\/cgsbaleares.com\/ca\/wp-json\/wp\/v2\/comments?post=25981"}],"version-history":[{"count":3,"href":"https:\/\/cgsbaleares.com\/ca\/wp-json\/wp\/v2\/posts\/25981\/revisions"}],"predecessor-version":[{"id":25986,"href":"https:\/\/cgsbaleares.com\/ca\/wp-json\/wp\/v2\/posts\/25981\/revisions\/25986"}],"wp:featuredmedia":[{"embeddable":true,"href":"https:\/\/cgsbaleares.com\/ca\/wp-json\/wp\/v2\/media\/25978"}],"wp:attachment":[{"href":"https:\/\/cgsbaleares.com\/ca\/wp-json\/wp\/v2\/media?parent=25981"}],"wp:term":[{"taxonomy":"category","embeddable":true,"href":"https:\/\/cgsbaleares.com\/ca\/wp-json\/wp\/v2\/categories?post=25981"},{"taxonomy":"post_tag","embeddable":true,"href":"https:\/\/cgsbaleares.com\/ca\/wp-json\/wp\/v2\/tags?post=25981"}],"curies":[{"name":"wp","href":"https:\/\/api.w.org\/{rel}","templated":true}]}}