{"id":26359,"date":"2026-05-19T13:05:08","date_gmt":"2026-05-19T11:05:08","guid":{"rendered":"https:\/\/cgsbaleares.com\/?p=26359"},"modified":"2026-05-19T13:07:15","modified_gmt":"2026-05-19T11:07:15","slug":"curso-formatiu-sobre-la-prestacio-de-jubilacio-nivell-basic","status":"publish","type":"post","link":"https:\/\/cgsbaleares.com\/ca\/curso-formatiu-sobre-la-prestacio-de-jubilacio-nivell-basic\/","title":{"rendered":"Curso formatiu sobre la prestaci\u00f3 de jubilaci\u00f3: nivell b\u00e0sic"},"content":{"rendered":"\n<p><\/p>\n\n\n\n<p>L\u2019Il\u00b7lustre Col\u00b7legi Oficial de Graduats Socials de les Illes Balears va celebrar el 18 de maig la primera sessi\u00f3 del \u201cCurs formatiu sobre la prestaci\u00f3 de jubilaci\u00f3: nivell b\u00e0sic\u201d, que conclour\u00e0 el pr\u00f2xim 20 de maig a la seu col\u00b7legial. L\u2019acte va ser presentat per la presidenta del Col\u00b7legi, Merc\u00e8 Garc\u00eda, i compta amb la pon\u00e8ncia d\u2019Aina Verdera Mateu, cap de Secci\u00f3 de Jubilaci\u00f3 i Superviv\u00e8ncia de l\u2019INSS de les Illes Balears.<\/p>\n\n\n\n<figure class=\"wp-block-image size-large\"><img fetchpriority=\"high\" decoding=\"async\" width=\"1024\" height=\"720\" src=\"https:\/\/cgsbaleares.com\/wp-content\/uploads\/2026\/05\/webPSX_20260518_1623421-copia-2-1024x720.jpg\" alt=\"\" class=\"wp-image-26360\" srcset=\"https:\/\/cgsbaleares.com\/wp-content\/uploads\/2026\/05\/webPSX_20260518_1623421-copia-2-1024x720.jpg 1024w, https:\/\/cgsbaleares.com\/wp-content\/uploads\/2026\/05\/webPSX_20260518_1623421-copia-2-300x211.jpg 300w, https:\/\/cgsbaleares.com\/wp-content\/uploads\/2026\/05\/webPSX_20260518_1623421-copia-2-768x540.jpg 768w, https:\/\/cgsbaleares.com\/wp-content\/uploads\/2026\/05\/webPSX_20260518_1623421-copia-2-1536x1080.jpg 1536w, https:\/\/cgsbaleares.com\/wp-content\/uploads\/2026\/05\/webPSX_20260518_1623421-copia-2-2048x1439.jpg 2048w\" sizes=\"(max-width: 1024px) 100vw, 1024px\" \/><\/figure>\n\n\n\n<p>Al llarg de les dues sessions, els assistents tenen l\u2019oportunitat d\u2019actualitzar i consolidar els seus coneixements sobre els requisits d\u2019acc\u00e9s a la jubilaci\u00f3 ordin\u00e0ria del sistema de Seguretat Social, aix\u00ed com d\u2019adquirir les eines necess\u00e0ries per calcular amb precisi\u00f3 l\u2019import econ\u00f2mic d\u2019aquesta prestaci\u00f3. El curs aborda tamb\u00e9 el r\u00e8gim de compatibilitats i incompatibilitats que opera una vegada reconegut el dret a la jubilaci\u00f3, un aspecte de cada vegada m\u00e9s rellev\u00e0ncia en l\u2019assessorament diari a clients i empreses.<\/p>\n\n\n\n<p>Activitats com aquesta contribueixen a refor\u00e7ar el paper del graduat social com a referent professional en l\u2019\u00e0mbit de les relacions laborals i la protecci\u00f3 social, garantint una atenci\u00f3 especialitzada, actualitzada i de confian\u00e7a.<\/p>\n","protected":false},"excerpt":{"rendered":"<p>L\u2019Il\u00b7lustre Col\u00b7legi Oficial de Graduats Socials de les Illes Balears va celebrar el 18 de maig la primera sessi\u00f3 del \u201cCurs formatiu sobre la prestaci\u00f3 de jubilaci\u00f3: nivell b\u00e0sic\u201d, que conclour\u00e0 el pr\u00f2xim 20 de maig a la seu col\u00b7legial. L\u2019acte va ser presentat per la presidenta del Col\u00b7legi, Merc\u00e8 Garc\u00eda, i compta amb la [&hellip;]<\/p>\n","protected":false},"author":677,"featured_media":26352,"comment_status":"closed","ping_status":"open","sticky":true,"template":"","format":"standard","meta":{"_monsterinsights_skip_tracking":false,"footnotes":"","_members_access_role":[],"_members_access_error":""},"categories":[317],"tags":[],"class_list":["post-26359","post","type-post","status-publish","format-standard","has-post-thumbnail","hentry","category-cursos-i-formacio"],"desde":null,"hasta":null,"texto_circular":null,"hora_envio":null,"texto_ciruclar":null,"texto-circular":null,"asunto_circular":null,"documentos":null,"lugar_del_evento":null,"texto_fechas_":null,"envio_circular":null,"enviar_newsletter":null,"fecha_envio":null,"estado_envio":null,"destinatarios":null,"demarcaciones":null,"pendiente":null,"_links":{"self":[{"href":"https:\/\/cgsbaleares.com\/ca\/wp-json\/wp\/v2\/posts\/26359","targetHints":{"allow":["GET"]}}],"collection":[{"href":"https:\/\/cgsbaleares.com\/ca\/wp-json\/wp\/v2\/posts"}],"about":[{"href":"https:\/\/cgsbaleares.com\/ca\/wp-json\/wp\/v2\/types\/post"}],"author":[{"embeddable":true,"href":"https:\/\/cgsbaleares.com\/ca\/wp-json\/wp\/v2\/users\/677"}],"replies":[{"embeddable":true,"href":"https:\/\/cgsbaleares.com\/ca\/wp-json\/wp\/v2\/comments?post=26359"}],"version-history":[{"count":2,"href":"https:\/\/cgsbaleares.com\/ca\/wp-json\/wp\/v2\/posts\/26359\/revisions"}],"predecessor-version":[{"id":26363,"href":"https:\/\/cgsbaleares.com\/ca\/wp-json\/wp\/v2\/posts\/26359\/revisions\/26363"}],"wp:featuredmedia":[{"embeddable":true,"href":"https:\/\/cgsbaleares.com\/ca\/wp-json\/wp\/v2\/media\/26352"}],"wp:attachment":[{"href":"https:\/\/cgsbaleares.com\/ca\/wp-json\/wp\/v2\/media?parent=26359"}],"wp:term":[{"taxonomy":"category","embeddable":true,"href":"https:\/\/cgsbaleares.com\/ca\/wp-json\/wp\/v2\/categories?post=26359"},{"taxonomy":"post_tag","embeddable":true,"href":"https:\/\/cgsbaleares.com\/ca\/wp-json\/wp\/v2\/tags?post=26359"}],"curies":[{"name":"wp","href":"https:\/\/api.w.org\/{rel}","templated":true}]}}