{"id":26376,"date":"2026-05-21T09:33:58","date_gmt":"2026-05-21T07:33:58","guid":{"rendered":"https:\/\/cgsbaleares.com\/?p=26376"},"modified":"2026-05-21T09:52:34","modified_gmt":"2026-05-21T07:52:34","slug":"la-presidenta-merce-garcia-orienta-en-una-nova-sessio-de-loficina-dorientacio-juridica-gratuita","status":"publish","type":"post","link":"https:\/\/cgsbaleares.com\/ca\/la-presidenta-merce-garcia-orienta-en-una-nova-sessio-de-loficina-dorientacio-juridica-gratuita\/","title":{"rendered":"La presidenta Merc\u00e8 Garc\u00eda orienta en una nova sessi\u00f3 de l\u2019Oficina d\u2019Orientaci\u00f3 Jur\u00eddica Gratu\u00efta"},"content":{"rendered":"\n<p><\/p>\n\n\n\n<p>El 20 de maig s\u2019ha celebrat una nova sessi\u00f3 de l\u2019Oficina d\u2019Orientaci\u00f3 Jur\u00eddica Gratu\u00efta a la seu col\u00b7legial, un servei impulsat per la Fundaci\u00f3 de Graduats Socials de les Illes Balears que ofereix orientaci\u00f3 especialitzada en mat\u00e8ria laboral i de Seguretat Social a persones treballadores que no disposen dels recursos necessaris per accedir a un professional privat.<\/p>\n\n\n\n<p>En aquesta ocasi\u00f3, l\u2019atenci\u00f3 ha anat a c\u00e0rrec de la presidenta del Col\u00b7legi, Merc\u00e8 Garc\u00eda, la seva implicaci\u00f3 directa en el servei posa de manifest el comprom\u00eds institucional de l\u2019organitzaci\u00f3 amb l\u2019acc\u00e9s a la just\u00edcia laboral i la protecci\u00f3 de la ciutadania. Aquest servei funciona gr\u00e0cies a la col\u00b7laboraci\u00f3 altruista i volunt\u00e0ria dels graduats i graduades socials col\u00b7legiats, que aporten la seva experi\u00e8ncia com a especialistes en Dret Laboral i Seguretat Social. A trav\u00e9s d\u2019aquesta iniciativa, s\u2019atenen consultes relacionades amb relacions laborals, pensions, prestacions, acomiadaments i altres q\u00fcestions vinculades a l\u2019\u00e0mbit del treball, amb l\u2019objectiu de garantir que cap persona treballadora quedi sense orientaci\u00f3 davant situacions que puguin afectar els seus drets.<\/p>\n","protected":false},"excerpt":{"rendered":"<p>El 20 de maig s\u2019ha celebrat una nova sessi\u00f3 de l\u2019Oficina d\u2019Orientaci\u00f3 Jur\u00eddica Gratu\u00efta a la seu col\u00b7legial, un servei impulsat per la Fundaci\u00f3 de Graduats Socials de les Illes Balears que ofereix orientaci\u00f3 especialitzada en mat\u00e8ria laboral i de Seguretat Social a persones treballadores que no disposen dels recursos necessaris per accedir a un [&hellip;]<\/p>\n","protected":false},"author":677,"featured_media":26373,"comment_status":"closed","ping_status":"open","sticky":true,"template":"","format":"standard","meta":{"_monsterinsights_skip_tracking":false,"footnotes":"","_members_access_role":[],"_members_access_error":""},"categories":[314],"tags":[],"class_list":["post-26376","post","type-post","status-publish","format-standard","has-post-thumbnail","hentry","category-noticies-generals"],"desde":null,"hasta":null,"texto_circular":null,"hora_envio":null,"texto_ciruclar":null,"texto-circular":null,"asunto_circular":null,"documentos":null,"lugar_del_evento":null,"texto_fechas_":null,"envio_circular":null,"enviar_newsletter":null,"fecha_envio":null,"estado_envio":null,"destinatarios":null,"demarcaciones":null,"pendiente":null,"_links":{"self":[{"href":"https:\/\/cgsbaleares.com\/ca\/wp-json\/wp\/v2\/posts\/26376","targetHints":{"allow":["GET"]}}],"collection":[{"href":"https:\/\/cgsbaleares.com\/ca\/wp-json\/wp\/v2\/posts"}],"about":[{"href":"https:\/\/cgsbaleares.com\/ca\/wp-json\/wp\/v2\/types\/post"}],"author":[{"embeddable":true,"href":"https:\/\/cgsbaleares.com\/ca\/wp-json\/wp\/v2\/users\/677"}],"replies":[{"embeddable":true,"href":"https:\/\/cgsbaleares.com\/ca\/wp-json\/wp\/v2\/comments?post=26376"}],"version-history":[{"count":2,"href":"https:\/\/cgsbaleares.com\/ca\/wp-json\/wp\/v2\/posts\/26376\/revisions"}],"predecessor-version":[{"id":26378,"href":"https:\/\/cgsbaleares.com\/ca\/wp-json\/wp\/v2\/posts\/26376\/revisions\/26378"}],"wp:featuredmedia":[{"embeddable":true,"href":"https:\/\/cgsbaleares.com\/ca\/wp-json\/wp\/v2\/media\/26373"}],"wp:attachment":[{"href":"https:\/\/cgsbaleares.com\/ca\/wp-json\/wp\/v2\/media?parent=26376"}],"wp:term":[{"taxonomy":"category","embeddable":true,"href":"https:\/\/cgsbaleares.com\/ca\/wp-json\/wp\/v2\/categories?post=26376"},{"taxonomy":"post_tag","embeddable":true,"href":"https:\/\/cgsbaleares.com\/ca\/wp-json\/wp\/v2\/tags?post=26376"}],"curies":[{"name":"wp","href":"https:\/\/api.w.org\/{rel}","templated":true}]}}