{"id":26384,"date":"2026-05-21T16:10:17","date_gmt":"2026-05-21T14:10:17","guid":{"rendered":"https:\/\/cgsbaleares.com\/?p=26384"},"modified":"2026-05-22T08:52:26","modified_gmt":"2026-05-22T06:52:26","slug":"reunio-amb-el-tamib-per-traslladar-les-propostes-de-millora-dels-collegiats","status":"publish","type":"post","link":"https:\/\/cgsbaleares.com\/ca\/reunio-amb-el-tamib-per-traslladar-les-propostes-de-millora-dels-collegiats\/","title":{"rendered":"Reuni\u00f3 amb el TAMIB per traslladar les propostes de millora dels col\u00b7legiats"},"content":{"rendered":"\n<p>L\u2019Il\u00b7lustre Col\u00b7legi Oficial de Graduats Socials de les Illes Balears ha mantingut una reuni\u00f3 de feina amb la direcci\u00f3 del Tribunal d&#8217;Arbitratge i Mediaci\u00f3 de les Illes Balears (TAMIB) amb l\u2019objectiu de traslladar de primera m\u00e0 les consultes i propostes de millora recollides entre els col\u00b7legiats i col\u00b7legiades.<\/p>\n\n\n\n<p>Durant la trobada es varen abordar diverses q\u00fcestions d\u2019inter\u00e8s per als professionals del col\u00b7lectiu, entre les quals destaquen la futura ubicaci\u00f3 de les noves oficines del TAMIB, l\u2019acceptaci\u00f3 d\u2019apud acta i les millores en la introducci\u00f3 de dades a trav\u00e9s de l\u2019Oficina Virtual. Totes aquestes q\u00fcestions han estat recollides directament dels col\u00b7legiats i traslladades a la direcci\u00f3 del TAMIB amb l\u2019objectiu de millorar el servei i facilitar la feina di\u00e0ria dels professionals de les relacions laborals.<\/p>\n\n\n\n<p>Per part del Col\u00b7legi de Graduats Socials de Balears hi assistiren la presidenta, Merc\u00e8 Garcia, i la vocal Esther Blanc. Per part del TAMIB hi participaren Carlos Riera, gerent del TAMIB, i Julia Ca\u00f1ellas, secret\u00e0ria delegada TAMIB Palma.<\/p>\n\n\n\n<p><\/p>\n","protected":false},"excerpt":{"rendered":"<p>L\u2019Il\u00b7lustre Col\u00b7legi Oficial de Graduats Socials de les Illes Balears ha mantingut una reuni\u00f3 de feina amb la direcci\u00f3 del Tribunal d&#8217;Arbitratge i Mediaci\u00f3 de les Illes Balears (TAMIB) amb l\u2019objectiu de traslladar de primera m\u00e0 les consultes i propostes de millora recollides entre els col\u00b7legiats i col\u00b7legiades. Durant la trobada es varen abordar diverses [&hellip;]<\/p>\n","protected":false},"author":677,"featured_media":26381,"comment_status":"closed","ping_status":"open","sticky":true,"template":"","format":"standard","meta":{"_monsterinsights_skip_tracking":false,"footnotes":"","_members_access_role":[],"_members_access_error":""},"categories":[314],"tags":[],"class_list":["post-26384","post","type-post","status-publish","format-standard","has-post-thumbnail","hentry","category-noticies-generals"],"desde":null,"hasta":null,"texto_circular":null,"hora_envio":null,"texto_ciruclar":null,"texto-circular":null,"asunto_circular":null,"documentos":null,"lugar_del_evento":null,"texto_fechas_":null,"envio_circular":null,"enviar_newsletter":null,"fecha_envio":null,"estado_envio":null,"destinatarios":null,"demarcaciones":null,"pendiente":null,"_links":{"self":[{"href":"https:\/\/cgsbaleares.com\/ca\/wp-json\/wp\/v2\/posts\/26384","targetHints":{"allow":["GET"]}}],"collection":[{"href":"https:\/\/cgsbaleares.com\/ca\/wp-json\/wp\/v2\/posts"}],"about":[{"href":"https:\/\/cgsbaleares.com\/ca\/wp-json\/wp\/v2\/types\/post"}],"author":[{"embeddable":true,"href":"https:\/\/cgsbaleares.com\/ca\/wp-json\/wp\/v2\/users\/677"}],"replies":[{"embeddable":true,"href":"https:\/\/cgsbaleares.com\/ca\/wp-json\/wp\/v2\/comments?post=26384"}],"version-history":[{"count":5,"href":"https:\/\/cgsbaleares.com\/ca\/wp-json\/wp\/v2\/posts\/26384\/revisions"}],"predecessor-version":[{"id":26396,"href":"https:\/\/cgsbaleares.com\/ca\/wp-json\/wp\/v2\/posts\/26384\/revisions\/26396"}],"wp:featuredmedia":[{"embeddable":true,"href":"https:\/\/cgsbaleares.com\/ca\/wp-json\/wp\/v2\/media\/26381"}],"wp:attachment":[{"href":"https:\/\/cgsbaleares.com\/ca\/wp-json\/wp\/v2\/media?parent=26384"}],"wp:term":[{"taxonomy":"category","embeddable":true,"href":"https:\/\/cgsbaleares.com\/ca\/wp-json\/wp\/v2\/categories?post=26384"},{"taxonomy":"post_tag","embeddable":true,"href":"https:\/\/cgsbaleares.com\/ca\/wp-json\/wp\/v2\/tags?post=26384"}],"curies":[{"name":"wp","href":"https:\/\/api.w.org\/{rel}","templated":true}]}}