{"id":26424,"date":"2026-05-25T16:25:14","date_gmt":"2026-05-25T14:25:14","guid":{"rendered":"https:\/\/cgsbaleares.com\/?p=26424"},"modified":"2026-05-25T16:30:17","modified_gmt":"2026-05-25T14:30:17","slug":"segona-sessio-del-collegi-tescolta-cerquem-solucions-la-intelligencia-artificial-i-els-acomiadaments-objectius-protagonistes-duna-trobada-amb-gran-exit","status":"publish","type":"post","link":"https:\/\/cgsbaleares.com\/ca\/segona-sessio-del-collegi-tescolta-cerquem-solucions-la-intelligencia-artificial-i-els-acomiadaments-objectius-protagonistes-duna-trobada-amb-gran-exit\/","title":{"rendered":"Segona sessi\u00f3 d\u2019\u201cEl Col\u00b7legi t\u2019escolta. Cerquem solucions\u201d: la intel\u00b7lig\u00e8ncia artificial i els acomiadaments objectius, protagonistes d\u2019una trobada amb gran \u00e8xit"},"content":{"rendered":"\n<p><\/p>\n\n\n\n<p>El 21 de maig, l\u2019Il\u00b7lustre Col\u00b7legi Oficial de Graduats Socials de les Illes Balears va celebrar a la seva seu col\u00b7legial la segona sessi\u00f3 de la trobada \u201cEl Col\u00b7legi t\u2019escolta. Cerquem solucions\u201d, un espai de reflexi\u00f3 i debat que torna a confirmar la seva vocaci\u00f3 de servei als professionals de l\u2019\u00e0mbit laboral i social de les nostres illes.<\/p>\n\n\n\n<p>El primer bloc es va dedicar a l\u2019aplicaci\u00f3 de la intel\u00b7lig\u00e8ncia artificial als despatxos professionals, abordant trucs, experi\u00e8ncies i bones pr\u00e0ctiques que ja estan transformant la manera de fer feina dels graduats socials. Tot seguit, el segon tema va centrar l\u2019atenci\u00f3 en la complexa problem\u00e0tica jur\u00eddica i laboral que envolta els acomiadaments objectius per ineptitud sobrevinguda derivada de situacions d\u2019incapacitat, una q\u00fcesti\u00f3 que genera importants dubtes interpretatius i que requereix una an\u00e0lisi rigorosa i actualitzada.<\/p>\n\n\n\n<p>La sessi\u00f3 va ser possible gr\u00e0cies a la feina i la implicaci\u00f3 de les seves organitzadores: Arantxa Sitjar, en el seu paper de coordinadora, juntament amb Johanny Rodr\u00edguez, Esther Blanc i Catalina Zafra. Des del Col\u00b7legi volem traslladar el nostre agra\u00efment a tots els col\u00b7legiats i col\u00b7legiades que hi varen participar activament, fent d\u2019aquesta sessi\u00f3 un exemple m\u00e9s de la fortalesa i el comprom\u00eds de la nostra comunitat professional. Continuarem fent feina plegats en pr\u00f2ximes sessions amb la mateixa il\u00b7lusi\u00f3 i el mateix prop\u00f2sit: cercar solucions.<\/p>\n","protected":false},"excerpt":{"rendered":"<p>El 21 de maig, l\u2019Il\u00b7lustre Col\u00b7legi Oficial de Graduats Socials de les Illes Balears va celebrar a la seva seu col\u00b7legial la segona sessi\u00f3 de la trobada \u201cEl Col\u00b7legi t\u2019escolta. Cerquem solucions\u201d, un espai de reflexi\u00f3 i debat que torna a confirmar la seva vocaci\u00f3 de servei als professionals de l\u2019\u00e0mbit laboral i social de [&hellip;]<\/p>\n","protected":false},"author":677,"featured_media":26421,"comment_status":"closed","ping_status":"open","sticky":true,"template":"","format":"standard","meta":{"_monsterinsights_skip_tracking":false,"footnotes":"","_members_access_role":[],"_members_access_error":""},"categories":[317],"tags":[],"class_list":["post-26424","post","type-post","status-publish","format-standard","has-post-thumbnail","hentry","category-cursos-i-formacio"],"desde":null,"hasta":null,"texto_circular":null,"hora_envio":null,"texto_ciruclar":null,"texto-circular":null,"asunto_circular":null,"documentos":null,"lugar_del_evento":null,"texto_fechas_":null,"envio_circular":null,"enviar_newsletter":null,"fecha_envio":null,"estado_envio":null,"destinatarios":null,"demarcaciones":null,"pendiente":null,"_links":{"self":[{"href":"https:\/\/cgsbaleares.com\/ca\/wp-json\/wp\/v2\/posts\/26424","targetHints":{"allow":["GET"]}}],"collection":[{"href":"https:\/\/cgsbaleares.com\/ca\/wp-json\/wp\/v2\/posts"}],"about":[{"href":"https:\/\/cgsbaleares.com\/ca\/wp-json\/wp\/v2\/types\/post"}],"author":[{"embeddable":true,"href":"https:\/\/cgsbaleares.com\/ca\/wp-json\/wp\/v2\/users\/677"}],"replies":[{"embeddable":true,"href":"https:\/\/cgsbaleares.com\/ca\/wp-json\/wp\/v2\/comments?post=26424"}],"version-history":[{"count":3,"href":"https:\/\/cgsbaleares.com\/ca\/wp-json\/wp\/v2\/posts\/26424\/revisions"}],"predecessor-version":[{"id":26428,"href":"https:\/\/cgsbaleares.com\/ca\/wp-json\/wp\/v2\/posts\/26424\/revisions\/26428"}],"wp:featuredmedia":[{"embeddable":true,"href":"https:\/\/cgsbaleares.com\/ca\/wp-json\/wp\/v2\/media\/26421"}],"wp:attachment":[{"href":"https:\/\/cgsbaleares.com\/ca\/wp-json\/wp\/v2\/media?parent=26424"}],"wp:term":[{"taxonomy":"category","embeddable":true,"href":"https:\/\/cgsbaleares.com\/ca\/wp-json\/wp\/v2\/categories?post=26424"},{"taxonomy":"post_tag","embeddable":true,"href":"https:\/\/cgsbaleares.com\/ca\/wp-json\/wp\/v2\/tags?post=26424"}],"curies":[{"name":"wp","href":"https:\/\/api.w.org\/{rel}","templated":true}]}}