{"id":26745,"date":"2026-07-03T12:45:17","date_gmt":"2026-07-03T10:45:17","guid":{"rendered":"https:\/\/cgsbaleares.com\/?p=26745"},"modified":"2026-07-06T12:35:01","modified_gmt":"2026-07-06T10:35:01","slug":"la-fundacio-de-graduats-socials-posa-en-marxa-la-campanya-solidaria-omple-la-motxilla-dillusio-juntament-amb-limas","status":"publish","type":"post","link":"https:\/\/cgsbaleares.com\/ca\/la-fundacio-de-graduats-socials-posa-en-marxa-la-campanya-solidaria-omple-la-motxilla-dillusio-juntament-amb-limas\/","title":{"rendered":"La Fundaci\u00f3 de Graduats Socials posa en marxa la campanya solid\u00e0ria \u00abOmple la motxilla d&#8217;il\u00b7lusi\u00f3\u00bb juntament amb l&#8217;IMAS"},"content":{"rendered":"\n<p><\/p>\n\n\n\n<p>La Fundaci\u00f3 de Graduats Socials de les Illes Balears, en col\u00b7laboraci\u00f3 amb l&#8217;Institut Mallorqu\u00ed d&#8217;Afers Socials (IMAS) Departament de Serveis Socials, Inf\u00e0ncia i Fam\u00edlia, Centres i Programes d&#8217;Atenci\u00f3 Integral a la Inf\u00e0ncia, ha posat en marxa la campanya solid\u00e0ria \u00abOmple la motxilla d&#8217;il\u00b7lusi\u00f3\u00bb, una iniciativa de recollida de material escolar destinada a fer que cap infant de Mallorca comenci el proper curs sense el necessari.<\/p>\n\n\n\n<p>Cada mes de setembre, la tornada a escola suposa un esfor\u00e7 econ\u00f2mic important per a moltes fam\u00edlies de l&#8217;illa, que en ocasions no poden fer front a la compra del material m\u00e9s b\u00e0sic. Amb aquesta campanya, la Fundaci\u00f3 vol contribuir a fer que tots els nins i nines inici\u00efn el curs escolar en igualtat de condicions i amb la mateixa il\u00b7lusi\u00f3.<\/p>\n\n\n\n<p>Les persones que vulguin col\u00b7laborar poden fer entrega de material escolar nou \u2014motxilles, bosses, estoigs, bol\u00edgrafs, colors i botelles d&#8217;aigua\u2014 a la seu col\u00b7legial, situada al carrer Parellades, 12 A baixos, de Palma, de dilluns a divendres en horari de 8.00 a 15.00 hores. El termini per fer les donacions romandr\u00e0 obert fins al 31 d&#8217;agost de 2026.<\/p>\n\n\n\n<p>Tot el material recollit es canalitzar\u00e0 a trav\u00e9s de l&#8217;IMAS, que s&#8217;encarregar\u00e0 de fer-lo arribar als menors atesos pels seus programes de benestar social.<\/p>\n\n\n\n<p>Des de la Fundaci\u00f3 s&#8217;anima els col\u00b7legiats, els col\u00b7laboradors i la ciutadania en general a sumar-se a aquesta iniciativa solid\u00e0ria. Un gest petit pot marcar la difer\u00e8ncia en l&#8217;inici de curs de molts d&#8217;infants.<\/p>\n\n\n\n<p><\/p>\n","protected":false},"excerpt":{"rendered":"<p>La Fundaci\u00f3 de Graduats Socials de les Illes Balears, en col\u00b7laboraci\u00f3 amb l&#8217;Institut Mallorqu\u00ed d&#8217;Afers Socials (IMAS) Departament de Serveis Socials, Inf\u00e0ncia i Fam\u00edlia, Centres i Programes d&#8217;Atenci\u00f3 Integral a la Inf\u00e0ncia, ha posat en marxa la campanya solid\u00e0ria \u00abOmple la motxilla d&#8217;il\u00b7lusi\u00f3\u00bb, una iniciativa de recollida de material escolar destinada a fer que cap [&hellip;]<\/p>\n","protected":false},"author":677,"featured_media":26856,"comment_status":"closed","ping_status":"closed","sticky":true,"template":"","format":"standard","meta":{"_monsterinsights_skip_tracking":false,"footnotes":"","_members_access_role":[],"_members_access_error":""},"categories":[314],"tags":[],"class_list":["post-26745","post","type-post","status-publish","format-standard","has-post-thumbnail","hentry","category-noticies-generals"],"desde":null,"hasta":null,"texto_circular":null,"hora_envio":null,"texto_ciruclar":null,"texto-circular":null,"asunto_circular":null,"documentos":null,"lugar_del_evento":null,"texto_fechas_":null,"envio_circular":null,"enviar_newsletter":null,"fecha_envio":null,"estado_envio":null,"destinatarios":null,"demarcaciones":null,"pendiente":null,"_links":{"self":[{"href":"https:\/\/cgsbaleares.com\/ca\/wp-json\/wp\/v2\/posts\/26745","targetHints":{"allow":["GET"]}}],"collection":[{"href":"https:\/\/cgsbaleares.com\/ca\/wp-json\/wp\/v2\/posts"}],"about":[{"href":"https:\/\/cgsbaleares.com\/ca\/wp-json\/wp\/v2\/types\/post"}],"author":[{"embeddable":true,"href":"https:\/\/cgsbaleares.com\/ca\/wp-json\/wp\/v2\/users\/677"}],"replies":[{"embeddable":true,"href":"https:\/\/cgsbaleares.com\/ca\/wp-json\/wp\/v2\/comments?post=26745"}],"version-history":[{"count":3,"href":"https:\/\/cgsbaleares.com\/ca\/wp-json\/wp\/v2\/posts\/26745\/revisions"}],"predecessor-version":[{"id":26751,"href":"https:\/\/cgsbaleares.com\/ca\/wp-json\/wp\/v2\/posts\/26745\/revisions\/26751"}],"wp:featuredmedia":[{"embeddable":true,"href":"https:\/\/cgsbaleares.com\/ca\/wp-json\/wp\/v2\/media\/26856"}],"wp:attachment":[{"href":"https:\/\/cgsbaleares.com\/ca\/wp-json\/wp\/v2\/media?parent=26745"}],"wp:term":[{"taxonomy":"category","embeddable":true,"href":"https:\/\/cgsbaleares.com\/ca\/wp-json\/wp\/v2\/categories?post=26745"},{"taxonomy":"post_tag","embeddable":true,"href":"https:\/\/cgsbaleares.com\/ca\/wp-json\/wp\/v2\/tags?post=26745"}],"curies":[{"name":"wp","href":"https:\/\/api.w.org\/{rel}","templated":true}]}}